[{"id":355579,"date":"2026-04-24T08:00:51","date_gmt":"2026-04-24T08:00:51","guid":{"rendered":"https:\/\/www.fujifilm-x.com\/?post_type=story&#038;p=355579"},"modified":"2026-04-24T08:00:59","modified_gmt":"2026-04-24T08:00:59","slug":"landschaftsfotografie-mit-leidenschaft-andy-mumfords-weg-zur-perfekten-aufnahme","status":"publish","type":"story","link":"https:\/\/www.fujifilm-x.com\/de-de\/stories\/landschaftsfotografie-mit-leidenschaft-andy-mumfords-weg-zur-perfekten-aufnahme\/","title":{"rendered":"Landschaftsfotografie mit Leidenschaft: Andy Mumfords Weg zur perfekten Aufnahme"},"content":{"rendered":"\n<h2 class=\"wp-block-heading\" style=\"font-size:1.2rem;line-height:1.5\">Andy Mumford teilt seine Erfahrungen zu Ausr\u00fcstung, Technik und Bildgestaltung \u2013 und zeigt, wie du deine Fotografie durch Praxis und Experimentierfreude verbessern kannst.<\/h2>\n\n\n\n<div class=\"wp-block-columns has-spacing-medium has-no-design is-layout-flex wp-container-core-columns-is-layout-9d6595d7 wp-block-columns-is-layout-flex\">\n<div class=\"wp-block-column is-layout-flow wp-block-column-is-layout-flow\">\n<p>Andy Mumford lebt im sonnigen Lissabon, doch seine Kamera hat ihn bereits in die entlegensten Winkel der Welt gef\u00fchrt. Als erfahrener Landschafts- und Reisefotograf teilt er seine Leidenschaft auch als Dozent und in Workshops, um angehende Kreative zu inspirieren.<br><br>\u201eViele Menschen finden zur Landschaftsfotografie aus zwei Gr\u00fcnden\u201c, erkl\u00e4rt Andy. \u201eEntweder, weil sie die Fotografie und Kameras faszinierend finden, oder \u2013 wie bei mir \u2013 weil sie die Natur und das Wandern lieben.\u201c<\/p>\n<\/div>\n\n\n\n<div class=\"wp-block-column is-layout-flow wp-block-column-is-layout-flow\">\n<figure class=\"wp-block-image size-large\"><img loading=\"lazy\" decoding=\"async\" width=\"1024\" height=\"683\" src=\"https:\/\/fujifilm-x.b-cdn.net\/wp-content\/uploads\/2026\/04\/Andy-Mumford-X-Story_01-1024x683.jpg?width=1024&#038;height=683\" alt=\"\" class=\"wp-image-354177\" srcset=\"https:\/\/fujifilm-x.b-cdn.net\/wp-content\/uploads\/2026\/04\/Andy-Mumford-X-Story_01.jpg?width=1024&amp;height=683 1024w, https:\/\/fujifilm-x.b-cdn.net\/wp-content\/uploads\/2026\/04\/Andy-Mumford-X-Story_01.jpg?width=300&amp;height=200 300w, https:\/\/fujifilm-x.b-cdn.net\/wp-content\/uploads\/2026\/04\/Andy-Mumford-X-Story_01.jpg?width=768&amp;height=512 768w, https:\/\/fujifilm-x.b-cdn.net\/wp-content\/uploads\/2026\/04\/Andy-Mumford-X-Story_01.jpg?width=400&amp;height=267 400w, https:\/\/fujifilm-x.b-cdn.net\/wp-content\/uploads\/2026\/04\/Andy-Mumford-X-Story_01.jpg?width=717&amp;height=478 717w, https:\/\/fujifilm-x.b-cdn.net\/wp-content\/uploads\/2026\/04\/Andy-Mumford-X-Story_01.jpg?width=936&amp;height=624 936w\" sizes=\"auto, (max-width: 1000px) 100vw, 1000px\" data-recalc-dims=\"1\" \/><figcaption class=\"wp-element-caption\">Foto \u00a9 2019 Andy Mumford | FUJIFILM X-T3 und FUJINON XF10-24mmF4 R OIS bei 1\/125 s, Blende 9 und ISO 160<\/figcaption><\/figure>\n<\/div>\n<\/div>\n\n\n\n<p>\u201eSchon als Kind war ich oft mit meinen Eltern campen und wir sind im Peak District gewandert. Ich war immer gern drau\u00dfen. F\u00fcr mich steht das Erlebnis im Vordergrund \u2013 also das Gef\u00fchl, das ein Ort in mir ausl\u00f6st. Die Fotografie ist f\u00fcr mich eine M\u00f6glichkeit, dieses Gef\u00fchl einzufangen.\u201c<\/p>\n\n\n\n<h2 class=\"wp-block-heading\">Vom Experiment zum Erfolg<\/h2>\n\n\n\n<div class=\"wp-block-columns has-spacing-medium has-no-design is-layout-flex wp-container-core-columns-is-layout-9d6595d7 wp-block-columns-is-layout-flex\">\n<div class=\"wp-block-column is-layout-flow wp-block-column-is-layout-flow\">\n<figure class=\"wp-block-image size-large\"><img loading=\"lazy\" decoding=\"async\" width=\"768\" height=\"1024\" src=\"https:\/\/fujifilm-x.b-cdn.net\/wp-content\/uploads\/2026\/04\/Andy-Mumford-X-Story_02-768x1024.jpg?width=768&#038;height=1024\" alt=\"\" class=\"wp-image-354178\" srcset=\"https:\/\/fujifilm-x.b-cdn.net\/wp-content\/uploads\/2026\/04\/Andy-Mumford-X-Story_02.jpg?width=768&amp;height=1024 768w, https:\/\/fujifilm-x.b-cdn.net\/wp-content\/uploads\/2026\/04\/Andy-Mumford-X-Story_02.jpg?width=225&amp;height=300 225w, https:\/\/fujifilm-x.b-cdn.net\/wp-content\/uploads\/2026\/04\/Andy-Mumford-X-Story_02.jpg?width=640&amp;height=854 640w, https:\/\/fujifilm-x.b-cdn.net\/wp-content\/uploads\/2026\/04\/Andy-Mumford-X-Story_02.jpg?width=717&amp;height=956 717w\" sizes=\"auto, (max-width: 768px) 100vw, 768px\" data-recalc-dims=\"1\" \/><figcaption class=\"wp-element-caption\">Foto \u00a9 2019 Andy Mumford | FUJIFILM X-T3 und FUJINON XF10-24mmF4 R OIS bei 1\/30&nbsp;s, Blende 8 und ISO 160<\/figcaption><\/figure>\n<\/div>\n\n\n\n<div class=\"wp-block-column is-layout-flow wp-block-column-is-layout-flow\">\n<p>Andy gibt offen zu, dass seine ersten Versuche in der Landschaftsfotografie misslangen. Doch statt sich entmutigen zu lassen, packte ihn die Neugier: Was macht ein Foto besser als ein anderes?<br><br>\u201eAls Kinder hatten wir im Urlaub immer eine Filmkamera dabei\u201c, erz\u00e4hlt er. \u201eNach dem Entwickeln hie\u00df es oft: Das ist gut geworden, das nicht. Aber ich habe nie gefragt, warum. Was bedeutet es, wenn ein Foto gut oder schlecht ist? Woran liegt das? Warum ist es unscharf oder \u00fcberbelichtet?\u201c<br><br>\u201eIch wollte verstehen, warum mir manche Fotos gefielen und andere nicht. Deshalb bin ich fr\u00fch Fotografie-Communitys im Internet beigetreten. Dort habe ich schnell gelernt, worauf es bei guten Bildern ankommt, und entwickelte eine Leidenschaft daf\u00fcr, meine F\u00e4higkeiten stetig zu verbessern \u2013 sei es durch Langzeitbelichtungen, das Abpassen der goldenen Stunde oder \u00e4hnliche Techniken. Ich habe mir alles selbst beigebracht, angetrieben von meiner Liebe zur Natur.\u201c<\/p>\n<\/div>\n<\/div>\n\n\n\n<p>Diese Verbundenheit mit der Natur pr\u00e4gt Andys Fotografie: F\u00fcr ihn geht es nicht nur darum, die Landschaft zu zeigen, sondern die Atmosph\u00e4re eines Ortes einzufangen. \u201eMan fotografiert nicht einfach nur einen Ort\u201c, sagt er nachdenklich. \u201eMan versucht, das Gef\u00fchl festzuhalten, das dieser Ort in einem ausl\u00f6st. Das ist das eigentliche Ziel eines jeden Fotos, besonders in der Landschaftsfotografie.\u201c<\/p>\n\n\n\n<h2 class=\"wp-block-heading\">Magie im Bild<\/h2>\n\n\n\n<div class=\"wp-block-columns has-spacing-medium has-no-design is-layout-flex wp-container-core-columns-is-layout-9d6595d7 wp-block-columns-is-layout-flex\">\n<div class=\"wp-block-column is-layout-flow wp-block-column-is-layout-flow\">\n<figure class=\"wp-block-image size-large\"><img loading=\"lazy\" decoding=\"async\" width=\"768\" height=\"1024\" src=\"https:\/\/fujifilm-x.b-cdn.net\/wp-content\/uploads\/2026\/04\/Andy-Mumford-X-Story_03-768x1024.jpg?width=768&#038;height=1024\" alt=\"\" class=\"wp-image-354179\" srcset=\"https:\/\/fujifilm-x.b-cdn.net\/wp-content\/uploads\/2026\/04\/Andy-Mumford-X-Story_03.jpg?width=768&amp;height=1024 768w, https:\/\/fujifilm-x.b-cdn.net\/wp-content\/uploads\/2026\/04\/Andy-Mumford-X-Story_03.jpg?width=225&amp;height=300 225w, https:\/\/fujifilm-x.b-cdn.net\/wp-content\/uploads\/2026\/04\/Andy-Mumford-X-Story_03.jpg?width=640&amp;height=854 640w, https:\/\/fujifilm-x.b-cdn.net\/wp-content\/uploads\/2026\/04\/Andy-Mumford-X-Story_03.jpg?width=717&amp;height=956 717w\" sizes=\"auto, (max-width: 768px) 100vw, 768px\" data-recalc-dims=\"1\" \/><figcaption class=\"wp-element-caption\">Foto \u00a9 2020 Andy Mumford | FUJIFILM X-T3 und FUJINON XF10-24mmF4 R OIS, 25 s, Blende 9 und ISO 160<\/figcaption><\/figure>\n<\/div>\n\n\n\n<div class=\"wp-block-column is-layout-flow wp-block-column-is-layout-flow\">\n<p>\u201eIch strebe nicht nach technischer Perfektion\u201c, sagt Andy. \u201eFr\u00fcher habe ich mich oft mit \u00fcberbelichteten Lichtern oder \u00e4hnlichen Details besch\u00e4ftigt. Doch mit der Zeit lernt man, dass Unvollkommenheiten zum Bild geh\u00f6ren k\u00f6nnen.<br><br>Er f\u00e4hrt fort: \u201eWenn ich eine Szene fotografiere, in der der Himmel wenig Struktur oder Dramatik bietet \u2013 wie oft in Namibia, wo der Himmel manchmal leer wirkt \u2013, kann er schnell uninteressant wirken. In solchen F\u00e4llen \u00fcberbelichte ich bewusst, um einen weichen, fast dunstigen Effekt zu erzeugen.\u201c<br><br>W\u00e4hrend Andy gern mit technischen Aspekten experimentiert, bleibt die Bildkomposition f\u00fcr ihn unverzichtbar. \u201eDie Komposition muss harmonisch sein\u201c, betont er. \u201eEs gibt zwar viele Regeln, aber am Ende geht es darum, eine ausgewogene Szene zu schaffen. Die Elemente m\u00fcssen zueinander passen.\u201c<\/p>\n<\/div>\n<\/div>\n\n\n\n<div class=\"wp-block-columns has-spacing-medium has-no-design is-layout-flex wp-container-core-columns-is-layout-9d6595d7 wp-block-columns-is-layout-flex\">\n<div class=\"wp-block-column is-layout-flow wp-block-column-is-layout-flow\">\n<p>Ein entscheidender, wenn auch schwer fassbarer Faktor f\u00fcr ein gro\u00dfartiges Foto ist die Stimmung. \u201eDer Unterschied zwischen einem guten und einem herausragenden Foto liegt in der Stimmung\u201c, sagt Andy. \u201eDaf\u00fcr braucht es die richtigen Bedingungen \u2013 und manchmal auch ein bisschen Gl\u00fcck.\u201c<br><br>Im Laufe der Zeit hat er gelernt, mit schlechtem Wetter und flachem Licht umzugehen, um Stimmung zu entdecken oder zu erzeugen \u2013 sei es durch Unterbelichtung oder Nachbearbeitung, um den Kontrast zu verst\u00e4rken. \u201eStimmung macht aus einem guten Bild ein starkes Bild\u201c, sagt er. \u201eSie ist so wichtig, dass selbst Menschen ohne technisches Wissen oder Interesse an Fotografie sie sp\u00fcren und etwas aus dem Bild herauslesen k\u00f6nnen.\u201c<\/p>\n<\/div>\n\n\n\n<div class=\"wp-block-column is-layout-flow wp-block-column-is-layout-flow\">\n<figure class=\"wp-block-image size-large\"><img loading=\"lazy\" decoding=\"async\" width=\"683\" height=\"1024\" src=\"https:\/\/fujifilm-x.b-cdn.net\/wp-content\/uploads\/2026\/04\/Andy-Mumford-X-Story_04-683x1024.jpg?width=683&#038;height=1024\" alt=\"\" class=\"wp-image-354180\" srcset=\"https:\/\/fujifilm-x.b-cdn.net\/wp-content\/uploads\/2026\/04\/Andy-Mumford-X-Story_04.jpg?width=683&amp;height=1024 683w, https:\/\/fujifilm-x.b-cdn.net\/wp-content\/uploads\/2026\/04\/Andy-Mumford-X-Story_04.jpg?width=200&amp;height=300 200w, https:\/\/fujifilm-x.b-cdn.net\/wp-content\/uploads\/2026\/04\/Andy-Mumford-X-Story_04.jpg?width=390&amp;height=585 390w, https:\/\/fujifilm-x.b-cdn.net\/wp-content\/uploads\/2026\/04\/Andy-Mumford-X-Story_04.jpg?width=480&amp;height=720 480w\" sizes=\"auto, (max-width: 683px) 100vw, 683px\" data-recalc-dims=\"1\" \/><figcaption class=\"wp-element-caption\">Foto \u00a9 2017 Andy Mumford | FUJIFILM X-T2 und FUJINON XF10-24mmF4 R OIS bei 1\/6 s, Blende 11 und ISO 200<\/figcaption><\/figure>\n<\/div>\n<\/div>\n\n\n\n<figure class=\"wp-block-image alignwide size-full\"><img loading=\"lazy\" decoding=\"async\" width=\"1500\" height=\"1000\" src=\"https:\/\/fujifilm-x.b-cdn.net\/wp-content\/uploads\/2026\/04\/Andy-Mumford-X-Story_05.jpg?width=1500&amp;height=1000\" alt=\"\" class=\"wp-image-354181\" srcset=\"https:\/\/fujifilm-x.b-cdn.net\/wp-content\/uploads\/2026\/04\/Andy-Mumford-X-Story_05.jpg?width=1500 1500w, https:\/\/fujifilm-x.b-cdn.net\/wp-content\/uploads\/2026\/04\/Andy-Mumford-X-Story_05.jpg?width=300&amp;height=200 300w, https:\/\/fujifilm-x.b-cdn.net\/wp-content\/uploads\/2026\/04\/Andy-Mumford-X-Story_05.jpg?width=1024&amp;height=683 1024w, https:\/\/fujifilm-x.b-cdn.net\/wp-content\/uploads\/2026\/04\/Andy-Mumford-X-Story_05.jpg?width=768&amp;height=512 768w, https:\/\/fujifilm-x.b-cdn.net\/wp-content\/uploads\/2026\/04\/Andy-Mumford-X-Story_05.jpg?width=400&amp;height=267 400w, https:\/\/fujifilm-x.b-cdn.net\/wp-content\/uploads\/2026\/04\/Andy-Mumford-X-Story_05.jpg?width=1152&amp;height=768 1152w, https:\/\/fujifilm-x.b-cdn.net\/wp-content\/uploads\/2026\/04\/Andy-Mumford-X-Story_05.jpg?width=717&amp;height=478 717w, https:\/\/fujifilm-x.b-cdn.net\/wp-content\/uploads\/2026\/04\/Andy-Mumford-X-Story_05.jpg?width=936&amp;height=624 936w\" sizes=\"auto, (max-width: 1000px) 100vw, 1000px\" \/><figcaption class=\"wp-element-caption\">Foto \u00a9 2019 Andy Mumford | FUJIFILM X-T3 und FUJINON XF10-24mmF4 R OIS bei 1\/60 s, Blende 8 und ISO 160<\/figcaption><\/figure>\n\n\n\n<h2 class=\"wp-block-heading\">Spontaneit\u00e4t nutzen<\/h2>\n\n\n\n<div class=\"wp-block-columns has-spacing-medium has-no-design is-layout-flex wp-container-core-columns-is-layout-9d6595d7 wp-block-columns-is-layout-flex\">\n<div class=\"wp-block-column is-layout-flow wp-block-column-is-layout-flow\">\n<figure class=\"wp-block-image size-large\"><img loading=\"lazy\" decoding=\"async\" width=\"1024\" height=\"683\" src=\"https:\/\/fujifilm-x.b-cdn.net\/wp-content\/uploads\/2026\/04\/Andy-Mumford-X-Story_06-1024x683.jpg?width=1024&#038;height=683\" alt=\"\" class=\"wp-image-354182\" srcset=\"https:\/\/fujifilm-x.b-cdn.net\/wp-content\/uploads\/2026\/04\/Andy-Mumford-X-Story_06.jpg?width=1024&amp;height=683 1024w, https:\/\/fujifilm-x.b-cdn.net\/wp-content\/uploads\/2026\/04\/Andy-Mumford-X-Story_06.jpg?width=300&amp;height=200 300w, https:\/\/fujifilm-x.b-cdn.net\/wp-content\/uploads\/2026\/04\/Andy-Mumford-X-Story_06.jpg?width=768&amp;height=512 768w, https:\/\/fujifilm-x.b-cdn.net\/wp-content\/uploads\/2026\/04\/Andy-Mumford-X-Story_06.jpg?width=400&amp;height=267 400w, https:\/\/fujifilm-x.b-cdn.net\/wp-content\/uploads\/2026\/04\/Andy-Mumford-X-Story_06.jpg?width=717&amp;height=478 717w, https:\/\/fujifilm-x.b-cdn.net\/wp-content\/uploads\/2026\/04\/Andy-Mumford-X-Story_06.jpg?width=936&amp;height=624 936w\" sizes=\"auto, (max-width: 1000px) 100vw, 1000px\" data-recalc-dims=\"1\" \/><figcaption class=\"wp-element-caption\">Foto \u00a9 2023 Andy Mumford | FUJIFILM X-T5 und FUJINON XF70-300mmF4-5.6 R LM OIS WR bei 1\/2000 s, Blende 6,4 und ISO 640<\/figcaption><\/figure>\n<\/div>\n\n\n\n<div class=\"wp-block-column is-layout-flow wp-block-column-is-layout-flow\">\n<p>In der Landschaftsfotografie ist Planung entscheidend, sagt Andy: \u201eIch fotografiere oft mit einem Freund, der keine spontanen Aufnahmen mag. Er studiert stundenlang Wettervorhersagen und Google Earth. Er freut sich daran, zu erleben, wie alles genau so eintritt, wie er es vorausgesehen hat.\u201c<br><br>Auch Andy plant seine Arbeit sorgf\u00e4ltig, doch in der Fotografie bl\u00fcht er auf, wenn er Raum f\u00fcr das Unvorhergesehene l\u00e4sst. \u201eOft taucht ein unerwartetes Element auf. Man ahnt zwar, wie das Licht wirken wird, doch manchmal beleuchtet es einen Teil der Szene, den man nicht vorhergesehen hat. Deshalb muss man flexibel bleiben und bereit sein, sich anzupassen.\u201c<\/p>\n<\/div>\n<\/div>\n\n\n\n<p>\u201eIm Bild kann der Vordergrund oft nur wenige Meter entfernt sein, w\u00e4hrend das eigentliche Motiv kilometerweit weg liegt. Dazwischen kann viel passieren: Vielleicht bleibt der Vordergrund im Schatten, w\u00e4hrend der Hintergrund durch eine Wolkenl\u00fccke oder ein unerwartetes Ereignis pl\u00f6tzlich in hellem Licht erstrahlt.\u201c<\/p>\n\n\n\n<div class=\"wp-block-columns has-spacing-medium has-no-design is-layout-flex wp-container-core-columns-is-layout-9d6595d7 wp-block-columns-is-layout-flex\">\n<div class=\"wp-block-column is-layout-flow wp-block-column-is-layout-flow\">\n<p>\u201eIn solchen F\u00e4llen nehme ich das Weitwinkelobjektiv ab und setze stattdessen das <a href=\"https:\/\/www.fujifilm-x.com\/de-de\/products\/lenses\/xf70-300mmf4-56-r-lm-ois-wr\/\">FUJINON XF70-300mmF4-5.6 R LM OIS WR<\/a> ein. So kann ich den Vordergrund ausblenden, den Blick auf die ferne Landschaft lenken und die Komposition neu gestalten.\u201c<br><br>\u201eViele meiner Bilder entstehen nach sorgf\u00e4ltiger Planung: Wir w\u00e4hlen den Standort, warten auf das richtige Licht und machen dann die Aufnahme. Doch selbst dann geht es oft darum, einen Vordergrund zu finden, der zum Hintergrund passt. Manchmal \u00fcberrascht das Licht, und man denkt: Ja, das funktioniert.\u201c<\/p>\n<\/div>\n\n\n\n<div class=\"wp-block-column is-layout-flow wp-block-column-is-layout-flow\">\n<figure class=\"wp-block-image size-large\"><img loading=\"lazy\" decoding=\"async\" width=\"1024\" height=\"640\" src=\"https:\/\/fujifilm-x.b-cdn.net\/wp-content\/uploads\/2026\/04\/Andy-Mumford-X-Story_07-1024x640.jpg?width=1024&#038;height=640\" alt=\"\" class=\"wp-image-354183\" srcset=\"https:\/\/fujifilm-x.b-cdn.net\/wp-content\/uploads\/2026\/04\/Andy-Mumford-X-Story_07.jpg?width=1024&amp;height=640 1024w, https:\/\/fujifilm-x.b-cdn.net\/wp-content\/uploads\/2026\/04\/Andy-Mumford-X-Story_07.jpg?width=300&amp;height=188 300w, https:\/\/fujifilm-x.b-cdn.net\/wp-content\/uploads\/2026\/04\/Andy-Mumford-X-Story_07.jpg?width=768&amp;height=480 768w, https:\/\/fujifilm-x.b-cdn.net\/wp-content\/uploads\/2026\/04\/Andy-Mumford-X-Story_07.jpg?width=400&amp;height=250 400w, https:\/\/fujifilm-x.b-cdn.net\/wp-content\/uploads\/2026\/04\/Andy-Mumford-X-Story_07.jpg?width=717&amp;height=448 717w, https:\/\/fujifilm-x.b-cdn.net\/wp-content\/uploads\/2026\/04\/Andy-Mumford-X-Story_07.jpg?width=936&amp;height=585 936w\" sizes=\"auto, (max-width: 1000px) 100vw, 1000px\" data-recalc-dims=\"1\" \/><figcaption class=\"wp-element-caption\">Foto \u00a9 2023 Andy Mumford | FUJIFILM X-T5 und FUJINON XF70-300mmF4-5.6 R LM OIS WR bei 1\/15 Sek. bei F5.6 und ISO 160<\/figcaption><\/figure>\n<\/div>\n<\/div>\n\n\n\n<div class=\"wp-block-columns has-spacing-medium has-no-design is-layout-flex wp-container-core-columns-is-layout-9d6595d7 wp-block-columns-is-layout-flex\">\n<div class=\"wp-block-column is-layout-flow wp-block-column-is-layout-flow\">\n<h2 class=\"wp-block-heading\">Andys Equipment f\u00fcr unterwegs<\/h2>\n\n\n\n<p>In einem Genre, das Fotografie mit langen Wanderungen verbindet, muss Andy seine Ausr\u00fcstung so ausw\u00e4hlen, dass sie geringes Gewicht und optische Qualit\u00e4t optimal vereint<br><br>\u201eKameras und Objektive sind heute deutlich besser als vor 15 bis 20 Jahren, als ich angefangen habe\u201c, sagt er. \u201eWir k\u00f6nnen uns gl\u00fccklich sch\u00e4tzen. Die besten Objektive sind oft schwerer, daher verwende ich die <a href=\"https:\/\/www.fujifilm-x.com\/de-de\/products\/gfx-series\/\">GFX Serie<\/a> nur, wenn ich h\u00f6chste Qualit\u00e4t ben\u00f6tige. Wenn es mir um Leichtigkeit geht, greife ich zur <a href=\"https:\/\/www.fujifilm-x.com\/de-de\/products\/cameras\/x-t5\/\">FUJIFILM X-T5<\/a>. Auch die g\u00fcnstigeren Fujifilm-Objektive \u2013 nicht nur die Spitzenmodelle \u2013 erf\u00fcllen meine Anspr\u00fcche vollkommen. Meistens nehme ich nicht die sch\u00e4rfsten Festbrennweiten oder lichtst\u00e4rksten Zooms mit, sondern Objektive, die besonders leicht sind.\u201c<\/p>\n<\/div>\n\n\n\n<div class=\"wp-block-column is-layout-flow wp-block-column-is-layout-flow\">\n<figure class=\"wp-block-image size-large\"><img loading=\"lazy\" decoding=\"async\" width=\"683\" height=\"1024\" src=\"https:\/\/fujifilm-x.b-cdn.net\/wp-content\/uploads\/2026\/04\/Andy-Mumford-X-Story_08-683x1024.jpg?width=683&#038;height=1024\" alt=\"\" class=\"wp-image-354184\" srcset=\"https:\/\/fujifilm-x.b-cdn.net\/wp-content\/uploads\/2026\/04\/Andy-Mumford-X-Story_08.jpg?width=683&amp;height=1024 683w, https:\/\/fujifilm-x.b-cdn.net\/wp-content\/uploads\/2026\/04\/Andy-Mumford-X-Story_08.jpg?width=200&amp;height=300 200w, https:\/\/fujifilm-x.b-cdn.net\/wp-content\/uploads\/2026\/04\/Andy-Mumford-X-Story_08.jpg?width=390&amp;height=585 390w, https:\/\/fujifilm-x.b-cdn.net\/wp-content\/uploads\/2026\/04\/Andy-Mumford-X-Story_08.jpg?width=480&amp;height=720 480w\" sizes=\"auto, (max-width: 683px) 100vw, 683px\" data-recalc-dims=\"1\" \/><figcaption class=\"wp-element-caption\">Foto \u00a9 2023 Andy Mumford | FUJIFILM X-T5 und FUJINON XF70-300mmF4-5.6 R LM OIS WR bei 1\/40 s bei F6.4 und ISO 640<\/figcaption><\/figure>\n<\/div>\n<\/div>\n\n\n\n<div class=\"wp-block-columns has-spacing-none has-no-design is-layout-flex wp-container-core-columns-is-layout-9d6595d7 wp-block-columns-is-layout-flex\">\n<div class=\"wp-block-column is-layout-flow wp-block-column-is-layout-flow\">\n<p>\u201eEin Weitwinkelzoom habe ich immer dabei, zum Beispiel das <a href=\"https:\/\/www.fujifilm-x.com\/de-de\/products\/lenses\/xf10-24mmf4-r-ois-wr\/\">FUJINON XF10-24mmF4 R OIS WR<\/a>. Dazu nehme ich ein Telezoom mit, etwa das <a href=\"https:\/\/www.fujifilm-x.com\/de-de\/products\/lenses\/xf70-300mmf4-56-r-lm-ois-wr\/\">XF70-300mmF4-5.6 R LM OIS WR<\/a>. F\u00fcr den Bereich dazwischen verwende ich ein Standardzoom, das <a href=\"https:\/\/www.fujifilm-x.com\/de-de\/products\/lenses\/xf16-50mmf28-48-r-lm-wr\/\">FUJINON XF16-50mmF2.8-4.8 R LM WR<\/a>. Es \u00fcberzeugt durch hervorragende Leistung und wiegt nur 240 Gramm. Zusammen mit dem XF70-300mmF4-5.6, das lediglich 580 Gramm wiegt, ergibt sich eine leichte Ausr\u00fcstung mit beeindruckender Reichweite.\u201c<br><br>\u201eIch lege keinen Wert darauf, immer die sch\u00e4rfsten Objektive zu verwenden. W\u00e4re das mein Ziel, k\u00e4men Modelle wie das <a href=\"https:\/\/www.fujifilm-x.com\/de-de\/products\/lenses\/xf50-140mmf28-r-lm-ois-wr\/\">FUJINON XF50-140mmF2.8 R LM OIS WR<\/a>, das <a href=\"https:\/\/www.fujifilm-x.com\/de-de\/products\/lenses\/xf16-55mmf28-r-lm-wr-ii\/\">XF16-55mmF2.8 R LM WR II<\/a> oder das <a href=\"https:\/\/www.fujifilm-x.com\/de-de\/products\/lenses\/xf8-16mmf28-r-lm-wr\/\">XF8-16mmF2.8 R LM WR<\/a> zum Einsatz. Diese Objektive mit durchgehender Blende von F2.8 liefern au\u00dfergew\u00f6hnliche Ergebnisse, sind jedoch deutlich schwerer.<br><br>\u201eDie meisten Menschen w\u00fcrden den minimalen Unterschied in der Sch\u00e4rfe meiner Bilder kaum wahrnehmen. Vielleicht fiele er mir selbst auf, wenn ich auf die 100-Prozent-Ansicht zoome. Doch weder bei den Fine-Art-Prints, die ich verkaufe, noch bei den Bildern f\u00fcr Online-Kampagnen ist der Unterschied zu erkennen.\u201c<\/p>\n<\/div>\n\n\n\n<div class=\"wp-block-column is-layout-flow wp-block-column-is-layout-flow\">\n<figure class=\"wp-block-image size-large\"><img loading=\"lazy\" decoding=\"async\" width=\"683\" height=\"1024\" src=\"https:\/\/fujifilm-x.b-cdn.net\/wp-content\/uploads\/2026\/04\/Andy-Mumford-X-Story_09-683x1024.jpg?width=683&#038;height=1024\" alt=\"\" class=\"wp-image-354185\" srcset=\"https:\/\/fujifilm-x.b-cdn.net\/wp-content\/uploads\/2026\/04\/Andy-Mumford-X-Story_09.jpg?width=683&amp;height=1024 683w, https:\/\/fujifilm-x.b-cdn.net\/wp-content\/uploads\/2026\/04\/Andy-Mumford-X-Story_09.jpg?width=200&amp;height=300 200w, https:\/\/fujifilm-x.b-cdn.net\/wp-content\/uploads\/2026\/04\/Andy-Mumford-X-Story_09.jpg?width=390&amp;height=585 390w, https:\/\/fujifilm-x.b-cdn.net\/wp-content\/uploads\/2026\/04\/Andy-Mumford-X-Story_09.jpg?width=480&amp;height=720 480w\" sizes=\"auto, (max-width: 683px) 100vw, 683px\" data-recalc-dims=\"1\" \/><figcaption class=\"wp-element-caption\">Foto \u00a9 2019 Andy Mumford | FUJIFILM X-T3 und FUJINON XF10-24mmF4 R OIS bei 30&nbsp;s, F13 und ISO 160<\/figcaption><\/figure>\n<\/div>\n<\/div>\n\n\n\n<h2 class=\"wp-block-heading\">Tipps f\u00fcr bessere Bilder<\/h2>\n\n\n\n<div class=\"wp-block-columns has-spacing-medium has-no-design is-layout-flex wp-container-core-columns-is-layout-9d6595d7 wp-block-columns-is-layout-flex\">\n<div class=\"wp-block-column is-layout-flow wp-block-column-is-layout-flow\">\n<figure class=\"wp-block-image size-large\"><img loading=\"lazy\" decoding=\"async\" width=\"768\" height=\"1024\" src=\"https:\/\/fujifilm-x.b-cdn.net\/wp-content\/uploads\/2026\/04\/Andy-Mumford-X-Story_10-768x1024.jpg?width=768&#038;height=1024\" alt=\"\" class=\"wp-image-354186\" srcset=\"https:\/\/fujifilm-x.b-cdn.net\/wp-content\/uploads\/2026\/04\/Andy-Mumford-X-Story_10.jpg?width=768&amp;height=1024 768w, https:\/\/fujifilm-x.b-cdn.net\/wp-content\/uploads\/2026\/04\/Andy-Mumford-X-Story_10.jpg?width=225&amp;height=300 225w, https:\/\/fujifilm-x.b-cdn.net\/wp-content\/uploads\/2026\/04\/Andy-Mumford-X-Story_10.jpg?width=640&amp;height=854 640w, https:\/\/fujifilm-x.b-cdn.net\/wp-content\/uploads\/2026\/04\/Andy-Mumford-X-Story_10.jpg?width=717&amp;height=956 717w\" sizes=\"auto, (max-width: 768px) 100vw, 768px\" data-recalc-dims=\"1\" \/><figcaption class=\"wp-element-caption\">Foto \u00a9 2023 Andy Mumford | FUJIFILM X-T5 und FUJINON XF150-600mmF5.6-8 R LM OIS WR bei 1\/800 s, Blende 7.1 und ISO 1000<\/figcaption><\/figure>\n<\/div>\n\n\n\n<div class=\"wp-block-column is-layout-flow wp-block-column-is-layout-flow\">\n<p>Die richtige Ausr\u00fcstung f\u00fcr einen Auftrag ist wichtig, doch Andy betont, dass angehende Landschaftsfotografen sich zun\u00e4chst nicht darauf konzentrieren sollten. \u201eVerliere dich nicht in technischen Details\u201c, r\u00e4t er. \u201eArbeite lieber daran, besser in der Fotografie zu werden. Der Golfer Gary Player sagte einmal: ,Je mehr ich trainiere, desto mehr Gl\u00fcck habe ich.\u2018 Je \u00f6fter du hinausgehst, desto eher findest du Orte, an denen gro\u00dfartige Fotos entstehen k\u00f6nnen. Und daf\u00fcr musst du nicht weit reisen\u201c, erg\u00e4nzt Andy.<br><br>Vieles, was er gelernt hat, verdankt er Aufnahmen an der K\u00fcste bei Lissabon, nur eine gute Dreiviertelstunde von seinem Zuhause entfernt. \u201eDie meisten Menschen wohnen in der N\u00e4he irgendeiner Form von Natur. Entscheidend ist, zu Zeiten drau\u00dfen zu sein, die unbequem sind. Fr\u00fch aufzustehen, um den Sonnenaufgang zu erleben, ist anstrengend. Beim Sonnenuntergang drau\u00dfen zu bleiben, kann bedeuten, sp\u00e4t zu essen. Doch es lohnt sich, die eigene Komfortzone zu verlassen.\u201c<\/p>\n<\/div>\n<\/div>\n\n\n\n<p>Um sich zu verbessern, reicht es jedoch nicht aus, einfach nur Fotos zu machen. Die Reflexion \u00fcber die eigene Arbeit ist ein entscheidender Teil des Prozesses, erkl\u00e4rt Andy. \u201eMan muss auch kritisch hinterfragen, was kompositorisch wirkt. Mit modernen Kameras lassen sich Belichtung und Fokus leicht beherrschen. Die Komposition hingegen ist unglaublich komplex.\u201c<\/p>\n\n\n\n<p>F\u00fcr Andy ist die Komposition das Schwierigste, was man erkl\u00e4ren kann. \u201eEs ist, als wollte man jemandem vermitteln, warum eine bestimmte Abfolge von Noten eine sch\u00f6ne Melodie ergibt\u201c, sagt er. \u201eVertauscht man die Noten, klingt es falsch. Das ist etwas, das wir fast intuitiv sp\u00fcren. Warum wirken bestimmte Formen ansprechend? Warum wirkt ein einzelner Baum eindrucksvoller als f\u00fcnf B\u00e4ume? Man muss \u00fcben und seine Fotos immer wieder betrachten, um zu verstehen, was funktioniert und was nicht.\u201c<\/p>\n","protected":false},"excerpt":{"rendered":"<p>Andy Mumford teilt seine Erfahrungen zu Ausr\u00fcstung, Technik und Bildgestaltung \u2013 und zeigt, wie du deine Fotografie durch Praxis und Experimentierfreude verbessern kannst. Andy Mumford lebt im sonnigen Lissabon, doch seine Kamera hat ihn bereits in die entlegensten Winkel der Welt gef\u00fchrt. Als erfahrener Landschafts- und Reisefotograf teilt er seine Leidenschaft auch als Dozent und [&hellip;]<\/p>\n","protected":false},"author":128,"featured_media":354187,"template":"","category":[2084,1006,1202,1055,3211,320,3162,1986,565,7180,8503,9140,9238,9189,3358],"post_tag":[],"class_list":["post-355579","story","type-story","status-publish","has-post-thumbnail","hentry","category-be-inspired","category-cameras","category-category","category-lenses","category-x-series-mirrorless","category-products","category-x-mount","category-x-series","category-stories","category-x-t5","category-xf10-24mmf4-r-ois","category-xf10-24mmf4-r-ois-wr","category-xf150-600mmf5-6-8-r-lm-ois-wr","category-xf70-300mmf4-5-6-r-lm-ois-wr","category-zoom"],"pp_statuses_selecting_workflow":false,"pp_workflow_action":"current","pp_status_selection":"publish","acf":[],"publishpress_future_action":{"enabled":false,"date":"2026-05-08 18:52:05","action":"change-status","newStatus":"draft","terms":[],"taxonomy":"category","extraData":[]},"publishpress_future_workflow_manual_trigger":{"enabledWorkflows":[]},"_links":{"self":[{"href":"https:\/\/www.fujifilm-x.com\/de-de\/wp-json\/wp\/v2\/story\/355579","targetHints":{"allow":["GET"]}}],"collection":[{"href":"https:\/\/www.fujifilm-x.com\/de-de\/wp-json\/wp\/v2\/story"}],"about":[{"href":"https:\/\/www.fujifilm-x.com\/de-de\/wp-json\/wp\/v2\/types\/story"}],"author":[{"embeddable":true,"href":"https:\/\/www.fujifilm-x.com\/de-de\/wp-json\/wp\/v2\/users\/128"}],"wp:featuredmedia":[{"embeddable":true,"href":"https:\/\/www.fujifilm-x.com\/de-de\/wp-json\/wp\/v2\/media\/354187"}],"wp:attachment":[{"href":"https:\/\/www.fujifilm-x.com\/de-de\/wp-json\/wp\/v2\/media?parent=355579"}],"wp:term":[{"taxonomy":"category","embeddable":true,"href":"https:\/\/www.fujifilm-x.com\/de-de\/wp-json\/wp\/v2\/category?post=355579"},{"taxonomy":"post_tag","embeddable":true,"href":"https:\/\/www.fujifilm-x.com\/de-de\/wp-json\/wp\/v2\/post_tag?post=355579"}],"curies":[{"name":"wp","href":"https:\/\/api.w.org\/{rel}","templated":true}]}},{"id":355845,"date":"2026-04-24T00:55:50","date_gmt":"2026-04-24T00:55:50","guid":{"rendered":"https:\/\/www.fujifilm-x.com\/?post_type=story&#038;p=355845"},"modified":"2026-04-24T00:56:00","modified_gmt":"2026-04-24T00:56:00","slug":"x-e5-x-teerapong-petmartsri","status":"publish","type":"story","link":"https:\/\/www.fujifilm-x.com\/de-de\/stories\/x-e5-x-teerapong-petmartsri\/","title":{"rendered":"X-E5 x Teerapong Petmartsri"},"content":{"rendered":"\n<div class=\"wp-block-columns has-spacing-medium has-no-design is-layout-flex wp-container-core-columns-is-layout-9d6595d7 wp-block-columns-is-layout-flex\">\n<div class=\"wp-block-column is-layout-flow wp-block-column-is-layout-flow\">\n<h3 class=\"wp-block-heading\">Wie die FUJIFILM X-E5 meine Leidenschaft f\u00fcr die Fotografie neu entfachte\u00a0<\/h3>\n\n\n\n<p>Hallo, ich bin Oat Teerapong. Vielleicht kennen Sie meine Fotografie-Seite \u201eWe Die, Photos Remain\u201c (\u201eWir sterben, Fotos bleiben\u201c). Der Name l\u00f6st oft Fragen aus, doch er ist w\u00f6rtlich gemeint: Wenn wir nicht mehr da sind, bleiben die Fotos \u2013 und mit ihnen die Momente, die wir festgehalten haben. <\/p>\n<\/div>\n\n\n\n<div class=\"wp-block-column is-layout-flow wp-block-column-is-layout-flow\">\n<div><div class=\"block-video-player\"><div class=\"max-w-[800px] m-auto w-full relative fade-up-parallax\"><div class=\"block-video-player__splash-img aspect-w-16 aspect-h-9 js-btn--modal-youtube\" data-id=\"ih7VVxaSCiw\"><img decoding=\"async\" src=\"https:\/\/fujifilm-x.b-cdn.net\/wp-content\/uploads\/2025\/08\/X-E5_Teerapong-Petmartsri_7-1.jpg\" alt=\"X-E5_Teerapong Petmartsri_7\" loading=\"lazy\" data-recalc-dims=\"1\"\/><span class=\"play-button \"><\/span><\/div><\/div><div class=\"modal modal--youtube hidden\" data-id=\"ih7VVxaSCiw\"><div class=\"modal__content relative\"><button class=\"btn-modal-close\" data-id=\"ih7VVxaSCiw\"><span><\/span><span><\/span><\/button><figure class=\"wp-block-embed is-type-video is-provider-youtube wp-block-embed-youtube wp-embed-aspect-16-9 wp-has-aspect-ratio\"><div class=\"wp-block-embed__wrapper\"><div id=\"player-ih7VVxaSCiw\" data-id=\"ih7VVxaSCiw\" class=\"youtube-iframe\"><\/div><\/div><\/figure><\/div><\/div><\/div><\/div>\n<\/div>\n<\/div>\n\n\n\n<div class=\"wp-block-columns has-spacing-medium has-no-design is-layout-flex wp-container-core-columns-is-layout-9d6595d7 wp-block-columns-is-layout-flex\">\n<div class=\"wp-block-column is-layout-flow wp-block-column-is-layout-flow\">\n<figure class=\"wp-block-image size-large\"><img loading=\"lazy\" decoding=\"async\" width=\"1024\" height=\"683\" src=\"https:\/\/fujifilm-x.b-cdn.net\/wp-content\/uploads\/2025\/08\/X-E5_Teerapong-Petmartsri_1.jpg?width=1024&#038;height=683\" alt=\"\" class=\"wp-image-281821\" srcset=\"https:\/\/fujifilm-x.b-cdn.net\/wp-content\/uploads\/2025\/08\/X-E5_Teerapong-Petmartsri_1.jpg?width=1024&amp;height=683 1024w, https:\/\/fujifilm-x.b-cdn.net\/wp-content\/uploads\/2025\/08\/X-E5_Teerapong-Petmartsri_1.jpg?width=300&amp;height=200 300w, https:\/\/fujifilm-x.b-cdn.net\/wp-content\/uploads\/2025\/08\/X-E5_Teerapong-Petmartsri_1.jpg?width=768&amp;height=512 768w, https:\/\/fujifilm-x.b-cdn.net\/wp-content\/uploads\/2025\/08\/X-E5_Teerapong-Petmartsri_1.jpg?width=400&amp;height=267 400w, https:\/\/fujifilm-x.b-cdn.net\/wp-content\/uploads\/2025\/08\/X-E5_Teerapong-Petmartsri_1.jpg?width=365&amp;height=243 365w, https:\/\/fujifilm-x.b-cdn.net\/wp-content\/uploads\/2025\/08\/X-E5_Teerapong-Petmartsri_1.jpg?width=600&amp;height=400 600w, https:\/\/fujifilm-x.b-cdn.net\/wp-content\/uploads\/2025\/08\/X-E5_Teerapong-Petmartsri_1.jpg?width=717&amp;height=478 717w, https:\/\/fujifilm-x.b-cdn.net\/wp-content\/uploads\/2025\/08\/X-E5_Teerapong-Petmartsri_1.jpg?width=936&amp;height=624 936w\" sizes=\"auto, (max-width: 1000px) 100vw, 1000px\" data-recalc-dims=\"1\" \/><figcaption class=\"wp-element-caption\">Foto 2025 \u00a9 Teerapong Petmartsri | FUJIFILM X-E5 und FUJINON XF23mmF2 R WR, 1\/500 Sek. bei F8, ISO 125<\/figcaption><\/figure>\n<\/div>\n\n\n\n<div class=\"wp-block-column is-layout-flow wp-block-column-is-layout-flow\">\n<p>F\u00fcr mich bedeutet Fotografie, Erinnerungen zu bewahren und die Freude einzufangen, die ich an den Orten sp\u00fcre, die ich besuche. Es geht darum, Gl\u00fcck in Bildern festzuhalten. Diese \u00dcberzeugung f\u00fchrte mich zu Fujifilm \u2013 und zur X100VI.<br><br>Schon beim ersten Kontakt mit der X100VI war mir klar: Hier ist etwas Besonderes. Sie bot das unverwechselbare FUJIFILM-Feeling und die Farben, nach denen ich gesucht hatte \u2013 perfekt, um die Essenz meiner Reisen einzufangen. Doch ein Problem blieb: das fest verbaute Objektiv. So sehr ich die Ergebnisse sch\u00e4tzte, fehlte mir oft die Flexibilit\u00e4t, Perspektiven zu wechseln und die Vielfalt der Szenen besser einzufangen. Immer wieder dachte ich: Wenn es doch nur eine Kamera wie diese g\u00e4be, aber mit Wechselobjektiven!<\/p>\n<\/div>\n<\/div>\n\n\n\n<figure class=\"wp-block-image size-large\"><img loading=\"lazy\" decoding=\"async\" width=\"1024\" height=\"683\" src=\"https:\/\/fujifilm-x.b-cdn.net\/wp-content\/uploads\/2025\/08\/X-E5_Teerapong-Petmartsri_2.jpg?width=1024&#038;height=683\" alt=\"\" class=\"wp-image-281823\" srcset=\"https:\/\/fujifilm-x.b-cdn.net\/wp-content\/uploads\/2025\/08\/X-E5_Teerapong-Petmartsri_2.jpg?width=1024&amp;height=683 1024w, https:\/\/fujifilm-x.b-cdn.net\/wp-content\/uploads\/2025\/08\/X-E5_Teerapong-Petmartsri_2.jpg?width=300&amp;height=200 300w, https:\/\/fujifilm-x.b-cdn.net\/wp-content\/uploads\/2025\/08\/X-E5_Teerapong-Petmartsri_2.jpg?width=768&amp;height=512 768w, https:\/\/fujifilm-x.b-cdn.net\/wp-content\/uploads\/2025\/08\/X-E5_Teerapong-Petmartsri_2.jpg?width=400&amp;height=267 400w, https:\/\/fujifilm-x.b-cdn.net\/wp-content\/uploads\/2025\/08\/X-E5_Teerapong-Petmartsri_2.jpg?width=365&amp;height=243 365w, https:\/\/fujifilm-x.b-cdn.net\/wp-content\/uploads\/2025\/08\/X-E5_Teerapong-Petmartsri_2.jpg?width=600&amp;height=400 600w, https:\/\/fujifilm-x.b-cdn.net\/wp-content\/uploads\/2025\/08\/X-E5_Teerapong-Petmartsri_2.jpg?width=717&amp;height=478 717w, https:\/\/fujifilm-x.b-cdn.net\/wp-content\/uploads\/2025\/08\/X-E5_Teerapong-Petmartsri_2.jpg?width=936&amp;height=624 936w\" sizes=\"auto, (max-width: 1000px) 100vw, 1000px\" data-recalc-dims=\"1\" \/><\/figure>\n\n\n\n<div class=\"wp-block-columns has-spacing-medium has-no-design is-layout-flex wp-container-core-columns-is-layout-9d6595d7 wp-block-columns-is-layout-flex\">\n<div class=\"wp-block-column is-layout-flow wp-block-column-is-layout-flow\">\n<p>Diese Kamera wurde f\u00fcr mich die FUJIFILM X-E5. Sie vereint alles, was ich an der X100VI liebe \u2013 das Design, die Haptik, die Bildqualit\u00e4t \u2013, und f\u00fcgt die Vielseitigkeit einer Systemkamera mit Wechselobjektiven hinzu, die mir gefehlt hatte. Das schlichte, klassische Fujifilm-Design begeisterte mich sofort.<br><br>Um die X-E5 auf die Probe zu stellen, nahm ich sie mit auf eine Reise durch Okinawa, Japan. Mein Ziel: die Natur der Insel einzufangen, abseits der typischen Stadtansichten oder saisonalen Farben. Die Route f\u00fchrte mich von S\u00fcden nach Norden, sogar zu abgelegenen Orten, die nur zu Fu\u00df erreichbar waren. Das Wetter war typisch okinawanisch \u2013 unberechenbar. Von sechs Tagen hatten wir nur zwei mit klarem Himmel, der Rest war verregnet.<\/p>\n<\/div>\n\n\n\n<div class=\"wp-block-column is-layout-flow wp-block-column-is-layout-flow\">\n<figure class=\"wp-block-image size-large\"><img loading=\"lazy\" decoding=\"async\" width=\"1024\" height=\"683\" src=\"https:\/\/fujifilm-x.b-cdn.net\/wp-content\/uploads\/2025\/08\/X-E5_Teerapong-Petmartsri_3.jpg?width=1024&#038;height=683\" alt=\"\" class=\"wp-image-281825\" srcset=\"https:\/\/fujifilm-x.b-cdn.net\/wp-content\/uploads\/2025\/08\/X-E5_Teerapong-Petmartsri_3.jpg?width=1024&amp;height=683 1024w, https:\/\/fujifilm-x.b-cdn.net\/wp-content\/uploads\/2025\/08\/X-E5_Teerapong-Petmartsri_3.jpg?width=300&amp;height=200 300w, https:\/\/fujifilm-x.b-cdn.net\/wp-content\/uploads\/2025\/08\/X-E5_Teerapong-Petmartsri_3.jpg?width=768&amp;height=512 768w, https:\/\/fujifilm-x.b-cdn.net\/wp-content\/uploads\/2025\/08\/X-E5_Teerapong-Petmartsri_3.jpg?width=400&amp;height=267 400w, https:\/\/fujifilm-x.b-cdn.net\/wp-content\/uploads\/2025\/08\/X-E5_Teerapong-Petmartsri_3.jpg?width=365&amp;height=243 365w, https:\/\/fujifilm-x.b-cdn.net\/wp-content\/uploads\/2025\/08\/X-E5_Teerapong-Petmartsri_3.jpg?width=600&amp;height=400 600w, https:\/\/fujifilm-x.b-cdn.net\/wp-content\/uploads\/2025\/08\/X-E5_Teerapong-Petmartsri_3.jpg?width=717&amp;height=478 717w, https:\/\/fujifilm-x.b-cdn.net\/wp-content\/uploads\/2025\/08\/X-E5_Teerapong-Petmartsri_3.jpg?width=936&amp;height=624 936w\" sizes=\"auto, (max-width: 1000px) 100vw, 1000px\" data-recalc-dims=\"1\" \/><\/figure>\n<\/div>\n<\/div>\n\n\n\n<p>Diese anspruchsvollen Bedingungen waren der perfekte Test \u2013 und die X-E5 \u00fcberzeugte mich sofort. Ihre Leichtigkeit und kompakte Bauweise machten den Transport m\u00fchelos. Beim Wandern zu abgelegenen Orten will man keine schwere Ausr\u00fcstung schleppen. Die X-E5 erm\u00f6glichte es mir, mich ganz auf die Motive zu konzentrieren, statt unter der Last der Technik zu leiden.<\/p>\n\n\n\n<div class=\"wp-block-columns has-spacing-medium has-no-design is-layout-flex wp-container-core-columns-is-layout-9d6595d7 wp-block-columns-is-layout-flex\">\n<div class=\"wp-block-column is-layout-flow wp-block-column-is-layout-flow\">\n<figure class=\"wp-block-image size-large\"><img loading=\"lazy\" decoding=\"async\" width=\"1024\" height=\"683\" src=\"https:\/\/fujifilm-x.b-cdn.net\/wp-content\/uploads\/2025\/08\/X-E5_Teerapong-Petmartsri_4-1.jpg?width=1024&#038;height=683\" alt=\"\" class=\"wp-image-281826\" srcset=\"https:\/\/fujifilm-x.b-cdn.net\/wp-content\/uploads\/2025\/08\/X-E5_Teerapong-Petmartsri_4-1.jpg?width=1024&amp;height=683 1024w, https:\/\/fujifilm-x.b-cdn.net\/wp-content\/uploads\/2025\/08\/X-E5_Teerapong-Petmartsri_4-1.jpg?width=300&amp;height=200 300w, https:\/\/fujifilm-x.b-cdn.net\/wp-content\/uploads\/2025\/08\/X-E5_Teerapong-Petmartsri_4-1.jpg?width=768&amp;height=512 768w, https:\/\/fujifilm-x.b-cdn.net\/wp-content\/uploads\/2025\/08\/X-E5_Teerapong-Petmartsri_4-1.jpg?width=400&amp;height=267 400w, https:\/\/fujifilm-x.b-cdn.net\/wp-content\/uploads\/2025\/08\/X-E5_Teerapong-Petmartsri_4-1.jpg?width=365&amp;height=243 365w, https:\/\/fujifilm-x.b-cdn.net\/wp-content\/uploads\/2025\/08\/X-E5_Teerapong-Petmartsri_4-1.jpg?width=600&amp;height=400 600w, https:\/\/fujifilm-x.b-cdn.net\/wp-content\/uploads\/2025\/08\/X-E5_Teerapong-Petmartsri_4-1.jpg?width=717&amp;height=478 717w, https:\/\/fujifilm-x.b-cdn.net\/wp-content\/uploads\/2025\/08\/X-E5_Teerapong-Petmartsri_4-1.jpg?width=936&amp;height=624 936w\" sizes=\"auto, (max-width: 1000px) 100vw, 1000px\" data-recalc-dims=\"1\" \/><\/figure>\n<\/div>\n\n\n\n<div class=\"wp-block-column is-layout-flow wp-block-column-is-layout-flow\">\n<figure class=\"wp-block-image size-large\"><img loading=\"lazy\" decoding=\"async\" width=\"1024\" height=\"683\" src=\"https:\/\/fujifilm-x.b-cdn.net\/wp-content\/uploads\/2025\/08\/X-E5_Teerapong-Petmartsri_5.jpg?width=1024&#038;height=683\" alt=\"\" class=\"wp-image-281827\" srcset=\"https:\/\/fujifilm-x.b-cdn.net\/wp-content\/uploads\/2025\/08\/X-E5_Teerapong-Petmartsri_5.jpg?width=1024&amp;height=683 1024w, https:\/\/fujifilm-x.b-cdn.net\/wp-content\/uploads\/2025\/08\/X-E5_Teerapong-Petmartsri_5.jpg?width=300&amp;height=200 300w, https:\/\/fujifilm-x.b-cdn.net\/wp-content\/uploads\/2025\/08\/X-E5_Teerapong-Petmartsri_5.jpg?width=768&amp;height=512 768w, https:\/\/fujifilm-x.b-cdn.net\/wp-content\/uploads\/2025\/08\/X-E5_Teerapong-Petmartsri_5.jpg?width=400&amp;height=267 400w, https:\/\/fujifilm-x.b-cdn.net\/wp-content\/uploads\/2025\/08\/X-E5_Teerapong-Petmartsri_5.jpg?width=365&amp;height=243 365w, https:\/\/fujifilm-x.b-cdn.net\/wp-content\/uploads\/2025\/08\/X-E5_Teerapong-Petmartsri_5.jpg?width=600&amp;height=400 600w, https:\/\/fujifilm-x.b-cdn.net\/wp-content\/uploads\/2025\/08\/X-E5_Teerapong-Petmartsri_5.jpg?width=717&amp;height=478 717w, https:\/\/fujifilm-x.b-cdn.net\/wp-content\/uploads\/2025\/08\/X-E5_Teerapong-Petmartsri_5.jpg?width=936&amp;height=624 936w\" sizes=\"auto, (max-width: 1000px) 100vw, 1000px\" data-recalc-dims=\"1\" \/><\/figure>\n<\/div>\n<\/div>\n\n\n\n<p>Der eigentliche Gamechanger war f\u00fcr mich die M\u00f6glichkeit, Objektive zu wechseln. Und sie hielt, was sie versprach. Auf dieser Reise hatte ich so viel Freude am Fotografieren wie lange nicht mehr. Ich hatte mehrere Objektive dabei: ein 16-mm-Weitwinkel, ein 35-mm-Standardobjektiv, ein 56-mm-Portr\u00e4tobjektiv und sogar ein 50-140-mm-Telezoom. Der Wechsel zwischen ihnen er\u00f6ffnete mir g\u00e4nzlich neue kreative M\u00f6glichkeiten. Mit dem Weitwinkel fing ich weite Landschaften ein, mit dem Teleobjektiv holte ich Details heran. Diese Flexibilit\u00e4t war befreiend und ideal f\u00fcr meine Landschaftsfotografie.<\/p>\n\n\n\n<p>Ein besonderes Highlight sind f\u00fcr mich die Filmsimulationen. Nach kurzem Experimentieren fand ich meinen Favoriten: CLASSIC Neg. Die Farbt\u00f6ne und der Kontrast passen perfekt zu meinem Stil. Besonders sch\u00e4tze ich, dass viele Aufnahmen mit CLASSIC Neg. kaum Nachbearbeitung ben\u00f6tigten. Die Kamera lieferte direkt Bilder, die mir gefielen \u2013 das sparte Zeit und erm\u00f6glichte es mir, mehr zu fotografieren und den Ort intensiver zu erleben. Genau das ist f\u00fcr mich der Kern der Fotografie.<\/p>\n\n\n\n<p>Neben der Bildqualit\u00e4t \u00fcberzeugt die X-E5 durch ihre Handhabung. Der neue, gr\u00f6\u00dfere Griff bietet besseren Halt und erleichtert lange Fototage sp\u00fcrbar. Und nicht zu vergessen: Das Design ist einfach gro\u00dfartig. Die Kamera ist nicht nur technisch herausragend, sondern sieht auch fantastisch aus \u2013 sie eignet sich sogar als Fotorequisite!<\/p>\n\n\n\n<div class=\"wp-block-columns has-spacing-medium has-no-design is-layout-flex wp-container-core-columns-is-layout-9d6595d7 wp-block-columns-is-layout-flex\">\n<div class=\"wp-block-column is-layout-flow wp-block-column-is-layout-flow\">\n<p>Nach meinem ausgiebigen Test auf Okinawa bin ich begeistert. Die X-E5 liefert die Bildqualit\u00e4t, die Stimmung und die Farbt\u00f6ne, die ich an Fujifilm sch\u00e4tze \u2013 kombiniert mit der Flexibilit\u00e4t von Wechselobjektiven, und das in einem handlichen, komfortablen Geh\u00e4use.<br><br>Sie half mir nicht nur, die gew\u00fcnschten Fotos zu machen, sondern machte den gesamten Prozess wieder zu einem Vergn\u00fcgen.<\/p>\n<\/div>\n\n\n\n<div class=\"wp-block-column is-layout-flow wp-block-column-is-layout-flow\">\n<figure class=\"wp-block-image size-large\"><img loading=\"lazy\" decoding=\"async\" width=\"1024\" height=\"683\" src=\"https:\/\/fujifilm-x.b-cdn.net\/wp-content\/uploads\/2025\/08\/X-E5_Teerapong-Petmartsri_6.jpg?width=1024&#038;height=683\" alt=\"\" class=\"wp-image-281828\" srcset=\"https:\/\/fujifilm-x.b-cdn.net\/wp-content\/uploads\/2025\/08\/X-E5_Teerapong-Petmartsri_6.jpg?width=1024&amp;height=683 1024w, https:\/\/fujifilm-x.b-cdn.net\/wp-content\/uploads\/2025\/08\/X-E5_Teerapong-Petmartsri_6.jpg?width=300&amp;height=200 300w, https:\/\/fujifilm-x.b-cdn.net\/wp-content\/uploads\/2025\/08\/X-E5_Teerapong-Petmartsri_6.jpg?width=768&amp;height=512 768w, https:\/\/fujifilm-x.b-cdn.net\/wp-content\/uploads\/2025\/08\/X-E5_Teerapong-Petmartsri_6.jpg?width=400&amp;height=267 400w, https:\/\/fujifilm-x.b-cdn.net\/wp-content\/uploads\/2025\/08\/X-E5_Teerapong-Petmartsri_6.jpg?width=365&amp;height=243 365w, https:\/\/fujifilm-x.b-cdn.net\/wp-content\/uploads\/2025\/08\/X-E5_Teerapong-Petmartsri_6.jpg?width=600&amp;height=400 600w, https:\/\/fujifilm-x.b-cdn.net\/wp-content\/uploads\/2025\/08\/X-E5_Teerapong-Petmartsri_6.jpg?width=717&amp;height=478 717w, https:\/\/fujifilm-x.b-cdn.net\/wp-content\/uploads\/2025\/08\/X-E5_Teerapong-Petmartsri_6.jpg?width=936&amp;height=624 936w\" sizes=\"auto, (max-width: 1000px) 100vw, 1000px\" data-recalc-dims=\"1\" \/><\/figure>\n<\/div>\n<\/div>\n\n\n\n<p>Suchen Sie etwas \u00c4hnliches? Dann probieren Sie sie aus! F\u00fcr mich ist die X-E5 das perfekte Werkzeug, um fl\u00fcchtige Gl\u00fccksmomente einzufangen und in Fotos lebendig zu bewahren.<\/p>\n\n\n\n<div class=\"wp-block-columns has-spacing-medium has-no-design is-layout-flex wp-container-core-columns-is-layout-9d6595d7 wp-block-columns-is-layout-flex\">\n<div class=\"wp-block-column is-layout-flow wp-block-column-is-layout-flow\">\n<figure class=\"wp-block-image size-large\"><img loading=\"lazy\" decoding=\"async\" width=\"1024\" height=\"683\" src=\"https:\/\/fujifilm-x.b-cdn.net\/wp-content\/uploads\/2025\/08\/X-E5_Teerapong-Petmartsri_8.jpg?width=1024&#038;height=683\" alt=\"\" class=\"wp-image-281830\" srcset=\"https:\/\/fujifilm-x.b-cdn.net\/wp-content\/uploads\/2025\/08\/X-E5_Teerapong-Petmartsri_8.jpg?width=1024&amp;height=683 1024w, https:\/\/fujifilm-x.b-cdn.net\/wp-content\/uploads\/2025\/08\/X-E5_Teerapong-Petmartsri_8.jpg?width=300&amp;height=200 300w, https:\/\/fujifilm-x.b-cdn.net\/wp-content\/uploads\/2025\/08\/X-E5_Teerapong-Petmartsri_8.jpg?width=768&amp;height=512 768w, https:\/\/fujifilm-x.b-cdn.net\/wp-content\/uploads\/2025\/08\/X-E5_Teerapong-Petmartsri_8.jpg?width=400&amp;height=267 400w, https:\/\/fujifilm-x.b-cdn.net\/wp-content\/uploads\/2025\/08\/X-E5_Teerapong-Petmartsri_8.jpg?width=365&amp;height=243 365w, https:\/\/fujifilm-x.b-cdn.net\/wp-content\/uploads\/2025\/08\/X-E5_Teerapong-Petmartsri_8.jpg?width=600&amp;height=400 600w, https:\/\/fujifilm-x.b-cdn.net\/wp-content\/uploads\/2025\/08\/X-E5_Teerapong-Petmartsri_8.jpg?width=717&amp;height=478 717w, https:\/\/fujifilm-x.b-cdn.net\/wp-content\/uploads\/2025\/08\/X-E5_Teerapong-Petmartsri_8.jpg?width=936&amp;height=624 936w\" sizes=\"auto, (max-width: 1000px) 100vw, 1000px\" data-recalc-dims=\"1\" \/><\/figure>\n<\/div>\n\n\n\n<div class=\"wp-block-column is-layout-flow wp-block-column-is-layout-flow\">\n<figure class=\"wp-block-image size-large\"><img loading=\"lazy\" decoding=\"async\" width=\"1024\" height=\"683\" src=\"https:\/\/fujifilm-x.b-cdn.net\/wp-content\/uploads\/2025\/08\/X-E5_Teerapong-Petmartsri_7.jpg?width=1024&#038;height=683\" alt=\"\" class=\"wp-image-281829\" srcset=\"https:\/\/fujifilm-x.b-cdn.net\/wp-content\/uploads\/2025\/08\/X-E5_Teerapong-Petmartsri_7.jpg?width=1024&amp;height=683 1024w, https:\/\/fujifilm-x.b-cdn.net\/wp-content\/uploads\/2025\/08\/X-E5_Teerapong-Petmartsri_7.jpg?width=300&amp;height=200 300w, https:\/\/fujifilm-x.b-cdn.net\/wp-content\/uploads\/2025\/08\/X-E5_Teerapong-Petmartsri_7.jpg?width=768&amp;height=512 768w, https:\/\/fujifilm-x.b-cdn.net\/wp-content\/uploads\/2025\/08\/X-E5_Teerapong-Petmartsri_7.jpg?width=400&amp;height=267 400w, https:\/\/fujifilm-x.b-cdn.net\/wp-content\/uploads\/2025\/08\/X-E5_Teerapong-Petmartsri_7.jpg?width=365&amp;height=243 365w, https:\/\/fujifilm-x.b-cdn.net\/wp-content\/uploads\/2025\/08\/X-E5_Teerapong-Petmartsri_7.jpg?width=600&amp;height=400 600w, https:\/\/fujifilm-x.b-cdn.net\/wp-content\/uploads\/2025\/08\/X-E5_Teerapong-Petmartsri_7.jpg?width=717&amp;height=478 717w, https:\/\/fujifilm-x.b-cdn.net\/wp-content\/uploads\/2025\/08\/X-E5_Teerapong-Petmartsri_7.jpg?width=936&amp;height=624 936w\" sizes=\"auto, (max-width: 1000px) 100vw, 1000px\" data-recalc-dims=\"1\" \/><\/figure>\n<\/div>\n<\/div>\n","protected":false},"excerpt":{"rendered":"<p>Wie die FUJIFILM X-E5 meine Leidenschaft f\u00fcr die Fotografie neu entfachte\u00a0 Hallo, ich bin Oat Teerapong. Vielleicht kennen Sie meine Fotografie-Seite \u201eWe Die, Photos Remain\u201c (\u201eWir sterben, Fotos bleiben\u201c). Der Name l\u00f6st oft Fragen aus, doch er ist w\u00f6rtlich gemeint: Wenn wir nicht mehr da sind, bleiben die Fotos \u2013 und mit ihnen die Momente, [&hellip;]<\/p>\n","protected":false},"author":128,"featured_media":281821,"template":"","category":[2084,1006,1202,3211,320,1986,565,13898],"post_tag":[],"class_list":["post-355845","story","type-story","status-publish","has-post-thumbnail","hentry","category-be-inspired","category-cameras","category-category","category-x-series-mirrorless","category-products","category-x-series","category-stories","category-x-e5"],"pp_statuses_selecting_workflow":false,"pp_workflow_action":"current","pp_status_selection":"publish","acf":[],"publishpress_future_action":{"enabled":false,"date":"2026-05-08 18:52:05","action":"change-status","newStatus":"draft","terms":[],"taxonomy":"category","extraData":[]},"publishpress_future_workflow_manual_trigger":{"enabledWorkflows":[]},"_links":{"self":[{"href":"https:\/\/www.fujifilm-x.com\/de-de\/wp-json\/wp\/v2\/story\/355845","targetHints":{"allow":["GET"]}}],"collection":[{"href":"https:\/\/www.fujifilm-x.com\/de-de\/wp-json\/wp\/v2\/story"}],"about":[{"href":"https:\/\/www.fujifilm-x.com\/de-de\/wp-json\/wp\/v2\/types\/story"}],"author":[{"embeddable":true,"href":"https:\/\/www.fujifilm-x.com\/de-de\/wp-json\/wp\/v2\/users\/128"}],"wp:featuredmedia":[{"embeddable":true,"href":"https:\/\/www.fujifilm-x.com\/de-de\/wp-json\/wp\/v2\/media\/281821"}],"wp:attachment":[{"href":"https:\/\/www.fujifilm-x.com\/de-de\/wp-json\/wp\/v2\/media?parent=355845"}],"wp:term":[{"taxonomy":"category","embeddable":true,"href":"https:\/\/www.fujifilm-x.com\/de-de\/wp-json\/wp\/v2\/category?post=355845"},{"taxonomy":"post_tag","embeddable":true,"href":"https:\/\/www.fujifilm-x.com\/de-de\/wp-json\/wp\/v2\/post_tag?post=355845"}],"curies":[{"name":"wp","href":"https:\/\/api.w.org\/{rel}","templated":true}]}},{"id":355877,"date":"2026-04-24T00:53:56","date_gmt":"2026-04-24T00:53:56","guid":{"rendered":"https:\/\/www.fujifilm-x.com\/?post_type=story&#038;p=355877"},"modified":"2026-04-24T00:54:02","modified_gmt":"2026-04-24T00:54:02","slug":"x-e5-x-derrick-ong","status":"publish","type":"story","link":"https:\/\/www.fujifilm-x.com\/de-de\/stories\/x-e5-x-derrick-ong\/","title":{"rendered":"X-E5 x Derrick Ong"},"content":{"rendered":"\n<div class=\"wp-block-columns has-spacing-medium has-no-design is-layout-flex wp-container-core-columns-is-layout-9d6595d7 wp-block-columns-is-layout-flex\">\n<div class=\"wp-block-column is-layout-flow wp-block-column-is-layout-flow\">\n<p>Vor einigen Jahren hatte ich Gelegenheit, f\u00fcr ein Fotoprojekt in Shanghai zu arbeiten \u2013 eine Erfahrung, die mich bis heute pr\u00e4gt. Die Stadt, mit ihrer reichen Geschichte und modernen Dynamik, ist wie eine visuelle Symphonie, die mich nicht losl\u00e4sst. Shanghai vereint Tradition und Moderne zu einem neu interpretierten Klassiker: Hier wird die Vergangenheit bewahrt und gleichzeitig frisch und zeitgem\u00e4\u00df neu erfunden. Gerade diese Verschmelzung von Alt und Neu macht die Stadt f\u00fcr Fotografen so faszinierend.<\/p>\n<\/div>\n\n\n\n<div class=\"wp-block-column is-layout-flow wp-block-column-is-layout-flow\">\n<div><div class=\"block-video-player\"><div class=\"max-w-[800px] m-auto w-full relative fade-up-parallax\"><div class=\"block-video-player__splash-img aspect-w-16 aspect-h-9 js-btn--modal-youtube\" data-id=\"HQsH-Y1rcSQ\"><img decoding=\"async\" src=\"https:\/\/fujifilm-x.b-cdn.net\/wp-content\/uploads\/2025\/07\/X-E5_Derrick-Ong_1.jpg\" alt=\"X-E5_Derrick Ong_1\" loading=\"lazy\" data-recalc-dims=\"1\"\/><span class=\"play-button \"><\/span><\/div><\/div><div class=\"modal modal--youtube hidden\" data-id=\"HQsH-Y1rcSQ\"><div class=\"modal__content relative\"><button class=\"btn-modal-close\" data-id=\"HQsH-Y1rcSQ\"><span><\/span><span><\/span><\/button><figure class=\"wp-block-embed is-type-video is-provider-youtube wp-block-embed-youtube wp-embed-aspect-16-9 wp-has-aspect-ratio\"><div class=\"wp-block-embed__wrapper\"><div id=\"player-HQsH-Y1rcSQ\" data-id=\"HQsH-Y1rcSQ\" class=\"youtube-iframe\"><\/div><\/div><\/figure><\/div><\/div><\/div><\/div>\n<\/div>\n<\/div>\n\n\n\n<div class=\"wp-block-columns has-spacing-medium has-no-design is-layout-flex wp-container-core-columns-is-layout-9d6595d7 wp-block-columns-is-layout-flex\">\n<div class=\"wp-block-column is-layout-flow wp-block-column-is-layout-flow\">\n<figure class=\"wp-block-image size-large\"><img loading=\"lazy\" decoding=\"async\" width=\"1024\" height=\"682\" src=\"https:\/\/fujifilm-x.b-cdn.net\/wp-content\/uploads\/2025\/07\/X-E5_Derrick-Ong_1.jpg?width=1024&#038;height=682\" alt=\"\" class=\"wp-image-280623\" srcset=\"https:\/\/fujifilm-x.b-cdn.net\/wp-content\/uploads\/2025\/07\/X-E5_Derrick-Ong_1.jpg?width=1024&amp;height=682 1024w, https:\/\/fujifilm-x.b-cdn.net\/wp-content\/uploads\/2025\/07\/X-E5_Derrick-Ong_1.jpg?width=300&amp;height=200 300w, https:\/\/fujifilm-x.b-cdn.net\/wp-content\/uploads\/2025\/07\/X-E5_Derrick-Ong_1.jpg?width=768&amp;height=512 768w, https:\/\/fujifilm-x.b-cdn.net\/wp-content\/uploads\/2025\/07\/X-E5_Derrick-Ong_1.jpg?width=400&amp;height=267 400w, https:\/\/fujifilm-x.b-cdn.net\/wp-content\/uploads\/2025\/07\/X-E5_Derrick-Ong_1.jpg?width=365&amp;height=243 365w, https:\/\/fujifilm-x.b-cdn.net\/wp-content\/uploads\/2025\/07\/X-E5_Derrick-Ong_1.jpg?width=600&amp;height=400 600w, https:\/\/fujifilm-x.b-cdn.net\/wp-content\/uploads\/2025\/07\/X-E5_Derrick-Ong_1.jpg?width=717&amp;height=478 717w\" sizes=\"auto, (max-width: 1000px) 100vw, 1000px\" data-recalc-dims=\"1\" \/><\/figure>\n<\/div>\n\n\n\n<div class=\"wp-block-column is-layout-flow wp-block-column-is-layout-flow\">\n<figure class=\"wp-block-image size-large\"><img loading=\"lazy\" decoding=\"async\" width=\"1024\" height=\"682\" src=\"https:\/\/fujifilm-x.b-cdn.net\/wp-content\/uploads\/2025\/07\/X-E5_Derrick-Ong_2.jpg?width=1024&#038;height=682\" alt=\"\" class=\"wp-image-280626\" srcset=\"https:\/\/fujifilm-x.b-cdn.net\/wp-content\/uploads\/2025\/07\/X-E5_Derrick-Ong_2.jpg?width=1024&amp;height=682 1024w, https:\/\/fujifilm-x.b-cdn.net\/wp-content\/uploads\/2025\/07\/X-E5_Derrick-Ong_2.jpg?width=300&amp;height=200 300w, https:\/\/fujifilm-x.b-cdn.net\/wp-content\/uploads\/2025\/07\/X-E5_Derrick-Ong_2.jpg?width=768&amp;height=512 768w, https:\/\/fujifilm-x.b-cdn.net\/wp-content\/uploads\/2025\/07\/X-E5_Derrick-Ong_2.jpg?width=400&amp;height=267 400w, https:\/\/fujifilm-x.b-cdn.net\/wp-content\/uploads\/2025\/07\/X-E5_Derrick-Ong_2.jpg?width=365&amp;height=243 365w, https:\/\/fujifilm-x.b-cdn.net\/wp-content\/uploads\/2025\/07\/X-E5_Derrick-Ong_2.jpg?width=600&amp;height=400 600w, https:\/\/fujifilm-x.b-cdn.net\/wp-content\/uploads\/2025\/07\/X-E5_Derrick-Ong_2.jpg?width=717&amp;height=478 717w\" sizes=\"auto, (max-width: 1000px) 100vw, 1000px\" data-recalc-dims=\"1\" \/><\/figure>\n<\/div>\n<\/div>\n\n\n\n<p>Ein Ort, der mein Herz besonders gewonnen hat, ist die ehemalige franz\u00f6sische Konzession \u2013 ein historisches Wohn- und Ausgehviertel, bekannt f\u00fcr seine von Platanen ges\u00e4umten Stra\u00dfen. Beim Schlendern durch die stillen, baumges\u00e4umten Boulevards sp\u00fcrte ich eine fast zeitlose Atmosph\u00e4re. Die Architektur erz\u00e4hlt von der Begegnung zwischen Ost und West: europ\u00e4ische Fassaden mit chinesischen Verzierungen, alte Steinmauern, die unter den B\u00e4umen lange Schatten werfen. Hier lebt die Nostalgie, doch sie wandelt sich stetig im Rhythmus der Stadt. F\u00fcr einen Fotografen ist dieses Viertel wie eine Schatztruhe: Jede Stra\u00dfenecke bietet neue Perspektiven, jedes Lichtspiel verwandelt Vertrautes in etwas v\u00f6llig Neues. Dieses Wechselspiel aus Klassik und Moderne hat mich tief ber\u00fchrt \u2013 und ich m\u00f6chte es nun in meine Arbeit einflie\u00dfen lassen.<\/p>\n\n\n\n<p>Der Kontrast von Licht und Schatten pr\u00e4gt meinen fotografischen Stil. Ich erforsche, wie Licht nicht nur erhellt, sondern auch verbirgt \u2013 wie es Geschichten andeutet, statt sie vollst\u00e4ndig zu erz\u00e4hlen. Schatten nutze ich gezielt, um Emotionen und Stimmungen einzufangen. Mit der Zeit wurde dieses Spiel aus Hell und Dunkel zu meinem Markenzeichen. Es schafft Tiefe und Dramatik und erlaubt mir, au\u00dfergew\u00f6hnliche, fast filmische Momente zu gestalten. Mich fasziniert das Geheimnisvolle und die Spannung, die daraus entsteht \u2013 wie es den Blick lenkt, Gef\u00fchle weckt und Neugier entfacht.<\/p>\n\n\n\n<p>Dieser visuelle Stil, urspr\u00fcnglich gepr\u00e4gt von der Stra\u00dfenfotografie, beeinflusst mittlerweile auch meine Hochzeitsfotografie. Anfangs war ich unsicher, ob eine so stimmungsvolle, kontrastreiche \u00c4sthetik in einem Bereich Anklang finden w\u00fcrde, der sonst oft weiche, gleichm\u00e4\u00dfig beleuchtete Bilder bevorzugt. Doch zu meiner \u00dcberraschung begeisterte sie viele Paare. Sie liebten, wie Licht und Schatten ihre Hochzeitserinnerungen in etwas Kunstvolles und Emotionales verwandelten \u2013 nicht durch perfekte Posen, sondern durch das Einfangen fl\u00fcchtiger Blicke, stiller Momente und dramatischer Silhouetten. Meine Arbeit hebt sich ab, weil sie etwas Neues bietet: eine filmische Erz\u00e4hlung von Liebesgeschichten, eingefangen durch eine moderne, aber klassisch inspirierte \u00c4sthetik.<\/p>\n\n\n\n<figure class=\"wp-block-image size-large\"><img loading=\"lazy\" decoding=\"async\" width=\"1024\" height=\"575\" src=\"https:\/\/fujifilm-x.b-cdn.net\/wp-content\/uploads\/2025\/07\/X-E5_Derrick-Ong_3.jpg?width=1024&#038;height=575\" alt=\"\" class=\"wp-image-280627\" srcset=\"https:\/\/fujifilm-x.b-cdn.net\/wp-content\/uploads\/2025\/07\/X-E5_Derrick-Ong_3.jpg?width=1024&amp;height=575 1024w, https:\/\/fujifilm-x.b-cdn.net\/wp-content\/uploads\/2025\/07\/X-E5_Derrick-Ong_3.jpg?width=300&amp;height=169 300w, https:\/\/fujifilm-x.b-cdn.net\/wp-content\/uploads\/2025\/07\/X-E5_Derrick-Ong_3.jpg?width=768&amp;height=432 768w, https:\/\/fujifilm-x.b-cdn.net\/wp-content\/uploads\/2025\/07\/X-E5_Derrick-Ong_3.jpg?width=400&amp;height=225 400w, https:\/\/fujifilm-x.b-cdn.net\/wp-content\/uploads\/2025\/07\/X-E5_Derrick-Ong_3.jpg?width=365&amp;height=205 365w, https:\/\/fujifilm-x.b-cdn.net\/wp-content\/uploads\/2025\/07\/X-E5_Derrick-Ong_3.jpg?width=600&amp;height=337 600w, https:\/\/fujifilm-x.b-cdn.net\/wp-content\/uploads\/2025\/07\/X-E5_Derrick-Ong_3.jpg?width=417&amp;height=235 417w, https:\/\/fujifilm-x.b-cdn.net\/wp-content\/uploads\/2025\/07\/X-E5_Derrick-Ong_3.jpg?width=717&amp;height=403 717w\" sizes=\"auto, (max-width: 1000px) 100vw, 1000px\" data-recalc-dims=\"1\" \/><\/figure>\n\n\n\n<p>Als ich k\u00fcrzlich nach Shanghai zur\u00fcckkehrte, begleitete mich ein neuer \u201eGef\u00e4hrte\u201c: die FUJIFILM X-E5. Diese Kamera verbindet \u2013 wie die Stadt selbst \u2013 klassischen Charme mit moderner Innovation. Ihr Retro-Design greift Fujifilms analoge Tradition auf, w\u00e4hrend sie zugleich leistungsstarke neue Funktionen bietet. Sie ist f\u00fcr mich zur nat\u00fcrlichen Verl\u00e4ngerung meiner kreativen Vision geworden. Kompakt und unauff\u00e4llig eignet sie sich perfekt, um fl\u00fcchtige, ungestellte Momente einzufangen. Besonders begeistert mich das neue Filmsimulationsrad \u2013 ein cleveres Bedienelement, das den Wechsel zwischen den ikonischen Farbprofilen von Fujifilm erleichtert. Mit einem schnellen Dreh kann ich zwischen der ged\u00e4mpften Nostalgie von Classic Chrome und der lebendigen Farbpracht von Velvia wechseln. So bestimme ich die emotionale Stimmung eines Bildes, noch bevor ich den Ausl\u00f6ser dr\u00fccke.<\/p>\n\n\n\n<figure class=\"wp-block-image size-large\"><img loading=\"lazy\" decoding=\"async\" width=\"1024\" height=\"682\" src=\"https:\/\/fujifilm-x.b-cdn.net\/wp-content\/uploads\/2025\/07\/X-E5_Derrick-Ong_4.jpg?width=1024&#038;height=682\" alt=\"\" class=\"wp-image-280628\" srcset=\"https:\/\/fujifilm-x.b-cdn.net\/wp-content\/uploads\/2025\/07\/X-E5_Derrick-Ong_4.jpg?width=1024&amp;height=682 1024w, https:\/\/fujifilm-x.b-cdn.net\/wp-content\/uploads\/2025\/07\/X-E5_Derrick-Ong_4.jpg?width=300&amp;height=200 300w, https:\/\/fujifilm-x.b-cdn.net\/wp-content\/uploads\/2025\/07\/X-E5_Derrick-Ong_4.jpg?width=768&amp;height=512 768w, https:\/\/fujifilm-x.b-cdn.net\/wp-content\/uploads\/2025\/07\/X-E5_Derrick-Ong_4.jpg?width=400&amp;height=267 400w, https:\/\/fujifilm-x.b-cdn.net\/wp-content\/uploads\/2025\/07\/X-E5_Derrick-Ong_4.jpg?width=365&amp;height=243 365w, https:\/\/fujifilm-x.b-cdn.net\/wp-content\/uploads\/2025\/07\/X-E5_Derrick-Ong_4.jpg?width=600&amp;height=400 600w, https:\/\/fujifilm-x.b-cdn.net\/wp-content\/uploads\/2025\/07\/X-E5_Derrick-Ong_4.jpg?width=717&amp;height=478 717w\" sizes=\"auto, (max-width: 1000px) 100vw, 1000px\" data-recalc-dims=\"1\" \/><\/figure>\n\n\n\n<p>\u00a0<br>Die X-E5 erlaubt es mir, den Bildausschnitt flexibel zu gestalten: Ich kann zwischen f\u00fcnf Seitenverh\u00e4ltnissen w\u00e4hlen und Inhalte so direkt f\u00fcr verschiedene Plattformen anpassen \u2013 ob als quadratischer Instagram-Post oder im Breitbild-Layout f\u00fcr eine Zeitschrift. Die digitalen Telekonverter mit 1,4- und 2-facher Vergr\u00f6\u00dferung erweitern meine kreativen M\u00f6glichkeiten, ohne Kompromisse bei Qualit\u00e4t oder Geschwindigkeit einzugehen. Das ist besonders wertvoll f\u00fcr die Stra\u00dfenfotografie, wo sich Momente oft schnell und unvorhersehbar ergeben.<\/p>\n\n\n\n<div class=\"wp-block-columns has-spacing-medium has-no-design is-layout-flex wp-container-core-columns-is-layout-9d6595d7 wp-block-columns-is-layout-flex\">\n<div class=\"wp-block-column is-layout-flow wp-block-column-is-layout-flow\">\n<figure class=\"wp-block-image size-large\"><img loading=\"lazy\" decoding=\"async\" width=\"1024\" height=\"682\" src=\"https:\/\/fujifilm-x.b-cdn.net\/wp-content\/uploads\/2025\/07\/X-E5_Derrick-Ong_5.jpg?width=1024&#038;height=682\" alt=\"\" class=\"wp-image-280629\" srcset=\"https:\/\/fujifilm-x.b-cdn.net\/wp-content\/uploads\/2025\/07\/X-E5_Derrick-Ong_5.jpg?width=1024&amp;height=682 1024w, https:\/\/fujifilm-x.b-cdn.net\/wp-content\/uploads\/2025\/07\/X-E5_Derrick-Ong_5.jpg?width=300&amp;height=200 300w, https:\/\/fujifilm-x.b-cdn.net\/wp-content\/uploads\/2025\/07\/X-E5_Derrick-Ong_5.jpg?width=768&amp;height=512 768w, https:\/\/fujifilm-x.b-cdn.net\/wp-content\/uploads\/2025\/07\/X-E5_Derrick-Ong_5.jpg?width=400&amp;height=267 400w, https:\/\/fujifilm-x.b-cdn.net\/wp-content\/uploads\/2025\/07\/X-E5_Derrick-Ong_5.jpg?width=365&amp;height=243 365w, https:\/\/fujifilm-x.b-cdn.net\/wp-content\/uploads\/2025\/07\/X-E5_Derrick-Ong_5.jpg?width=600&amp;height=400 600w, https:\/\/fujifilm-x.b-cdn.net\/wp-content\/uploads\/2025\/07\/X-E5_Derrick-Ong_5.jpg?width=717&amp;height=478 717w\" sizes=\"auto, (max-width: 1000px) 100vw, 1000px\" data-recalc-dims=\"1\" \/><\/figure>\n<\/div>\n\n\n\n<div class=\"wp-block-column is-layout-flow wp-block-column-is-layout-flow\">\n<p>Ich habe die X-E5 mit dem neuen 23-mm-Pancake-Objektiv von Fujifilm kombiniert \u2013 und bin von den Ergebnissen begeistert. Das Objektiv, das einer 35-mm-Brennweite am Vollformat entspricht, bietet ein nat\u00fcrliches und mitrei\u00dfendes Sichtfeld. Seine Brennweite kommt dem menschlichen Sehverm\u00f6gen sehr nahe und eignet sich ideal, um Geschichten zu erz\u00e4hlen. Durch die kompakte Bauweise, den schnellen Autofokus und die beeindruckende Sch\u00e4rfe bleibt es auf der Stra\u00dfe ein unauff\u00e4lliger, aber zuverl\u00e4ssiger Begleiter. Es st\u00f6rt nicht, sodass ich authentische Momente festhalten kann, ohne die Szene zu beeinflussen.<\/p>\n<\/div>\n<\/div>\n\n\n\n<p>Jeder Stra\u00dfenfotograf tr\u00e4umt von einer leichten, schnellen Ausr\u00fcstung, die trotzdem Bilder in Profiqualit\u00e4t liefert. Genau das bietet diese Kombination. Sie l\u00e4sst mich pr\u00e4sent, spontan und kreativ arbeiten \u2013 ganz ohne Abstriche.<\/p>\n\n\n\n<div class=\"wp-block-columns has-spacing-medium has-no-design is-layout-flex wp-container-core-columns-is-layout-9d6595d7 wp-block-columns-is-layout-flex\">\n<div class=\"wp-block-column is-layout-flow wp-block-column-is-layout-flow\">\n<p>Wenn ich an die Zukunft denke, freue ich mich auf die kommenden Reisen. Diese Kamera wird mich begleiten, w\u00e4hrend ich Licht und Schatten rund um den Globus einfange. Es hat etwas Poetisches, eine Welt festzuhalten, die sich st\u00e4ndig wandelt und doch Spuren der Vergangenheit tr\u00e4gt. Ob auf einem belebten Markt in Asien oder in einer stillen europ\u00e4ischen Gasse \u2013 ich m\u00f6chte das Klassische neu deuten, das Zeitlose im Zeitgen\u00f6ssischen und das Besondere im Allt\u00e4glichen entdecken.<br><br><strong>Fotografie bedeutet f\u00fcr mich, solche Momente sp\u00fcrbar zu machen. Mit den richtigen Werkzeugen werden sie greifbar \u2013 f\u00fcr immer bewahrt in Licht, Schatten und Erinnerung.<\/strong><\/p>\n<\/div>\n\n\n\n<div class=\"wp-block-column is-layout-flow wp-block-column-is-layout-flow\">\n<figure class=\"wp-block-image size-large\"><img loading=\"lazy\" decoding=\"async\" width=\"1024\" height=\"682\" src=\"https:\/\/fujifilm-x.b-cdn.net\/wp-content\/uploads\/2025\/07\/X-E5_Derrick-Ong_6.jpg?width=1024&#038;height=682\" alt=\"\" class=\"wp-image-280630\" srcset=\"https:\/\/fujifilm-x.b-cdn.net\/wp-content\/uploads\/2025\/07\/X-E5_Derrick-Ong_6.jpg?width=1024&amp;height=682 1024w, https:\/\/fujifilm-x.b-cdn.net\/wp-content\/uploads\/2025\/07\/X-E5_Derrick-Ong_6.jpg?width=300&amp;height=200 300w, https:\/\/fujifilm-x.b-cdn.net\/wp-content\/uploads\/2025\/07\/X-E5_Derrick-Ong_6.jpg?width=768&amp;height=512 768w, https:\/\/fujifilm-x.b-cdn.net\/wp-content\/uploads\/2025\/07\/X-E5_Derrick-Ong_6.jpg?width=400&amp;height=267 400w, https:\/\/fujifilm-x.b-cdn.net\/wp-content\/uploads\/2025\/07\/X-E5_Derrick-Ong_6.jpg?width=365&amp;height=243 365w, https:\/\/fujifilm-x.b-cdn.net\/wp-content\/uploads\/2025\/07\/X-E5_Derrick-Ong_6.jpg?width=600&amp;height=400 600w, https:\/\/fujifilm-x.b-cdn.net\/wp-content\/uploads\/2025\/07\/X-E5_Derrick-Ong_6.jpg?width=717&amp;height=478 717w\" sizes=\"auto, (max-width: 1000px) 100vw, 1000px\" data-recalc-dims=\"1\" \/><\/figure>\n<\/div>\n<\/div>\n\n\n\n<figure class=\"wp-block-image size-large\"><img loading=\"lazy\" decoding=\"async\" width=\"1024\" height=\"682\" src=\"https:\/\/fujifilm-x.b-cdn.net\/wp-content\/uploads\/2025\/07\/X-E5_Derrick-Ong_7.jpg?width=1024&#038;height=682\" alt=\"\" class=\"wp-image-280631\" srcset=\"https:\/\/fujifilm-x.b-cdn.net\/wp-content\/uploads\/2025\/07\/X-E5_Derrick-Ong_7.jpg?width=1024&amp;height=682 1024w, https:\/\/fujifilm-x.b-cdn.net\/wp-content\/uploads\/2025\/07\/X-E5_Derrick-Ong_7.jpg?width=300&amp;height=200 300w, https:\/\/fujifilm-x.b-cdn.net\/wp-content\/uploads\/2025\/07\/X-E5_Derrick-Ong_7.jpg?width=768&amp;height=512 768w, https:\/\/fujifilm-x.b-cdn.net\/wp-content\/uploads\/2025\/07\/X-E5_Derrick-Ong_7.jpg?width=400&amp;height=267 400w, https:\/\/fujifilm-x.b-cdn.net\/wp-content\/uploads\/2025\/07\/X-E5_Derrick-Ong_7.jpg?width=365&amp;height=243 365w, https:\/\/fujifilm-x.b-cdn.net\/wp-content\/uploads\/2025\/07\/X-E5_Derrick-Ong_7.jpg?width=600&amp;height=400 600w, https:\/\/fujifilm-x.b-cdn.net\/wp-content\/uploads\/2025\/07\/X-E5_Derrick-Ong_7.jpg?width=717&amp;height=478 717w\" sizes=\"auto, (max-width: 1000px) 100vw, 1000px\" data-recalc-dims=\"1\" \/><\/figure>\n","protected":false},"excerpt":{"rendered":"<p>Vor einigen Jahren hatte ich Gelegenheit, f\u00fcr ein Fotoprojekt in Shanghai zu arbeiten \u2013 eine Erfahrung, die mich bis heute pr\u00e4gt. Die Stadt, mit ihrer reichen Geschichte und modernen Dynamik, ist wie eine visuelle Symphonie, die mich nicht losl\u00e4sst. Shanghai vereint Tradition und Moderne zu einem neu interpretierten Klassiker: Hier wird die Vergangenheit bewahrt und [&hellip;]<\/p>\n","protected":false},"author":128,"featured_media":280623,"template":"","category":[2084,1006,1202,3211,320,1986,565,13898],"post_tag":[],"class_list":["post-355877","story","type-story","status-publish","has-post-thumbnail","hentry","category-be-inspired","category-cameras","category-category","category-x-series-mirrorless","category-products","category-x-series","category-stories","category-x-e5"],"pp_statuses_selecting_workflow":false,"pp_workflow_action":"current","pp_status_selection":"publish","acf":[],"publishpress_future_action":{"enabled":false,"date":"2026-05-08 18:52:06","action":"change-status","newStatus":"draft","terms":[],"taxonomy":"category","extraData":[]},"publishpress_future_workflow_manual_trigger":{"enabledWorkflows":[]},"_links":{"self":[{"href":"https:\/\/www.fujifilm-x.com\/de-de\/wp-json\/wp\/v2\/story\/355877","targetHints":{"allow":["GET"]}}],"collection":[{"href":"https:\/\/www.fujifilm-x.com\/de-de\/wp-json\/wp\/v2\/story"}],"about":[{"href":"https:\/\/www.fujifilm-x.com\/de-de\/wp-json\/wp\/v2\/types\/story"}],"author":[{"embeddable":true,"href":"https:\/\/www.fujifilm-x.com\/de-de\/wp-json\/wp\/v2\/users\/128"}],"wp:featuredmedia":[{"embeddable":true,"href":"https:\/\/www.fujifilm-x.com\/de-de\/wp-json\/wp\/v2\/media\/280623"}],"wp:attachment":[{"href":"https:\/\/www.fujifilm-x.com\/de-de\/wp-json\/wp\/v2\/media?parent=355877"}],"wp:term":[{"taxonomy":"category","embeddable":true,"href":"https:\/\/www.fujifilm-x.com\/de-de\/wp-json\/wp\/v2\/category?post=355877"},{"taxonomy":"post_tag","embeddable":true,"href":"https:\/\/www.fujifilm-x.com\/de-de\/wp-json\/wp\/v2\/post_tag?post=355877"}],"curies":[{"name":"wp","href":"https:\/\/api.w.org\/{rel}","templated":true}]}},{"id":355881,"date":"2026-04-24T00:53:25","date_gmt":"2026-04-24T00:53:25","guid":{"rendered":"https:\/\/www.fujifilm-x.com\/?post_type=story&#038;p=355881"},"modified":"2026-04-24T00:53:31","modified_gmt":"2026-04-24T00:53:31","slug":"classic-neg-filmrezept-x-dustin-hendarlim","status":"publish","type":"story","link":"https:\/\/www.fujifilm-x.com\/de-de\/stories\/classic-neg-filmrezept-x-dustin-hendarlim\/","title":{"rendered":"CLASSIC Neg. FILMREZEPT x Dustin Hendarlim"},"content":{"rendered":"\n<div class=\"wp-block-columns has-spacing-medium has-no-design is-layout-flex wp-container-core-columns-is-layout-9d6595d7 wp-block-columns-is-layout-flex\">\n<div class=\"wp-block-column is-layout-flow wp-block-column-is-layout-flow\">\n<p>\u201eFotografie war f\u00fcr mich schon immer eine M\u00f6glichkeit, das Leben zu verlangsamen. Mit CLASSIC Neg. habe ich das Gef\u00fchl, eine Farbpalette aus vergangenen Tagen zu nutzen \u2013 aus einer Zeit, in der die Morgen noch ruhig begannen und die Farben ihren eigenen Rhythmus hatten.\u201c<br><br>Cilincing ist ein kleines Fischerdorf am n\u00f6rdlichen Rand von Jakarta. Hier scheint die Zeit stillzustehen: Boote schaukeln leise im Wasser, Kinder laufen barfu\u00df \u00fcber abgenutzten Beton, und in der Luft liegt ein Hauch von Salz. Am fr\u00fchen Morgen ist das Licht besonders sanft und h\u00fcllt alles in eine fast greifbare Stille.<br><br>F\u00fcr diese Aufnahmen nahm ich die FUJIFILM X-E5 mit dem neuen XF23mmF2.8 R WR mit. Mich faszinierten der Moment, die Farben und die schlichte Sch\u00f6nheit der Szene. Ich suchte nicht nach Portr\u00e4ts oder spektakul\u00e4ren Ereignissen, sondern wollte die Atmosph\u00e4re dieses Ortes einfangen.<\/p>\n<\/div>\n\n\n\n<div class=\"wp-block-column is-layout-flow wp-block-column-is-layout-flow\">\n<figure class=\"wp-block-image size-large\"><img loading=\"lazy\" decoding=\"async\" width=\"682\" height=\"1024\" src=\"https:\/\/fujifilm-x.b-cdn.net\/wp-content\/uploads\/2026\/01\/ID_Dustin-Hendarlim_Stories_02.jpg?width=682&#038;height=1024\" alt=\"\" class=\"wp-image-344195\" srcset=\"https:\/\/fujifilm-x.b-cdn.net\/wp-content\/uploads\/2026\/01\/ID_Dustin-Hendarlim_Stories_02.jpg?width=682&amp;height=1024 682w, https:\/\/fujifilm-x.b-cdn.net\/wp-content\/uploads\/2026\/01\/ID_Dustin-Hendarlim_Stories_02.jpg?width=200&amp;height=300 200w, https:\/\/fujifilm-x.b-cdn.net\/wp-content\/uploads\/2026\/01\/ID_Dustin-Hendarlim_Stories_02.jpg?width=365&amp;height=548 365w, https:\/\/fujifilm-x.b-cdn.net\/wp-content\/uploads\/2026\/01\/ID_Dustin-Hendarlim_Stories_02.jpg?width=600&amp;height=900 600w, https:\/\/fujifilm-x.b-cdn.net\/wp-content\/uploads\/2026\/01\/ID_Dustin-Hendarlim_Stories_02.jpg?width=390&amp;height=585 390w, https:\/\/fujifilm-x.b-cdn.net\/wp-content\/uploads\/2026\/01\/ID_Dustin-Hendarlim_Stories_02.jpg?width=480&amp;height=720 480w\" sizes=\"auto, (max-width: 682px) 100vw, 682px\" data-recalc-dims=\"1\" \/><\/figure>\n<\/div>\n<\/div>\n\n\n\n<div class=\"wp-block-columns has-spacing-medium has-no-design is-layout-flex wp-container-core-columns-is-layout-9d6595d7 wp-block-columns-is-layout-flex\">\n<div class=\"wp-block-column is-layout-flow wp-block-column-is-layout-flow\">\n<figure class=\"wp-block-image size-large\"><img loading=\"lazy\" decoding=\"async\" width=\"1024\" height=\"682\" src=\"https:\/\/fujifilm-x.b-cdn.net\/wp-content\/uploads\/2026\/01\/ID_Dustin-Hendarlim_Stories_03.jpg?width=1024&#038;height=682\" alt=\"\" class=\"wp-image-344196\" srcset=\"https:\/\/fujifilm-x.b-cdn.net\/wp-content\/uploads\/2026\/01\/ID_Dustin-Hendarlim_Stories_03.jpg?width=1024&amp;height=682 1024w, https:\/\/fujifilm-x.b-cdn.net\/wp-content\/uploads\/2026\/01\/ID_Dustin-Hendarlim_Stories_03.jpg?width=300&amp;height=200 300w, https:\/\/fujifilm-x.b-cdn.net\/wp-content\/uploads\/2026\/01\/ID_Dustin-Hendarlim_Stories_03.jpg?width=768&amp;height=512 768w, https:\/\/fujifilm-x.b-cdn.net\/wp-content\/uploads\/2026\/01\/ID_Dustin-Hendarlim_Stories_03.jpg?width=400&amp;height=267 400w, https:\/\/fujifilm-x.b-cdn.net\/wp-content\/uploads\/2026\/01\/ID_Dustin-Hendarlim_Stories_03.jpg?width=365&amp;height=243 365w, https:\/\/fujifilm-x.b-cdn.net\/wp-content\/uploads\/2026\/01\/ID_Dustin-Hendarlim_Stories_03.jpg?width=600&amp;height=400 600w, https:\/\/fujifilm-x.b-cdn.net\/wp-content\/uploads\/2026\/01\/ID_Dustin-Hendarlim_Stories_03.jpg?width=717&amp;height=478 717w, https:\/\/fujifilm-x.b-cdn.net\/wp-content\/uploads\/2026\/01\/ID_Dustin-Hendarlim_Stories_03.jpg?width=936&amp;height=624 936w\" sizes=\"auto, (max-width: 1000px) 100vw, 1000px\" data-recalc-dims=\"1\" \/><\/figure>\n<\/div>\n\n\n\n<div class=\"wp-block-column is-layout-flow wp-block-column-is-layout-flow\">\n<figure class=\"wp-block-image size-large\"><img loading=\"lazy\" decoding=\"async\" width=\"1024\" height=\"682\" src=\"https:\/\/fujifilm-x.b-cdn.net\/wp-content\/uploads\/2026\/01\/ID_Dustin-Hendarlim_Stories_04.jpg?width=1024&#038;height=682\" alt=\"\" class=\"wp-image-344197\" srcset=\"https:\/\/fujifilm-x.b-cdn.net\/wp-content\/uploads\/2026\/01\/ID_Dustin-Hendarlim_Stories_04.jpg?width=1024&amp;height=682 1024w, https:\/\/fujifilm-x.b-cdn.net\/wp-content\/uploads\/2026\/01\/ID_Dustin-Hendarlim_Stories_04.jpg?width=300&amp;height=200 300w, https:\/\/fujifilm-x.b-cdn.net\/wp-content\/uploads\/2026\/01\/ID_Dustin-Hendarlim_Stories_04.jpg?width=768&amp;height=512 768w, https:\/\/fujifilm-x.b-cdn.net\/wp-content\/uploads\/2026\/01\/ID_Dustin-Hendarlim_Stories_04.jpg?width=400&amp;height=267 400w, https:\/\/fujifilm-x.b-cdn.net\/wp-content\/uploads\/2026\/01\/ID_Dustin-Hendarlim_Stories_04.jpg?width=365&amp;height=243 365w, https:\/\/fujifilm-x.b-cdn.net\/wp-content\/uploads\/2026\/01\/ID_Dustin-Hendarlim_Stories_04.jpg?width=600&amp;height=400 600w, https:\/\/fujifilm-x.b-cdn.net\/wp-content\/uploads\/2026\/01\/ID_Dustin-Hendarlim_Stories_04.jpg?width=717&amp;height=478 717w, https:\/\/fujifilm-x.b-cdn.net\/wp-content\/uploads\/2026\/01\/ID_Dustin-Hendarlim_Stories_04.jpg?width=936&amp;height=624 936w\" sizes=\"auto, (max-width: 1000px) 100vw, 1000px\" data-recalc-dims=\"1\" \/><\/figure>\n<\/div>\n\n\n\n<div class=\"wp-block-column is-layout-flow wp-block-column-is-layout-flow\">\n<figure class=\"wp-block-image size-large\"><img loading=\"lazy\" decoding=\"async\" width=\"1024\" height=\"682\" src=\"https:\/\/fujifilm-x.b-cdn.net\/wp-content\/uploads\/2026\/01\/ID_Dustin-Hendarlim_Stories_05.jpg?width=1024&#038;height=682\" alt=\"\" class=\"wp-image-344199\" srcset=\"https:\/\/fujifilm-x.b-cdn.net\/wp-content\/uploads\/2026\/01\/ID_Dustin-Hendarlim_Stories_05.jpg?width=1024&amp;height=682 1024w, https:\/\/fujifilm-x.b-cdn.net\/wp-content\/uploads\/2026\/01\/ID_Dustin-Hendarlim_Stories_05.jpg?width=300&amp;height=200 300w, https:\/\/fujifilm-x.b-cdn.net\/wp-content\/uploads\/2026\/01\/ID_Dustin-Hendarlim_Stories_05.jpg?width=768&amp;height=512 768w, https:\/\/fujifilm-x.b-cdn.net\/wp-content\/uploads\/2026\/01\/ID_Dustin-Hendarlim_Stories_05.jpg?width=400&amp;height=267 400w, https:\/\/fujifilm-x.b-cdn.net\/wp-content\/uploads\/2026\/01\/ID_Dustin-Hendarlim_Stories_05.jpg?width=365&amp;height=243 365w, https:\/\/fujifilm-x.b-cdn.net\/wp-content\/uploads\/2026\/01\/ID_Dustin-Hendarlim_Stories_05.jpg?width=600&amp;height=400 600w, https:\/\/fujifilm-x.b-cdn.net\/wp-content\/uploads\/2026\/01\/ID_Dustin-Hendarlim_Stories_05.jpg?width=717&amp;height=478 717w, https:\/\/fujifilm-x.b-cdn.net\/wp-content\/uploads\/2026\/01\/ID_Dustin-Hendarlim_Stories_05.jpg?width=936&amp;height=624 936w\" sizes=\"auto, (max-width: 1000px) 100vw, 1000px\" data-recalc-dims=\"1\" \/><\/figure>\n<\/div>\n<\/div>\n\n\n\n<p>CLASSIC Neg. verleiht den Bildern eine warme, vintage-artige Note, die mich sofort in eine andere Zeit versetzt. Es geht nicht nur um die Farbt\u00f6ne, sondern um die Ruhe, die sie ausstrahlen. Die Gr\u00fcnt\u00f6ne wirken ged\u00e4mpft, die Rott\u00f6ne tragen eine zarte Nostalgie in sich, und jeder Farbton wirkt, als geh\u00f6re er eher einer Erinnerung an als einer digitalen Datei.<\/p>\n\n\n\n<p>F\u00fcr dieses Shooting habe ich den Look bewusst so gew\u00e4hlt:<\/p>\n\n\n\n<ul class=\"wp-block-list\">\n<li><strong>WEISSABGLEICH:<\/strong> AUTO mit R +1 \/ B -1, um zu vermeiden, dass die Schatten zu gr\u00fcnlich wirken.<\/li>\n\n\n\n<li><strong>TONWERTKURVE:<\/strong> H -1,5 \/ S -1,5, um den Kontrast zu reduzieren und ein weiches, analoges Gef\u00fchl zu erzeugen.<\/li>\n\n\n\n<li><strong>K\u00d6RNUNGSEFFEKT:<\/strong> SCHWACH, KLEIN \u2013 gerade so viel, dass die Textur von Film assoziiert wird.<\/li>\n\n\n\n<li><strong>FARBE:<\/strong> +2, um bestimmte T\u00f6ne zu betonen, ohne die Stimmung zu ver\u00e4ndern.<\/li>\n<\/ul>\n\n\n\n<p>Das Ergebnis ist ein visuelles Tagebuch der stillen Sch\u00f6nheit Cilincings: sanftes Licht, das von abbl\u00e4tternder Farbe reflektiert wird, sandige Pfade, die zum Meer f\u00fchren, und die gelassenen Bewegungen der Menschen, die in den Tag starten. CLASSIC Neg. hat nicht nur die Szene festgehalten, sondern auch ihre ruhige Atmosph\u00e4re bewahrt. Wenn ich diese Bilder betrachte, ist es, als h\u00e4tte ich eine Sammlung von Postkarten aus einer einfacheren Zeit in H\u00e4nden. Deshalb begeistert mich CLASSIC Neg. so sehr: Es zeigt nicht nur, was ich gesehen habe, sondern bringt mich zur\u00fcck an diesen Ort.<\/p>\n\n\n\n<figure class=\"wp-block-image size-large\"><img loading=\"lazy\" decoding=\"async\" width=\"1024\" height=\"682\" src=\"https:\/\/fujifilm-x.b-cdn.net\/wp-content\/uploads\/2026\/01\/ID_Dustin-Hendarlim_Stories_06.jpg?width=1024&#038;height=682\" alt=\"\" class=\"wp-image-344200\" srcset=\"https:\/\/fujifilm-x.b-cdn.net\/wp-content\/uploads\/2026\/01\/ID_Dustin-Hendarlim_Stories_06.jpg?width=1024&amp;height=682 1024w, https:\/\/fujifilm-x.b-cdn.net\/wp-content\/uploads\/2026\/01\/ID_Dustin-Hendarlim_Stories_06.jpg?width=300&amp;height=200 300w, https:\/\/fujifilm-x.b-cdn.net\/wp-content\/uploads\/2026\/01\/ID_Dustin-Hendarlim_Stories_06.jpg?width=768&amp;height=512 768w, https:\/\/fujifilm-x.b-cdn.net\/wp-content\/uploads\/2026\/01\/ID_Dustin-Hendarlim_Stories_06.jpg?width=400&amp;height=267 400w, https:\/\/fujifilm-x.b-cdn.net\/wp-content\/uploads\/2026\/01\/ID_Dustin-Hendarlim_Stories_06.jpg?width=365&amp;height=243 365w, https:\/\/fujifilm-x.b-cdn.net\/wp-content\/uploads\/2026\/01\/ID_Dustin-Hendarlim_Stories_06.jpg?width=600&amp;height=400 600w, https:\/\/fujifilm-x.b-cdn.net\/wp-content\/uploads\/2026\/01\/ID_Dustin-Hendarlim_Stories_06.jpg?width=717&amp;height=478 717w, https:\/\/fujifilm-x.b-cdn.net\/wp-content\/uploads\/2026\/01\/ID_Dustin-Hendarlim_Stories_06.jpg?width=936&amp;height=624 936w\" sizes=\"auto, (max-width: 1000px) 100vw, 1000px\" data-recalc-dims=\"1\" \/><\/figure>\n","protected":false},"excerpt":{"rendered":"<p>\u201eFotografie war f\u00fcr mich schon immer eine M\u00f6glichkeit, das Leben zu verlangsamen. Mit CLASSIC Neg. habe ich das Gef\u00fchl, eine Farbpalette aus vergangenen Tagen zu nutzen \u2013 aus einer Zeit, in der die Morgen noch ruhig begannen und die Farben ihren eigenen Rhythmus hatten.\u201c Cilincing ist ein kleines Fischerdorf am n\u00f6rdlichen Rand von Jakarta. Hier [&hellip;]<\/p>\n","protected":false},"author":128,"featured_media":344194,"template":"","category":[1006,13924,13607,1055,3211,3309,320,3162,1986,13898,13899],"post_tag":[],"class_list":["post-355881","story","type-story","status-publish","has-post-thumbnail","hentry","category-cameras","category-classic-neg","category-film-simulation","category-lenses","category-x-series-mirrorless","category-x-mount-prime","category-products","category-x-mount","category-x-series","category-x-e5","category-xf23mmf28-r-wr"],"pp_statuses_selecting_workflow":false,"pp_workflow_action":"current","pp_status_selection":"publish","acf":[],"publishpress_future_action":{"enabled":false,"date":"2026-05-08 18:52:06","action":"change-status","newStatus":"draft","terms":[],"taxonomy":"category","extraData":[]},"publishpress_future_workflow_manual_trigger":{"enabledWorkflows":[]},"_links":{"self":[{"href":"https:\/\/www.fujifilm-x.com\/de-de\/wp-json\/wp\/v2\/story\/355881","targetHints":{"allow":["GET"]}}],"collection":[{"href":"https:\/\/www.fujifilm-x.com\/de-de\/wp-json\/wp\/v2\/story"}],"about":[{"href":"https:\/\/www.fujifilm-x.com\/de-de\/wp-json\/wp\/v2\/types\/story"}],"author":[{"embeddable":true,"href":"https:\/\/www.fujifilm-x.com\/de-de\/wp-json\/wp\/v2\/users\/128"}],"wp:featuredmedia":[{"embeddable":true,"href":"https:\/\/www.fujifilm-x.com\/de-de\/wp-json\/wp\/v2\/media\/344194"}],"wp:attachment":[{"href":"https:\/\/www.fujifilm-x.com\/de-de\/wp-json\/wp\/v2\/media?parent=355881"}],"wp:term":[{"taxonomy":"category","embeddable":true,"href":"https:\/\/www.fujifilm-x.com\/de-de\/wp-json\/wp\/v2\/category?post=355881"},{"taxonomy":"post_tag","embeddable":true,"href":"https:\/\/www.fujifilm-x.com\/de-de\/wp-json\/wp\/v2\/post_tag?post=355881"}],"curies":[{"name":"wp","href":"https:\/\/api.w.org\/{rel}","templated":true}]}},{"id":355880,"date":"2026-04-24T00:53:01","date_gmt":"2026-04-24T00:53:01","guid":{"rendered":"https:\/\/www.fujifilm-x.com\/?post_type=story&#038;p=355880"},"modified":"2026-04-24T00:53:09","modified_gmt":"2026-04-24T00:53:09","slug":"classic-neg-filmrezept-x-naoya-takahashi","status":"publish","type":"story","link":"https:\/\/www.fujifilm-x.com\/de-de\/stories\/classic-neg-filmrezept-x-naoya-takahashi\/","title":{"rendered":"CLASSIC Neg. FILMREZEPT x Naoya Takahashi"},"content":{"rendered":"\n<p>Um 2018 herum begann ich bewusst, in der Stadt zu fotografieren. Zwar hatte ich auch vorher schon hin und wieder Fotos gemacht, doch erst damals ging ich mit dem klaren Vorsatz los: \u201eHeute gehe ich in die Stadt, um zu fotografieren.\u201c<\/p>\n\n\n\n<div class=\"wp-block-columns has-spacing-medium has-no-design is-layout-flex wp-container-core-columns-is-layout-9d6595d7 wp-block-columns-is-layout-flex\">\n<div class=\"wp-block-column is-layout-flow wp-block-column-is-layout-flow\">\n<figure class=\"wp-block-image size-large\"><img loading=\"lazy\" decoding=\"async\" width=\"682\" height=\"1024\" src=\"https:\/\/fujifilm-x.b-cdn.net\/wp-content\/uploads\/2026\/01\/JP_Naoya-Takahashi_Stories_01.jpg?width=682&#038;height=1024\" alt=\"\" class=\"wp-image-346612\" srcset=\"https:\/\/fujifilm-x.b-cdn.net\/wp-content\/uploads\/2026\/01\/JP_Naoya-Takahashi_Stories_01.jpg?width=682&amp;height=1024 682w, https:\/\/fujifilm-x.b-cdn.net\/wp-content\/uploads\/2026\/01\/JP_Naoya-Takahashi_Stories_01.jpg?width=200&amp;height=300 200w, https:\/\/fujifilm-x.b-cdn.net\/wp-content\/uploads\/2026\/01\/JP_Naoya-Takahashi_Stories_01.jpg?width=365&amp;height=548 365w, https:\/\/fujifilm-x.b-cdn.net\/wp-content\/uploads\/2026\/01\/JP_Naoya-Takahashi_Stories_01.jpg?width=600&amp;height=900 600w, https:\/\/fujifilm-x.b-cdn.net\/wp-content\/uploads\/2026\/01\/JP_Naoya-Takahashi_Stories_01.jpg?width=390&amp;height=585 390w, https:\/\/fujifilm-x.b-cdn.net\/wp-content\/uploads\/2026\/01\/JP_Naoya-Takahashi_Stories_01.jpg?width=480&amp;height=720 480w\" sizes=\"auto, (max-width: 682px) 100vw, 682px\" data-recalc-dims=\"1\" \/><\/figure>\n<\/div>\n\n\n\n<div class=\"wp-block-column is-layout-flow wp-block-column-is-layout-flow\">\n<figure class=\"wp-block-image size-large\"><img loading=\"lazy\" decoding=\"async\" width=\"682\" height=\"1024\" src=\"https:\/\/fujifilm-x.b-cdn.net\/wp-content\/uploads\/2026\/01\/JP_Naoya-Takahashi_Stories_03.jpg?width=682&#038;height=1024\" alt=\"\" class=\"wp-image-346614\" srcset=\"https:\/\/fujifilm-x.b-cdn.net\/wp-content\/uploads\/2026\/01\/JP_Naoya-Takahashi_Stories_03.jpg?width=682&amp;height=1024 682w, https:\/\/fujifilm-x.b-cdn.net\/wp-content\/uploads\/2026\/01\/JP_Naoya-Takahashi_Stories_03.jpg?width=200&amp;height=300 200w, https:\/\/fujifilm-x.b-cdn.net\/wp-content\/uploads\/2026\/01\/JP_Naoya-Takahashi_Stories_03.jpg?width=365&amp;height=548 365w, https:\/\/fujifilm-x.b-cdn.net\/wp-content\/uploads\/2026\/01\/JP_Naoya-Takahashi_Stories_03.jpg?width=600&amp;height=900 600w, https:\/\/fujifilm-x.b-cdn.net\/wp-content\/uploads\/2026\/01\/JP_Naoya-Takahashi_Stories_03.jpg?width=390&amp;height=585 390w, https:\/\/fujifilm-x.b-cdn.net\/wp-content\/uploads\/2026\/01\/JP_Naoya-Takahashi_Stories_03.jpg?width=480&amp;height=720 480w\" sizes=\"auto, (max-width: 682px) 100vw, 682px\" data-recalc-dims=\"1\" \/><\/figure>\n<\/div>\n<\/div>\n\n\n\n<p>Schon damals hatte ich keinen festen Plan \u2013 ich lief einfach umher, beobachtete und hielt alles fest, was mich ansprach: Farben, Schatten, geometrische Formen, zuf\u00e4llige Begegnungen oder gl\u00fcckliche Momente. Es sind nicht nur spektakul\u00e4re Szenen, die mich faszinieren, sondern auch die Sch\u00f6nheit des Alltags, die sich durch den Sucher offenbart, und der Humor, der durch ungew\u00f6hnliche Perspektiven entsteht. Kurz gesagt: Es geht mir um die Erfahrung, \u201einteressante Augenblicke zu erleben, weil ich eine Kamera dabeihabe\u201c \u2013 und genau das m\u00f6chte ich in meinen Bildern einfangen.<\/p>\n\n\n\n<p>Die X-E5, die ich diesmal nutzte, erinnert an klassische Sucherkameras, bei der sich die Einstellr\u00e4der bequem mit der rechten Hand bedienen lassen, w\u00e4hrend man durch den Sucher blickt. Sie vermittelt dasselbe vertraute Gef\u00fchl wie die X100VI. Besonders wichtig ist mir, dass sie kompakt und leicht ist \u2013 ideal, um stundenlang durch die Stadt zu streifen oder sie jeden Tag mitzunehmen.<\/p>\n\n\n\n<div class=\"wp-block-columns has-spacing-medium has-no-design is-layout-flex wp-container-core-columns-is-layout-9d6595d7 wp-block-columns-is-layout-flex\">\n<div class=\"wp-block-column is-layout-flow wp-block-column-is-layout-flow\">\n<figure class=\"wp-block-image size-large\"><img loading=\"lazy\" decoding=\"async\" width=\"1024\" height=\"682\" src=\"https:\/\/fujifilm-x.b-cdn.net\/wp-content\/uploads\/2026\/01\/JP_Naoya-Takahashi_Stories_02.jpg?width=1024&#038;height=682\" alt=\"\" class=\"wp-image-346613\" srcset=\"https:\/\/fujifilm-x.b-cdn.net\/wp-content\/uploads\/2026\/01\/JP_Naoya-Takahashi_Stories_02.jpg?width=1024&amp;height=682 1024w, https:\/\/fujifilm-x.b-cdn.net\/wp-content\/uploads\/2026\/01\/JP_Naoya-Takahashi_Stories_02.jpg?width=300&amp;height=200 300w, https:\/\/fujifilm-x.b-cdn.net\/wp-content\/uploads\/2026\/01\/JP_Naoya-Takahashi_Stories_02.jpg?width=768&amp;height=512 768w, https:\/\/fujifilm-x.b-cdn.net\/wp-content\/uploads\/2026\/01\/JP_Naoya-Takahashi_Stories_02.jpg?width=400&amp;height=267 400w, https:\/\/fujifilm-x.b-cdn.net\/wp-content\/uploads\/2026\/01\/JP_Naoya-Takahashi_Stories_02.jpg?width=365&amp;height=243 365w, https:\/\/fujifilm-x.b-cdn.net\/wp-content\/uploads\/2026\/01\/JP_Naoya-Takahashi_Stories_02.jpg?width=600&amp;height=400 600w, https:\/\/fujifilm-x.b-cdn.net\/wp-content\/uploads\/2026\/01\/JP_Naoya-Takahashi_Stories_02.jpg?width=717&amp;height=478 717w, https:\/\/fujifilm-x.b-cdn.net\/wp-content\/uploads\/2026\/01\/JP_Naoya-Takahashi_Stories_02.jpg?width=936&amp;height=624 936w\" sizes=\"auto, (max-width: 1000px) 100vw, 1000px\" data-recalc-dims=\"1\" \/><\/figure>\n<\/div>\n\n\n\n<div class=\"wp-block-column is-layout-flow wp-block-column-is-layout-flow\">\n<figure class=\"wp-block-image size-large\"><img loading=\"lazy\" decoding=\"async\" width=\"1024\" height=\"682\" src=\"https:\/\/fujifilm-x.b-cdn.net\/wp-content\/uploads\/2026\/01\/JP_Naoya-Takahashi_Stories_05.jpg?width=1024&#038;height=682\" alt=\"\" class=\"wp-image-346616\" srcset=\"https:\/\/fujifilm-x.b-cdn.net\/wp-content\/uploads\/2026\/01\/JP_Naoya-Takahashi_Stories_05.jpg?width=1024&amp;height=682 1024w, https:\/\/fujifilm-x.b-cdn.net\/wp-content\/uploads\/2026\/01\/JP_Naoya-Takahashi_Stories_05.jpg?width=300&amp;height=200 300w, https:\/\/fujifilm-x.b-cdn.net\/wp-content\/uploads\/2026\/01\/JP_Naoya-Takahashi_Stories_05.jpg?width=768&amp;height=512 768w, https:\/\/fujifilm-x.b-cdn.net\/wp-content\/uploads\/2026\/01\/JP_Naoya-Takahashi_Stories_05.jpg?width=400&amp;height=267 400w, https:\/\/fujifilm-x.b-cdn.net\/wp-content\/uploads\/2026\/01\/JP_Naoya-Takahashi_Stories_05.jpg?width=365&amp;height=243 365w, https:\/\/fujifilm-x.b-cdn.net\/wp-content\/uploads\/2026\/01\/JP_Naoya-Takahashi_Stories_05.jpg?width=600&amp;height=400 600w, https:\/\/fujifilm-x.b-cdn.net\/wp-content\/uploads\/2026\/01\/JP_Naoya-Takahashi_Stories_05.jpg?width=717&amp;height=478 717w, https:\/\/fujifilm-x.b-cdn.net\/wp-content\/uploads\/2026\/01\/JP_Naoya-Takahashi_Stories_05.jpg?width=936&amp;height=624 936w\" sizes=\"auto, (max-width: 1000px) 100vw, 1000px\" data-recalc-dims=\"1\" \/><\/figure>\n<\/div>\n<\/div>\n\n\n\n<div class=\"wp-block-columns has-spacing-medium has-no-design is-layout-flex wp-container-core-columns-is-layout-9d6595d7 wp-block-columns-is-layout-flex\">\n<div class=\"wp-block-column is-layout-flow wp-block-column-is-layout-flow\">\n<figure class=\"wp-block-image size-large\"><img loading=\"lazy\" decoding=\"async\" width=\"682\" height=\"1024\" src=\"https:\/\/fujifilm-x.b-cdn.net\/wp-content\/uploads\/2026\/01\/JP_Naoya-Takahashi_Stories_04.jpg?width=682&#038;height=1024\" alt=\"\" class=\"wp-image-346615\" srcset=\"https:\/\/fujifilm-x.b-cdn.net\/wp-content\/uploads\/2026\/01\/JP_Naoya-Takahashi_Stories_04.jpg?width=682&amp;height=1024 682w, https:\/\/fujifilm-x.b-cdn.net\/wp-content\/uploads\/2026\/01\/JP_Naoya-Takahashi_Stories_04.jpg?width=200&amp;height=300 200w, https:\/\/fujifilm-x.b-cdn.net\/wp-content\/uploads\/2026\/01\/JP_Naoya-Takahashi_Stories_04.jpg?width=365&amp;height=548 365w, https:\/\/fujifilm-x.b-cdn.net\/wp-content\/uploads\/2026\/01\/JP_Naoya-Takahashi_Stories_04.jpg?width=600&amp;height=900 600w, https:\/\/fujifilm-x.b-cdn.net\/wp-content\/uploads\/2026\/01\/JP_Naoya-Takahashi_Stories_04.jpg?width=390&amp;height=585 390w, https:\/\/fujifilm-x.b-cdn.net\/wp-content\/uploads\/2026\/01\/JP_Naoya-Takahashi_Stories_04.jpg?width=480&amp;height=720 480w\" sizes=\"auto, (max-width: 682px) 100vw, 682px\" data-recalc-dims=\"1\" \/><\/figure>\n<\/div>\n\n\n\n<div class=\"wp-block-column is-layout-flow wp-block-column-is-layout-flow\">\n<figure class=\"wp-block-image size-large\"><img loading=\"lazy\" decoding=\"async\" width=\"682\" height=\"1024\" src=\"https:\/\/fujifilm-x.b-cdn.net\/wp-content\/uploads\/2026\/01\/JP_Naoya-Takahashi_Stories_06.jpg?width=682&#038;height=1024\" alt=\"\" class=\"wp-image-346617\" srcset=\"https:\/\/fujifilm-x.b-cdn.net\/wp-content\/uploads\/2026\/01\/JP_Naoya-Takahashi_Stories_06.jpg?width=682&amp;height=1024 682w, https:\/\/fujifilm-x.b-cdn.net\/wp-content\/uploads\/2026\/01\/JP_Naoya-Takahashi_Stories_06.jpg?width=200&amp;height=300 200w, https:\/\/fujifilm-x.b-cdn.net\/wp-content\/uploads\/2026\/01\/JP_Naoya-Takahashi_Stories_06.jpg?width=365&amp;height=548 365w, https:\/\/fujifilm-x.b-cdn.net\/wp-content\/uploads\/2026\/01\/JP_Naoya-Takahashi_Stories_06.jpg?width=600&amp;height=900 600w, https:\/\/fujifilm-x.b-cdn.net\/wp-content\/uploads\/2026\/01\/JP_Naoya-Takahashi_Stories_06.jpg?width=390&amp;height=585 390w, https:\/\/fujifilm-x.b-cdn.net\/wp-content\/uploads\/2026\/01\/JP_Naoya-Takahashi_Stories_06.jpg?width=480&amp;height=720 480w\" sizes=\"auto, (max-width: 682px) 100vw, 682px\" data-recalc-dims=\"1\" \/><\/figure>\n<\/div>\n<\/div>\n\n\n\n<p>Als Filmsimulation verwende ich CLASSIC Neg. Mein Filmrezept Bild tr\u00e4gt den Titel \u201eSunburst\u201c, was w\u00f6rtlich \u201estarkes Sonnenlicht\u201c bedeutet, aber auch eine Oberfl\u00e4chenbehandlung beschreibt, wie man sie bei Instrumenten wie Gitarren findet: Die Mitte ist hell und warm, w\u00e4hrend die R\u00e4nder allm\u00e4hlich dunkler und wie \u201eausgebrannt\u201c wirken.<\/p>\n\n\n\n<p>F\u00fcr das Filmrezept habe ich den \u00a0WEISSABGLEICH leicht in Richtung w\u00e4rmerer T\u00f6ne verschoben, um den <em>\u201eSunburst\u201c-Effekt<\/em> zu verst\u00e4rken und die Cyan-Anteile von CLASSIC Neg. etwas zur\u00fcckzunehmen. Gleichzeitig ist das Farbschema so abgestimmt, dass Rot-, Gelb- und Oranget\u00f6ne besonders zur Geltung kommen. Diese Eigenschaft entfaltet sich meiner Meinung nach besonders gut bei strahlendem Sonnenschein und klarem Wetter.<\/p>\n\n\n\n<p>Die Aufnahmen entstanden mitten im Sommer, im Herzen der Stadt. Die Hitze lag bei gef\u00fchlten 40 \u00b0C und umh\u00fcllte alles. Ich hoffe, dass diese Fotos und das Filmrezept die gl\u00fchende Sonne sp\u00fcrbar machen, die auf der Haut brennt, und die schw\u00fcle Luft, die in der Stadt hing.<\/p>\n\n\n\n<div class=\"wp-block-columns has-spacing-medium has-no-design is-layout-flex wp-container-core-columns-is-layout-9d6595d7 wp-block-columns-is-layout-flex\">\n<div class=\"wp-block-column is-layout-flow wp-block-column-is-layout-flow\">\n<figure class=\"wp-block-image size-large\"><img loading=\"lazy\" decoding=\"async\" width=\"682\" height=\"1024\" src=\"https:\/\/fujifilm-x.b-cdn.net\/wp-content\/uploads\/2026\/01\/JP_Naoya-Takahashi_Stories_07.jpg?width=682&#038;height=1024\" alt=\"\" class=\"wp-image-346618\" srcset=\"https:\/\/fujifilm-x.b-cdn.net\/wp-content\/uploads\/2026\/01\/JP_Naoya-Takahashi_Stories_07.jpg?width=682&amp;height=1024 682w, https:\/\/fujifilm-x.b-cdn.net\/wp-content\/uploads\/2026\/01\/JP_Naoya-Takahashi_Stories_07.jpg?width=200&amp;height=300 200w, https:\/\/fujifilm-x.b-cdn.net\/wp-content\/uploads\/2026\/01\/JP_Naoya-Takahashi_Stories_07.jpg?width=365&amp;height=548 365w, https:\/\/fujifilm-x.b-cdn.net\/wp-content\/uploads\/2026\/01\/JP_Naoya-Takahashi_Stories_07.jpg?width=600&amp;height=900 600w, https:\/\/fujifilm-x.b-cdn.net\/wp-content\/uploads\/2026\/01\/JP_Naoya-Takahashi_Stories_07.jpg?width=390&amp;height=585 390w, https:\/\/fujifilm-x.b-cdn.net\/wp-content\/uploads\/2026\/01\/JP_Naoya-Takahashi_Stories_07.jpg?width=480&amp;height=720 480w\" sizes=\"auto, (max-width: 682px) 100vw, 682px\" data-recalc-dims=\"1\" \/><\/figure>\n<\/div>\n\n\n\n<div class=\"wp-block-column is-layout-flow wp-block-column-is-layout-flow\">\n<figure class=\"wp-block-image size-large\"><img loading=\"lazy\" decoding=\"async\" width=\"682\" height=\"1024\" src=\"https:\/\/fujifilm-x.b-cdn.net\/wp-content\/uploads\/2026\/01\/JP_Naoya-Takahashi_Stories_08.jpg?width=682&#038;height=1024\" alt=\"\" class=\"wp-image-346619\" srcset=\"https:\/\/fujifilm-x.b-cdn.net\/wp-content\/uploads\/2026\/01\/JP_Naoya-Takahashi_Stories_08.jpg?width=682&amp;height=1024 682w, https:\/\/fujifilm-x.b-cdn.net\/wp-content\/uploads\/2026\/01\/JP_Naoya-Takahashi_Stories_08.jpg?width=200&amp;height=300 200w, https:\/\/fujifilm-x.b-cdn.net\/wp-content\/uploads\/2026\/01\/JP_Naoya-Takahashi_Stories_08.jpg?width=365&amp;height=548 365w, https:\/\/fujifilm-x.b-cdn.net\/wp-content\/uploads\/2026\/01\/JP_Naoya-Takahashi_Stories_08.jpg?width=600&amp;height=900 600w, https:\/\/fujifilm-x.b-cdn.net\/wp-content\/uploads\/2026\/01\/JP_Naoya-Takahashi_Stories_08.jpg?width=390&amp;height=585 390w, https:\/\/fujifilm-x.b-cdn.net\/wp-content\/uploads\/2026\/01\/JP_Naoya-Takahashi_Stories_08.jpg?width=480&amp;height=720 480w\" sizes=\"auto, (max-width: 682px) 100vw, 682px\" data-recalc-dims=\"1\" \/><\/figure>\n<\/div>\n<\/div>\n\n\n\n<p><strong>FILMSIMULATION:<\/strong> CLASSIC Neg.<br><strong>MONOCHROMATISCHE FARBE:<\/strong> N\/A<br><strong>K\u00d6RNUNGSEFFEKT:<\/strong> AUS<br><strong>COLOR CHROME EFFEKT:<\/strong> SCHWACH<br><strong>COLOR CHROME FX BLAU:<\/strong> SCHWACH<br><strong>GLATTE-HAUT-EFFEKT:<\/strong> AUS<br><strong>WEISSABGLEICH:<\/strong> AUTO \/ R +2, B -3<br><strong>DYNAMIKBEREICH:<\/strong> DR200<br><strong>DYNAMIKBEREICH-PRIORIT\u00c4T:<\/strong> AUS<br><strong>TONWERTKURVE:<\/strong> H +0,5, S -1,0<br><strong>FARBE:<\/strong> +1<br><strong>SCH\u00c4RFE:<\/strong> 0<br><strong>HOHE-ISO-RAUSCHUNTERDR\u00dcCKUNG:<\/strong> 0<br><strong>KLARHEIT:<\/strong> 0<\/p>\n","protected":false},"excerpt":{"rendered":"<p>Um 2018 herum begann ich bewusst, in der Stadt zu fotografieren. Zwar hatte ich auch vorher schon hin und wieder Fotos gemacht, doch erst damals ging ich mit dem klaren Vorsatz los: \u201eHeute gehe ich in die Stadt, um zu fotografieren.\u201c Schon damals hatte ich keinen festen Plan \u2013 ich lief einfach umher, beobachtete und [&hellip;]<\/p>\n","protected":false},"author":128,"featured_media":346611,"template":"","category":[2084,1006,1202,13924,13607,1055,3211,3309,320,3162,1986,565,13898,8307],"post_tag":[],"class_list":["post-355880","story","type-story","status-publish","has-post-thumbnail","hentry","category-be-inspired","category-cameras","category-category","category-classic-neg","category-film-simulation","category-lenses","category-x-series-mirrorless","category-x-mount-prime","category-products","category-x-mount","category-x-series","category-stories","category-x-e5","category-xf33mmf14-r-lm-wr"],"pp_statuses_selecting_workflow":false,"pp_workflow_action":"current","pp_status_selection":"publish","acf":[],"publishpress_future_action":{"enabled":false,"date":"2026-05-08 18:52:06","action":"change-status","newStatus":"draft","terms":[],"taxonomy":"category","extraData":[]},"publishpress_future_workflow_manual_trigger":{"enabledWorkflows":[]},"_links":{"self":[{"href":"https:\/\/www.fujifilm-x.com\/de-de\/wp-json\/wp\/v2\/story\/355880","targetHints":{"allow":["GET"]}}],"collection":[{"href":"https:\/\/www.fujifilm-x.com\/de-de\/wp-json\/wp\/v2\/story"}],"about":[{"href":"https:\/\/www.fujifilm-x.com\/de-de\/wp-json\/wp\/v2\/types\/story"}],"author":[{"embeddable":true,"href":"https:\/\/www.fujifilm-x.com\/de-de\/wp-json\/wp\/v2\/users\/128"}],"wp:featuredmedia":[{"embeddable":true,"href":"https:\/\/www.fujifilm-x.com\/de-de\/wp-json\/wp\/v2\/media\/346611"}],"wp:attachment":[{"href":"https:\/\/www.fujifilm-x.com\/de-de\/wp-json\/wp\/v2\/media?parent=355880"}],"wp:term":[{"taxonomy":"category","embeddable":true,"href":"https:\/\/www.fujifilm-x.com\/de-de\/wp-json\/wp\/v2\/category?post=355880"},{"taxonomy":"post_tag","embeddable":true,"href":"https:\/\/www.fujifilm-x.com\/de-de\/wp-json\/wp\/v2\/post_tag?post=355880"}],"curies":[{"name":"wp","href":"https:\/\/api.w.org\/{rel}","templated":true}]}},{"id":355879,"date":"2026-04-24T00:52:31","date_gmt":"2026-04-24T00:52:31","guid":{"rendered":"https:\/\/www.fujifilm-x.com\/?post_type=story&#038;p=355879"},"modified":"2026-04-24T00:52:38","modified_gmt":"2026-04-24T00:52:38","slug":"classic-neg-filmrezept-x-nathalie-boucry","status":"publish","type":"story","link":"https:\/\/www.fujifilm-x.com\/de-de\/stories\/classic-neg-filmrezept-x-nathalie-boucry\/","title":{"rendered":"CLASSIC Neg. FILMREZEPT x Nathalie Boucry"},"content":{"rendered":"\n<h2 class=\"wp-block-heading\">Alltagsfotografie mit \u201eThe Rewinder\u201c \u2013 ein Filmrezept basierend auf CLASSIC Neg.<\/h2>\n\n\n\n<figure class=\"wp-block-image size-large\"><img loading=\"lazy\" decoding=\"async\" width=\"1024\" height=\"682\" src=\"https:\/\/fujifilm-x.b-cdn.net\/wp-content\/uploads\/2026\/01\/ZA_Nathalie-Boucry_Stories_02.jpg?width=1024&#038;height=682\" alt=\"\" class=\"wp-image-342551\" srcset=\"https:\/\/fujifilm-x.b-cdn.net\/wp-content\/uploads\/2026\/01\/ZA_Nathalie-Boucry_Stories_02.jpg?width=1024&amp;height=682 1024w, https:\/\/fujifilm-x.b-cdn.net\/wp-content\/uploads\/2026\/01\/ZA_Nathalie-Boucry_Stories_02.jpg?width=300&amp;height=200 300w, https:\/\/fujifilm-x.b-cdn.net\/wp-content\/uploads\/2026\/01\/ZA_Nathalie-Boucry_Stories_02.jpg?width=768&amp;height=512 768w, https:\/\/fujifilm-x.b-cdn.net\/wp-content\/uploads\/2026\/01\/ZA_Nathalie-Boucry_Stories_02.jpg?width=400&amp;height=267 400w, https:\/\/fujifilm-x.b-cdn.net\/wp-content\/uploads\/2026\/01\/ZA_Nathalie-Boucry_Stories_02.jpg?width=365&amp;height=243 365w, https:\/\/fujifilm-x.b-cdn.net\/wp-content\/uploads\/2026\/01\/ZA_Nathalie-Boucry_Stories_02.jpg?width=600&amp;height=400 600w, https:\/\/fujifilm-x.b-cdn.net\/wp-content\/uploads\/2026\/01\/ZA_Nathalie-Boucry_Stories_02.jpg?width=717&amp;height=478 717w, https:\/\/fujifilm-x.b-cdn.net\/wp-content\/uploads\/2026\/01\/ZA_Nathalie-Boucry_Stories_02.jpg?width=936&amp;height=624 936w\" sizes=\"auto, (max-width: 1000px) 100vw, 1000px\" data-recalc-dims=\"1\" \/><\/figure>\n\n\n\n<h3 class=\"wp-block-heading\">Der Anfang<\/h3>\n\n\n\n<p><em>\u201eIch komme nach Hause!\u201c<\/em> \u2013 Diese Worte meiner Tochter, begleitet von ihrem strahlenden L\u00e4cheln auf dem Bildschirm, l\u00f6sten in mir sofort eine Welle der Vorfreude aus.<\/p>\n\n\n\n<p>Sie hatte es geschafft, in ihrem vollen Terminkalender als Studentin in den Niederlanden Zeit f\u00fcr einen kurzen Besuch bei uns freizuschaufeln.<\/p>\n\n\n\n<p>Ein ganzes Jahr war seit ihrem letzten Besuch vergangen, und die Aussicht, sie wieder f\u00fcr ein paar Wochen bei uns zu haben, war einfach wunderbar. Diese kostbare Zeit inspirierte mich dazu, ein neues Filmrezept zu entwickeln \u2013 eines, das nicht nur Spa\u00df macht, sondern auch perfekt f\u00fcr ausdrucksstarke Familienfotos geeignet ist.<\/p>\n\n\n\n<h3 class=\"wp-block-heading\">Der Hintergrund<\/h3>\n\n\n\n<p>Familienfotografie liegt mir besonders am Herzen, sowohl beruflich als auch privat.<\/p>\n\n\n\n<p>Ich bin in den Achtzigern in einem Zuhause aufgewachsen, in dem gedruckte Fotos allgegenw\u00e4rtig waren: gerahmt an den W\u00e4nden oder sorgf\u00e4ltig in Alben geklebt, erz\u00e4hlten sie von Abenteuern, Urlauben und dem ganz normalen Alltag.<\/p>\n\n\n\n<p>Mein Vater, ein leidenschaftlicher Hobbyfotograf, verbrachte seine Wochenenden damit, unser Familienleben auf Negativ- und Diafilm festzuhalten. Ich erinnere mich noch gut, wie er bei Ausfl\u00fcgen oft zur\u00fcckblieb \u2013 fast so, als w\u00fcrde er sich verlaufen \u2013, nur um den perfekten Moment einzufangen. Oder wie er im Wohnzimmer sa\u00df, umgeben von Diaprojektoren und Vergr\u00f6\u00dferern, um seine Aufnahmen zu sortieren und zu pr\u00e4sentieren. Seine legend\u00e4ren Dia-Abende waren bei Freunden und Familie stets ein Highlight.<\/p>\n\n\n\n<p>Seine Begeisterung steckte mich schon fr\u00fch an. Als Teenager nutzte ich jede Gelegenheit, um Momente mit Freunden, zu Hause oder im Urlaub festzuhalten. Mit der Zeit begann ich, mit verschiedenen Filmtypen und Filtern zu experimentieren \u2013 eine Erfahrung, die meine Wahrnehmung von Licht und Farbe pr\u00e4gte und meine Vorliebe f\u00fcr den Vintage-Look weckte.<\/p>\n\n\n\n<p>Kein Wunder also, dass mich Fujifilm-Kameras und Filmsimulationen faszinieren und ich gerne kreativ mit Filmrezepten arbeite.<\/p>\n\n\n\n<h3 class=\"wp-block-heading\">Das Filmrezept<\/h3>\n\n\n\n<p>Als ich den Besuch meiner Tochter vorbereitete, dachte ich oft an die Familienfotos meines Vaters zur\u00fcck. Das inspirierte mich, ein Filmrezept zu entwickeln, das den Charme gedruckter Familienfotos einfangen sollte. Gleichzeitig sollte es aber auch meinen Vater und seinen Einfluss auf meine Fotografie und meine Wertsch\u00e4tzung f\u00fcr die allt\u00e4gliche Familienfotografie w\u00fcrdigen.<\/p>\n\n\n\n<figure class=\"wp-block-image size-large\"><img loading=\"lazy\" decoding=\"async\" width=\"1024\" height=\"512\" src=\"https:\/\/fujifilm-x.b-cdn.net\/wp-content\/uploads\/2026\/01\/ZA_Nathalie-Boucry_Stories_03.jpg?width=1024&#038;height=512\" alt=\"\" class=\"wp-image-342553\" srcset=\"https:\/\/fujifilm-x.b-cdn.net\/wp-content\/uploads\/2026\/01\/ZA_Nathalie-Boucry_Stories_03.jpg?width=1024&amp;height=512 1024w, https:\/\/fujifilm-x.b-cdn.net\/wp-content\/uploads\/2026\/01\/ZA_Nathalie-Boucry_Stories_03.jpg?width=300&amp;height=150 300w, https:\/\/fujifilm-x.b-cdn.net\/wp-content\/uploads\/2026\/01\/ZA_Nathalie-Boucry_Stories_03.jpg?width=768&amp;height=384 768w, https:\/\/fujifilm-x.b-cdn.net\/wp-content\/uploads\/2026\/01\/ZA_Nathalie-Boucry_Stories_03.jpg?width=400&amp;height=200 400w, https:\/\/fujifilm-x.b-cdn.net\/wp-content\/uploads\/2026\/01\/ZA_Nathalie-Boucry_Stories_03.jpg?width=365&amp;height=183 365w, https:\/\/fujifilm-x.b-cdn.net\/wp-content\/uploads\/2026\/01\/ZA_Nathalie-Boucry_Stories_03.jpg?width=600&amp;height=300 600w, https:\/\/fujifilm-x.b-cdn.net\/wp-content\/uploads\/2026\/01\/ZA_Nathalie-Boucry_Stories_03.jpg?width=717&amp;height=359 717w, https:\/\/fujifilm-x.b-cdn.net\/wp-content\/uploads\/2026\/01\/ZA_Nathalie-Boucry_Stories_03.jpg?width=936&amp;height=468 936w\" sizes=\"auto, (max-width: 1000px) 100vw, 1000px\" data-recalc-dims=\"1\" \/><\/figure>\n\n\n\n<p>Also machte ich mich daran, einen Look zu kreieren, der warm, kontrastreich und farbenfroh ist, aber mit einer leichten Ents\u00e4ttigung, als w\u00e4ren die Bilder jahrelang in Alben oder Schachteln aufbewahrt worden.<\/p>\n\n\n\n<p>CLASSIC Neg. bot die ideale Grundlage: kontrastreiche Bilder mit intensiven, charaktervollen Farben, die sich perfekt f\u00fcr den analogen Look alter Familienschnappsch\u00fcsse eignen.<\/p>\n\n\n\n<p>Ich belie\u00df den WEISSABGLEICH auf AUTO, um Flexibilit\u00e4t f\u00fcr spontane Aufnahmen zu bewahren, und nutzte den WEISSABGLEICH-Shift, um einen warmen Farbstich und eine nostalgische Stimmung zu erzeugen.<\/p>\n\n\n\n<p>Ein leichter K\u00d6RNUNGSEFFEKT verleiht den Bildern eine nat\u00fcrliche Textur, die an echtes Filmmaterial erinnert, besonders bei Hoher-ISO-Rauschunterdr\u00fcckung.<\/p>\n\n\n\n<p>Um den ents\u00e4ttigten Look zu verst\u00e4rken, reduzierte ich die FARBE und w\u00e4hlte f\u00fcr SCHATTEN eine negative Einstellung, sodass die Schwarzt\u00f6ne sanft verblassen, ohne den Kontrast zu st\u00f6ren.<\/p>\n\n\n\n<p>Durch das Zur\u00fccknehmen von SCH\u00c4RFE und KLARHEIT wirken die Aufnahmen weicher und weniger digital \u2013 ein Effekt, der an klassische Filmfotografie erinnert und den Look abrundet.<\/p>\n\n\n\n<h3 class=\"wp-block-heading\"><strong>\u201cThe Rewinder\u201d<\/strong><\/h3>\n\n\n\n<p>Dieses Filmrezept, das ich liebevoll <em>\u201eThe Rewinder\u201c<\/em> (\u201eR\u00fcckspulknopf\u201c) nannte, bew\u00e4hrte sich hervorragend, um die kostbaren Momente mit meiner Tochter festzuhalten. Das Filmrezept eignet sich ideal f\u00fcr alle, die kontrastreiche, farbenfrohe Bilder mit analogem Flair suchen.<\/p>\n\n\n\n<figure class=\"wp-block-image size-large\"><img loading=\"lazy\" decoding=\"async\" width=\"1024\" height=\"682\" src=\"https:\/\/fujifilm-x.b-cdn.net\/wp-content\/uploads\/2026\/01\/ZA_Nathalie-Boucry_Stories_04.jpg?width=1024&#038;height=682\" alt=\"\" class=\"wp-image-342552\" srcset=\"https:\/\/fujifilm-x.b-cdn.net\/wp-content\/uploads\/2026\/01\/ZA_Nathalie-Boucry_Stories_04.jpg?width=1024&amp;height=682 1024w, https:\/\/fujifilm-x.b-cdn.net\/wp-content\/uploads\/2026\/01\/ZA_Nathalie-Boucry_Stories_04.jpg?width=300&amp;height=200 300w, https:\/\/fujifilm-x.b-cdn.net\/wp-content\/uploads\/2026\/01\/ZA_Nathalie-Boucry_Stories_04.jpg?width=768&amp;height=512 768w, https:\/\/fujifilm-x.b-cdn.net\/wp-content\/uploads\/2026\/01\/ZA_Nathalie-Boucry_Stories_04.jpg?width=400&amp;height=267 400w, https:\/\/fujifilm-x.b-cdn.net\/wp-content\/uploads\/2026\/01\/ZA_Nathalie-Boucry_Stories_04.jpg?width=365&amp;height=243 365w, https:\/\/fujifilm-x.b-cdn.net\/wp-content\/uploads\/2026\/01\/ZA_Nathalie-Boucry_Stories_04.jpg?width=600&amp;height=400 600w, https:\/\/fujifilm-x.b-cdn.net\/wp-content\/uploads\/2026\/01\/ZA_Nathalie-Boucry_Stories_04.jpg?width=717&amp;height=478 717w, https:\/\/fujifilm-x.b-cdn.net\/wp-content\/uploads\/2026\/01\/ZA_Nathalie-Boucry_Stories_04.jpg?width=936&amp;height=624 936w\" sizes=\"auto, (max-width: 1000px) 100vw, 1000px\" data-recalc-dims=\"1\" \/><\/figure>\n\n\n\n<p>Ich habe es in verschiedenen Situationen getestet: drinnen und drau\u00dfen, bei Landschaften, Portr\u00e4ts, bei hellem Tageslicht und bew\u00f6lktem Himmel \u2013 sogar mit Studioblitzen.<\/p>\n\n\n\n<figure class=\"wp-block-image size-large is-resized\"><img loading=\"lazy\" decoding=\"async\" width=\"1024\" height=\"512\" src=\"https:\/\/fujifilm-x.b-cdn.net\/wp-content\/uploads\/2026\/01\/ZA_Nathalie-Boucry_Stories_05.jpg?width=1024&#038;height=512\" alt=\"\" class=\"wp-image-342554\" style=\"width:999px;height:auto\" srcset=\"https:\/\/fujifilm-x.b-cdn.net\/wp-content\/uploads\/2026\/01\/ZA_Nathalie-Boucry_Stories_05.jpg?width=1024&amp;height=512 1024w, https:\/\/fujifilm-x.b-cdn.net\/wp-content\/uploads\/2026\/01\/ZA_Nathalie-Boucry_Stories_05.jpg?width=300&amp;height=150 300w, https:\/\/fujifilm-x.b-cdn.net\/wp-content\/uploads\/2026\/01\/ZA_Nathalie-Boucry_Stories_05.jpg?width=768&amp;height=384 768w, https:\/\/fujifilm-x.b-cdn.net\/wp-content\/uploads\/2026\/01\/ZA_Nathalie-Boucry_Stories_05.jpg?width=400&amp;height=200 400w, https:\/\/fujifilm-x.b-cdn.net\/wp-content\/uploads\/2026\/01\/ZA_Nathalie-Boucry_Stories_05.jpg?width=365&amp;height=183 365w, https:\/\/fujifilm-x.b-cdn.net\/wp-content\/uploads\/2026\/01\/ZA_Nathalie-Boucry_Stories_05.jpg?width=600&amp;height=300 600w, https:\/\/fujifilm-x.b-cdn.net\/wp-content\/uploads\/2026\/01\/ZA_Nathalie-Boucry_Stories_05.jpg?width=717&amp;height=359 717w, https:\/\/fujifilm-x.b-cdn.net\/wp-content\/uploads\/2026\/01\/ZA_Nathalie-Boucry_Stories_05.jpg?width=936&amp;height=468 936w\" sizes=\"auto, (max-width: 1000px) 100vw, 1000px\" data-recalc-dims=\"1\" \/><\/figure>\n\n\n\n<p><strong>FILMSIMULATION:<\/strong> CLASSIC Neg.<br><strong>MONOCHROMATISCHE FARBE:<\/strong> N\/A<br><strong>K\u00d6RNUNGSEFFEKT:<\/strong> SCHWACH, KLEIN<br><strong>COLOR CHROME EFFEKT:<\/strong> STARK<br><strong>COLOR CHROME FX BLAU:<\/strong> AUS<br><strong>GLATTE-HAUT-EFFEKT:<\/strong> AUS<br><strong>WEISSABGLEICH:<\/strong> AUTO \/ R +1, B -5<br><strong>DYNAMIKBEREICH:<\/strong> DR400<br><strong>DYNAMIKBEREICH-PRIORIT\u00c4T:<\/strong> AUS<br><strong>TONWERTKURVE:<\/strong> H +0,5, S -1,5<br><strong>FARBE:<\/strong> -1<br><strong>SCH\u00c4RFE:<\/strong> -2<br><strong>HOHE-ISO-RAUSCHUNTERDR\u00dcCKUNG:<\/strong> -4<br><strong>KLARHEIT:<\/strong> -2<\/p>\n\n\n\n<h3 class=\"wp-block-heading\">Beste Eigenschaften<\/h3>\n\n\n\n<p>What I like most about this FS RECIPE is the overall tone and the quality of the colours, despite the muted look. Thanks to CLASSIC Neg., reds pop and shadow areas tend to have a greenish tinge. The colours render differently depending on the quality of light and the amount of exposure compensation applied, which makes it exciting to experiment with.<\/p>\n\n\n\n<figure class=\"wp-block-image size-large\"><img loading=\"lazy\" decoding=\"async\" width=\"1024\" height=\"409\" src=\"https:\/\/fujifilm-x.b-cdn.net\/wp-content\/uploads\/2026\/01\/ZA_Nathalie-Boucry_Stories_06.jpg?width=1024&#038;height=409\" alt=\"\" class=\"wp-image-342555\" srcset=\"https:\/\/fujifilm-x.b-cdn.net\/wp-content\/uploads\/2026\/01\/ZA_Nathalie-Boucry_Stories_06.jpg?width=1024&amp;height=409 1024w, https:\/\/fujifilm-x.b-cdn.net\/wp-content\/uploads\/2026\/01\/ZA_Nathalie-Boucry_Stories_06.jpg?width=300&amp;height=120 300w, https:\/\/fujifilm-x.b-cdn.net\/wp-content\/uploads\/2026\/01\/ZA_Nathalie-Boucry_Stories_06.jpg?width=768&amp;height=307 768w, https:\/\/fujifilm-x.b-cdn.net\/wp-content\/uploads\/2026\/01\/ZA_Nathalie-Boucry_Stories_06.jpg?width=400&amp;height=160 400w, https:\/\/fujifilm-x.b-cdn.net\/wp-content\/uploads\/2026\/01\/ZA_Nathalie-Boucry_Stories_06.jpg?width=365&amp;height=146 365w, https:\/\/fujifilm-x.b-cdn.net\/wp-content\/uploads\/2026\/01\/ZA_Nathalie-Boucry_Stories_06.jpg?width=600&amp;height=240 600w, https:\/\/fujifilm-x.b-cdn.net\/wp-content\/uploads\/2026\/01\/ZA_Nathalie-Boucry_Stories_06.jpg?width=717&amp;height=286 717w, https:\/\/fujifilm-x.b-cdn.net\/wp-content\/uploads\/2026\/01\/ZA_Nathalie-Boucry_Stories_06.jpg?width=936&amp;height=374 936w\" sizes=\"auto, (max-width: 1000px) 100vw, 1000px\" data-recalc-dims=\"1\" \/><figcaption class=\"wp-element-caption\">Beispiele f\u00fcr verschiedene Darstellungen von Rot und wie CLASSIC Neg. diese besonders zur Geltung bringt.<\/figcaption><\/figure>\n\n\n\n<figure class=\"wp-block-image size-large\"><img loading=\"lazy\" decoding=\"async\" width=\"1024\" height=\"512\" src=\"https:\/\/fujifilm-x.b-cdn.net\/wp-content\/uploads\/2026\/01\/ZA_Nathalie-Boucry_Stories_07.jpg?width=1024&#038;height=512\" alt=\"\" class=\"wp-image-342556\" srcset=\"https:\/\/fujifilm-x.b-cdn.net\/wp-content\/uploads\/2026\/01\/ZA_Nathalie-Boucry_Stories_07.jpg?width=1024&amp;height=512 1024w, https:\/\/fujifilm-x.b-cdn.net\/wp-content\/uploads\/2026\/01\/ZA_Nathalie-Boucry_Stories_07.jpg?width=300&amp;height=150 300w, https:\/\/fujifilm-x.b-cdn.net\/wp-content\/uploads\/2026\/01\/ZA_Nathalie-Boucry_Stories_07.jpg?width=768&amp;height=384 768w, https:\/\/fujifilm-x.b-cdn.net\/wp-content\/uploads\/2026\/01\/ZA_Nathalie-Boucry_Stories_07.jpg?width=400&amp;height=200 400w, https:\/\/fujifilm-x.b-cdn.net\/wp-content\/uploads\/2026\/01\/ZA_Nathalie-Boucry_Stories_07.jpg?width=365&amp;height=183 365w, https:\/\/fujifilm-x.b-cdn.net\/wp-content\/uploads\/2026\/01\/ZA_Nathalie-Boucry_Stories_07.jpg?width=600&amp;height=300 600w, https:\/\/fujifilm-x.b-cdn.net\/wp-content\/uploads\/2026\/01\/ZA_Nathalie-Boucry_Stories_07.jpg?width=717&amp;height=359 717w, https:\/\/fujifilm-x.b-cdn.net\/wp-content\/uploads\/2026\/01\/ZA_Nathalie-Boucry_Stories_07.jpg?width=936&amp;height=468 936w\" sizes=\"auto, (max-width: 1000px) 100vw, 1000px\" data-recalc-dims=\"1\" \/><figcaption class=\"wp-element-caption\">Beispiele, die zeigen, wie CLASSIC Neg. die Farbe Gr\u00fcn unter verschiedenen Lichtverh\u00e4ltnissen wiedergibt.<\/figcaption><\/figure>\n\n\n\n<h3 class=\"wp-block-heading\">Hinweis<\/h3>\n\n\n\n<p>In Szenen mit geringem Kontrast oder bei schlechten Lichtverh\u00e4ltnissen entfaltet das Rezept seine Wirkung nicht optimal. Eine leichte \u00dcberbelichtung um 1\/3 bis 2\/3 Blendenstufe verbessert die Ergebnisse oft.<\/p>\n\n\n\n<h3 class=\"wp-block-heading\">Profi-Tipp<\/h3>\n\n\n\n<p>Das Rezept erzeugt einen warmen Farbstich. F\u00fcr einen k\u00fchleren Look einfach den WEISSABGLEICH-Shift auf R 0, B -3 anpassen \u2013 ideal bei sonnigem Wetter, aber weniger geeignet f\u00fcr bew\u00f6lkte oder dunkle Umgebungen.<\/p>\n\n\n\n<figure class=\"wp-block-image size-large\"><img loading=\"lazy\" decoding=\"async\" width=\"1024\" height=\"640\" src=\"https:\/\/fujifilm-x.b-cdn.net\/wp-content\/uploads\/2026\/01\/ZA_Nathalie-Boucry_Stories_08.jpg?width=1024&#038;height=640\" alt=\"\" class=\"wp-image-342557\" srcset=\"https:\/\/fujifilm-x.b-cdn.net\/wp-content\/uploads\/2026\/01\/ZA_Nathalie-Boucry_Stories_08.jpg?width=1024&amp;height=640 1024w, https:\/\/fujifilm-x.b-cdn.net\/wp-content\/uploads\/2026\/01\/ZA_Nathalie-Boucry_Stories_08.jpg?width=300&amp;height=188 300w, https:\/\/fujifilm-x.b-cdn.net\/wp-content\/uploads\/2026\/01\/ZA_Nathalie-Boucry_Stories_08.jpg?width=768&amp;height=480 768w, https:\/\/fujifilm-x.b-cdn.net\/wp-content\/uploads\/2026\/01\/ZA_Nathalie-Boucry_Stories_08.jpg?width=400&amp;height=250 400w, https:\/\/fujifilm-x.b-cdn.net\/wp-content\/uploads\/2026\/01\/ZA_Nathalie-Boucry_Stories_08.jpg?width=365&amp;height=228 365w, https:\/\/fujifilm-x.b-cdn.net\/wp-content\/uploads\/2026\/01\/ZA_Nathalie-Boucry_Stories_08.jpg?width=600&amp;height=375 600w, https:\/\/fujifilm-x.b-cdn.net\/wp-content\/uploads\/2026\/01\/ZA_Nathalie-Boucry_Stories_08.jpg?width=717&amp;height=448 717w, https:\/\/fujifilm-x.b-cdn.net\/wp-content\/uploads\/2026\/01\/ZA_Nathalie-Boucry_Stories_08.jpg?width=936&amp;height=585 936w\" sizes=\"auto, (max-width: 1000px) 100vw, 1000px\" data-recalc-dims=\"1\" \/><figcaption class=\"wp-element-caption\">Ich liebe die Tiefe des ents\u00e4ttigten, kontrastreichen Looks von Landschafts- und Au\u00dfenaufnahmen. Das Filmrezept-Look kommt bei sonnigen Bedingungen besonders gut zur Geltung.<\/figcaption><\/figure>\n\n\n\n<figure class=\"wp-block-image size-large\"><img loading=\"lazy\" decoding=\"async\" width=\"1024\" height=\"512\" src=\"https:\/\/fujifilm-x.b-cdn.net\/wp-content\/uploads\/2026\/01\/ZA_Nathalie-Boucry_Stories_09.jpg?width=1024&#038;height=512\" alt=\"\" class=\"wp-image-342558\" srcset=\"https:\/\/fujifilm-x.b-cdn.net\/wp-content\/uploads\/2026\/01\/ZA_Nathalie-Boucry_Stories_09.jpg?width=1024&amp;height=512 1024w, https:\/\/fujifilm-x.b-cdn.net\/wp-content\/uploads\/2026\/01\/ZA_Nathalie-Boucry_Stories_09.jpg?width=300&amp;height=150 300w, https:\/\/fujifilm-x.b-cdn.net\/wp-content\/uploads\/2026\/01\/ZA_Nathalie-Boucry_Stories_09.jpg?width=768&amp;height=384 768w, https:\/\/fujifilm-x.b-cdn.net\/wp-content\/uploads\/2026\/01\/ZA_Nathalie-Boucry_Stories_09.jpg?width=400&amp;height=200 400w, https:\/\/fujifilm-x.b-cdn.net\/wp-content\/uploads\/2026\/01\/ZA_Nathalie-Boucry_Stories_09.jpg?width=365&amp;height=183 365w, https:\/\/fujifilm-x.b-cdn.net\/wp-content\/uploads\/2026\/01\/ZA_Nathalie-Boucry_Stories_09.jpg?width=600&amp;height=300 600w, https:\/\/fujifilm-x.b-cdn.net\/wp-content\/uploads\/2026\/01\/ZA_Nathalie-Boucry_Stories_09.jpg?width=717&amp;height=359 717w, https:\/\/fujifilm-x.b-cdn.net\/wp-content\/uploads\/2026\/01\/ZA_Nathalie-Boucry_Stories_09.jpg?width=936&amp;height=468 936w\" sizes=\"auto, (max-width: 1000px) 100vw, 1000px\" data-recalc-dims=\"1\" \/><figcaption class=\"wp-element-caption\">Der tiefe Kontrast und die satte Farbwiedergabe machen Innenaufnahmen interessant und einladend.<\/figcaption><\/figure>\n\n\n\n<figure class=\"wp-block-image size-large\"><img loading=\"lazy\" decoding=\"async\" width=\"1024\" height=\"341\" src=\"https:\/\/fujifilm-x.b-cdn.net\/wp-content\/uploads\/2026\/01\/ZA_Nathalie-Boucry_Stories_10.jpg?width=1024&#038;height=341\" alt=\"\" class=\"wp-image-342559\" srcset=\"https:\/\/fujifilm-x.b-cdn.net\/wp-content\/uploads\/2026\/01\/ZA_Nathalie-Boucry_Stories_10.jpg?width=1024&amp;height=341 1024w, https:\/\/fujifilm-x.b-cdn.net\/wp-content\/uploads\/2026\/01\/ZA_Nathalie-Boucry_Stories_10.jpg?width=300&amp;height=100 300w, https:\/\/fujifilm-x.b-cdn.net\/wp-content\/uploads\/2026\/01\/ZA_Nathalie-Boucry_Stories_10.jpg?width=768&amp;height=256 768w, https:\/\/fujifilm-x.b-cdn.net\/wp-content\/uploads\/2026\/01\/ZA_Nathalie-Boucry_Stories_10.jpg?width=400&amp;height=133 400w, https:\/\/fujifilm-x.b-cdn.net\/wp-content\/uploads\/2026\/01\/ZA_Nathalie-Boucry_Stories_10.jpg?width=365&amp;height=122 365w, https:\/\/fujifilm-x.b-cdn.net\/wp-content\/uploads\/2026\/01\/ZA_Nathalie-Boucry_Stories_10.jpg?width=600&amp;height=200 600w, https:\/\/fujifilm-x.b-cdn.net\/wp-content\/uploads\/2026\/01\/ZA_Nathalie-Boucry_Stories_10.jpg?width=717&amp;height=239 717w, https:\/\/fujifilm-x.b-cdn.net\/wp-content\/uploads\/2026\/01\/ZA_Nathalie-Boucry_Stories_10.jpg?width=936&amp;height=312 936w\" sizes=\"auto, (max-width: 1000px) 100vw, 1000px\" data-recalc-dims=\"1\" \/><figcaption class=\"wp-element-caption\">Sei kreativ und nutze dieses Filmrezept f\u00fcr Langzeitbelichtungen (links) oder Mehrfachbelichtungen direkt in der Kamera (rechts).<\/figcaption><\/figure>\n\n\n\n<h3 class=\"wp-block-heading\">Das Filmrezept f\u00fcr mehr nostalgischen Charme im Alltag<\/h3>\n\n\n\n<p>Dieses Filmrezept ist ideal f\u00fcr alle, die ihren Alltagsaufnahmen, sowohl drinnen als auch drau\u00dfen, einen nostalgischen Charakter verleihen m\u00f6chten.<\/p>\n\n\n\n<p>Seine wahre St\u00e4rke liegt darin, digitale Bilder in eine vergangene Zeit zu versetzen.<\/p>\n\n\n\n<p>Fotos, die mit diesem Filmrezept aufgenommen wurden, zeichnen sich durch eine unverwechselbare \u00c4sthetik vergangener Epochen aus. Sie zeigen das typische Bildkorn sowie ged\u00e4mpfte und kontrastreiche Farben, wie man sie von analogen Fotografien kennt \u2013 die wesentlichen Merkmale von Erinnerungen. Dieses Rezept ist eine hervorragende Wahl, um direkt aus der Kamera Erinnerungen im Analog-Look zu kreieren.<\/p>\n\n\n\n<p>Wenn du deinen Bildern jetzt schon einen nostalgischen Touch verleihen m\u00f6chtest, der mit der Zeit immer besser zur Geltung kommt, ist dieses Filmrezept genau das Richtige f\u00fcr dich.<\/p>\n\n\n\n<figure class=\"wp-block-image size-large\"><img loading=\"lazy\" decoding=\"async\" width=\"1024\" height=\"725\" src=\"https:\/\/fujifilm-x.b-cdn.net\/wp-content\/uploads\/2026\/01\/ZA_Nathalie-Boucry_Stories_11.jpg?width=1024&#038;height=725\" alt=\"\" class=\"wp-image-342560\" srcset=\"https:\/\/fujifilm-x.b-cdn.net\/wp-content\/uploads\/2026\/01\/ZA_Nathalie-Boucry_Stories_11.jpg?width=1024&amp;height=725 1024w, https:\/\/fujifilm-x.b-cdn.net\/wp-content\/uploads\/2026\/01\/ZA_Nathalie-Boucry_Stories_11.jpg?width=300&amp;height=212 300w, https:\/\/fujifilm-x.b-cdn.net\/wp-content\/uploads\/2026\/01\/ZA_Nathalie-Boucry_Stories_11.jpg?width=768&amp;height=544 768w, https:\/\/fujifilm-x.b-cdn.net\/wp-content\/uploads\/2026\/01\/ZA_Nathalie-Boucry_Stories_11.jpg?width=400&amp;height=283 400w, https:\/\/fujifilm-x.b-cdn.net\/wp-content\/uploads\/2026\/01\/ZA_Nathalie-Boucry_Stories_11.jpg?width=365&amp;height=258 365w, https:\/\/fujifilm-x.b-cdn.net\/wp-content\/uploads\/2026\/01\/ZA_Nathalie-Boucry_Stories_11.jpg?width=600&amp;height=425 600w, https:\/\/fujifilm-x.b-cdn.net\/wp-content\/uploads\/2026\/01\/ZA_Nathalie-Boucry_Stories_11.jpg?width=717&amp;height=508 717w, https:\/\/fujifilm-x.b-cdn.net\/wp-content\/uploads\/2026\/01\/ZA_Nathalie-Boucry_Stories_11.jpg?width=936&amp;height=663 936w\" sizes=\"auto, (max-width: 1000px) 100vw, 1000px\" data-recalc-dims=\"1\" \/><\/figure>\n","protected":false},"excerpt":{"rendered":"<p>Alltagsfotografie mit \u201eThe Rewinder\u201c \u2013 ein Filmrezept basierend auf CLASSIC Neg. Der Anfang \u201eIch komme nach Hause!\u201c \u2013 Diese Worte meiner Tochter, begleitet von ihrem strahlenden L\u00e4cheln auf dem Bildschirm, l\u00f6sten in mir sofort eine Welle der Vorfreude aus. Sie hatte es geschafft, in ihrem vollen Terminkalender als Studentin in den Niederlanden Zeit f\u00fcr einen [&hellip;]<\/p>\n","protected":false},"author":128,"featured_media":342550,"template":"","category":[2084,1006,1202,13924,13607,1055,3211,320,3162,1986,565,13898,8503,3358],"post_tag":[],"class_list":["post-355879","story","type-story","status-publish","has-post-thumbnail","hentry","category-be-inspired","category-cameras","category-category","category-classic-neg","category-film-simulation","category-lenses","category-x-series-mirrorless","category-products","category-x-mount","category-x-series","category-stories","category-x-e5","category-xf10-24mmf4-r-ois","category-zoom"],"pp_statuses_selecting_workflow":false,"pp_workflow_action":"current","pp_status_selection":"publish","acf":[],"publishpress_future_action":{"enabled":false,"date":"2026-05-08 18:52:06","action":"change-status","newStatus":"draft","terms":[],"taxonomy":"category","extraData":[]},"publishpress_future_workflow_manual_trigger":{"enabledWorkflows":[]},"_links":{"self":[{"href":"https:\/\/www.fujifilm-x.com\/de-de\/wp-json\/wp\/v2\/story\/355879","targetHints":{"allow":["GET"]}}],"collection":[{"href":"https:\/\/www.fujifilm-x.com\/de-de\/wp-json\/wp\/v2\/story"}],"about":[{"href":"https:\/\/www.fujifilm-x.com\/de-de\/wp-json\/wp\/v2\/types\/story"}],"author":[{"embeddable":true,"href":"https:\/\/www.fujifilm-x.com\/de-de\/wp-json\/wp\/v2\/users\/128"}],"wp:featuredmedia":[{"embeddable":true,"href":"https:\/\/www.fujifilm-x.com\/de-de\/wp-json\/wp\/v2\/media\/342550"}],"wp:attachment":[{"href":"https:\/\/www.fujifilm-x.com\/de-de\/wp-json\/wp\/v2\/media?parent=355879"}],"wp:term":[{"taxonomy":"category","embeddable":true,"href":"https:\/\/www.fujifilm-x.com\/de-de\/wp-json\/wp\/v2\/category?post=355879"},{"taxonomy":"post_tag","embeddable":true,"href":"https:\/\/www.fujifilm-x.com\/de-de\/wp-json\/wp\/v2\/post_tag?post=355879"}],"curies":[{"name":"wp","href":"https:\/\/api.w.org\/{rel}","templated":true}]}},{"id":355878,"date":"2026-04-24T00:51:44","date_gmt":"2026-04-24T00:51:44","guid":{"rendered":"https:\/\/www.fujifilm-x.com\/?post_type=story&#038;p=355878"},"modified":"2026-04-24T00:51:51","modified_gmt":"2026-04-24T00:51:51","slug":"classic-neg-fs-recipe-x-nattanicha-luangsaardkul","status":"publish","type":"story","link":"https:\/\/www.fujifilm-x.com\/de-de\/stories\/classic-neg-fs-recipe-x-nattanicha-luangsaardkul\/","title":{"rendered":"CLASSIC Neg. FS RECIPE x Nattanicha Luangsaardkul"},"content":{"rendered":"\n<h2 class=\"wp-block-heading\">CLASSIC Neg. \u2013 Eine Filmsimulation, die jeden Moment auf meine ganz eigene Art festh\u00e4lt<\/h2>\n\n\n\n<p>Ich bin Fender, Fotografin und Content-Creatorin aus Bangkok, Thailand.<\/p>\n\n\n\n<p>In meiner Arbeit geht es darum, die besonderen Momente des Lebens einzufangen \u2013 ob eine stille Stra\u00dfenszene, ein fl\u00fcchtiges L\u00e4cheln oder das sanfte Licht beim Sonnenuntergang. F\u00fcr mich ist Fotografie mehr als nur das Einfrieren der Zeit: Es geht darum, die Emotionen, die Stimmung und die Geschichten hinter jedem Bild zu bewahren.<\/p>\n\n\n\n<p>Eines der Werkzeuge, das meinen fotografischen Stil ma\u00dfgeblich gepr\u00e4gt hat, ist die Filmsimulation CLASSIC Neg. von Fujifilm. Dieser Look hat in meinem kreativen Prozess einen ganz besonderen Platz. Ich nutze ihn mit meiner FUJIFILM X-T50 in Kombination mit dem XF16-50mmF2.8-4.8 R LM WR \u2013 einer vielseitigen und kompakten Ausr\u00fcstung, die sich perfekt f\u00fcr alles eignet, von weitl\u00e4ufigen Stadtansichten bis zu intimen Portr\u00e4ts.<\/p>\n\n\n\n<figure class=\"wp-block-image size-large\"><img loading=\"lazy\" decoding=\"async\" width=\"1024\" height=\"682\" src=\"https:\/\/fujifilm-x.b-cdn.net\/wp-content\/uploads\/2026\/02\/TH_Nattanicha-Luansaardkul_Stories_03.jpg?width=1024&#038;height=682\" alt=\"\" class=\"wp-image-347625\" srcset=\"https:\/\/fujifilm-x.b-cdn.net\/wp-content\/uploads\/2026\/02\/TH_Nattanicha-Luansaardkul_Stories_03.jpg?width=1024&amp;height=682 1024w, https:\/\/fujifilm-x.b-cdn.net\/wp-content\/uploads\/2026\/02\/TH_Nattanicha-Luansaardkul_Stories_03.jpg?width=300&amp;height=200 300w, https:\/\/fujifilm-x.b-cdn.net\/wp-content\/uploads\/2026\/02\/TH_Nattanicha-Luansaardkul_Stories_03.jpg?width=768&amp;height=512 768w, https:\/\/fujifilm-x.b-cdn.net\/wp-content\/uploads\/2026\/02\/TH_Nattanicha-Luansaardkul_Stories_03.jpg?width=400&amp;height=267 400w, https:\/\/fujifilm-x.b-cdn.net\/wp-content\/uploads\/2026\/02\/TH_Nattanicha-Luansaardkul_Stories_03.jpg?width=365&amp;height=243 365w, https:\/\/fujifilm-x.b-cdn.net\/wp-content\/uploads\/2026\/02\/TH_Nattanicha-Luansaardkul_Stories_03.jpg?width=600&amp;height=400 600w, https:\/\/fujifilm-x.b-cdn.net\/wp-content\/uploads\/2026\/02\/TH_Nattanicha-Luansaardkul_Stories_03.jpg?width=717&amp;height=478 717w, https:\/\/fujifilm-x.b-cdn.net\/wp-content\/uploads\/2026\/02\/TH_Nattanicha-Luansaardkul_Stories_03.jpg?width=936&amp;height=624 936w\" sizes=\"auto, (max-width: 1000px) 100vw, 1000px\" data-recalc-dims=\"1\" \/><\/figure>\n\n\n\n<div class=\"wp-block-columns has-spacing-medium has-no-design is-layout-flex wp-container-core-columns-is-layout-9d6595d7 wp-block-columns-is-layout-flex\">\n<div class=\"wp-block-column is-layout-flow wp-block-column-is-layout-flow\">\n<h2 class=\"wp-block-heading\">Warum CLASSIC Neg. mich begeistert<\/h2>\n\n\n\n<p>CLASSIC Neg. wurde entwickelt, um den Charakter und die \u00c4sthetik klassischer Negativfilme aus der analogen Fotografie nachzuempfinden. Die Simulation bietet eine weiche, aber unverwechselbare Farbpalette mit einer einzigartigen Tiefe. Besonders die typischen Gr\u00fcn- und Rott\u00f6ne verleihen den Aufnahmen eine nostalgische, fast filmische Atmosph\u00e4re \u2013 ideal, um Geschichten zu erz\u00e4hlen, die zeitlos wirken.<\/p>\n<\/div>\n\n\n\n<div class=\"wp-block-column is-layout-flow wp-block-column-is-layout-flow\">\n<figure class=\"wp-block-image size-large\"><img loading=\"lazy\" decoding=\"async\" width=\"682\" height=\"1024\" src=\"https:\/\/fujifilm-x.b-cdn.net\/wp-content\/uploads\/2026\/02\/TH_Nattanicha-Luansaardkul_Stories_01.jpg?width=682&#038;height=1024\" alt=\"\" class=\"wp-image-347623\" srcset=\"https:\/\/fujifilm-x.b-cdn.net\/wp-content\/uploads\/2026\/02\/TH_Nattanicha-Luansaardkul_Stories_01.jpg?width=682&amp;height=1024 682w, https:\/\/fujifilm-x.b-cdn.net\/wp-content\/uploads\/2026\/02\/TH_Nattanicha-Luansaardkul_Stories_01.jpg?width=200&amp;height=300 200w, https:\/\/fujifilm-x.b-cdn.net\/wp-content\/uploads\/2026\/02\/TH_Nattanicha-Luansaardkul_Stories_01.jpg?width=365&amp;height=548 365w, https:\/\/fujifilm-x.b-cdn.net\/wp-content\/uploads\/2026\/02\/TH_Nattanicha-Luansaardkul_Stories_01.jpg?width=600&amp;height=900 600w, https:\/\/fujifilm-x.b-cdn.net\/wp-content\/uploads\/2026\/02\/TH_Nattanicha-Luansaardkul_Stories_01.jpg?width=390&amp;height=585 390w, https:\/\/fujifilm-x.b-cdn.net\/wp-content\/uploads\/2026\/02\/TH_Nattanicha-Luansaardkul_Stories_01.jpg?width=480&amp;height=720 480w\" sizes=\"auto, (max-width: 682px) 100vw, 682px\" data-recalc-dims=\"1\" \/><\/figure>\n<\/div>\n<\/div>\n\n\n\n<div class=\"wp-block-columns has-spacing-medium has-no-design is-layout-flex wp-container-core-columns-is-layout-9d6595d7 wp-block-columns-is-layout-flex\">\n<div class=\"wp-block-column is-layout-flow wp-block-column-is-layout-flow\" style=\"flex-basis:33.33%\">\n<figure class=\"wp-block-image size-large\"><img loading=\"lazy\" decoding=\"async\" width=\"682\" height=\"1024\" src=\"https:\/\/fujifilm-x.b-cdn.net\/wp-content\/uploads\/2026\/02\/TH_Nattanicha-Luansaardkul_Stories_02.jpg?width=682&#038;height=1024\" alt=\"\" class=\"wp-image-347624\" srcset=\"https:\/\/fujifilm-x.b-cdn.net\/wp-content\/uploads\/2026\/02\/TH_Nattanicha-Luansaardkul_Stories_02.jpg?width=682&amp;height=1024 682w, https:\/\/fujifilm-x.b-cdn.net\/wp-content\/uploads\/2026\/02\/TH_Nattanicha-Luansaardkul_Stories_02.jpg?width=200&amp;height=300 200w, https:\/\/fujifilm-x.b-cdn.net\/wp-content\/uploads\/2026\/02\/TH_Nattanicha-Luansaardkul_Stories_02.jpg?width=365&amp;height=548 365w, https:\/\/fujifilm-x.b-cdn.net\/wp-content\/uploads\/2026\/02\/TH_Nattanicha-Luansaardkul_Stories_02.jpg?width=600&amp;height=900 600w, https:\/\/fujifilm-x.b-cdn.net\/wp-content\/uploads\/2026\/02\/TH_Nattanicha-Luansaardkul_Stories_02.jpg?width=390&amp;height=585 390w, https:\/\/fujifilm-x.b-cdn.net\/wp-content\/uploads\/2026\/02\/TH_Nattanicha-Luansaardkul_Stories_02.jpg?width=480&amp;height=720 480w\" sizes=\"auto, (max-width: 682px) 100vw, 682px\" data-recalc-dims=\"1\" \/><\/figure>\n<\/div>\n\n\n\n<div class=\"wp-block-column is-layout-flow wp-block-column-is-layout-flow\" style=\"flex-basis:50%\">\n<h2 class=\"wp-block-heading\">Mein pers\u00f6nlicher Feinschliff<\/h2>\n\n\n\n<p>Obwohl CLASSIC Neg. direkt aus der Kamera bereits beeindruckende Ergebnisse liefert, wirken die Standard-Settings manchmal etwas zu kr\u00e4ftig f\u00fcr meinen Geschmack. Deshalb habe ich den Look angepasst, um ihn weicher und vielseitiger zu gestalten \u2013 so, dass er zu jeder Tageszeit \u00fcberzeugt. Besonders w\u00e4hrend der goldenen Stunde entfaltet er seine volle Magie, wenn die warmen T\u00f6ne perfekt mit der Szene harmonieren.<\/p>\n<\/div>\n<\/div>\n\n\n\n<div class=\"wp-block-columns has-spacing-medium has-no-design is-layout-flex wp-container-core-columns-is-layout-9d6595d7 wp-block-columns-is-layout-flex\">\n<div class=\"wp-block-column is-layout-flow wp-block-column-is-layout-flow\">\n<figure class=\"wp-block-image size-large\"><img loading=\"lazy\" decoding=\"async\" width=\"1024\" height=\"682\" src=\"https:\/\/fujifilm-x.b-cdn.net\/wp-content\/uploads\/2026\/02\/TH_Nattanicha-Luansaardkul_Stories_04.jpg?width=1024&#038;height=682\" alt=\"\" class=\"wp-image-347626\" srcset=\"https:\/\/fujifilm-x.b-cdn.net\/wp-content\/uploads\/2026\/02\/TH_Nattanicha-Luansaardkul_Stories_04.jpg?width=1024&amp;height=682 1024w, https:\/\/fujifilm-x.b-cdn.net\/wp-content\/uploads\/2026\/02\/TH_Nattanicha-Luansaardkul_Stories_04.jpg?width=300&amp;height=200 300w, https:\/\/fujifilm-x.b-cdn.net\/wp-content\/uploads\/2026\/02\/TH_Nattanicha-Luansaardkul_Stories_04.jpg?width=768&amp;height=512 768w, https:\/\/fujifilm-x.b-cdn.net\/wp-content\/uploads\/2026\/02\/TH_Nattanicha-Luansaardkul_Stories_04.jpg?width=400&amp;height=267 400w, https:\/\/fujifilm-x.b-cdn.net\/wp-content\/uploads\/2026\/02\/TH_Nattanicha-Luansaardkul_Stories_04.jpg?width=365&amp;height=243 365w, https:\/\/fujifilm-x.b-cdn.net\/wp-content\/uploads\/2026\/02\/TH_Nattanicha-Luansaardkul_Stories_04.jpg?width=600&amp;height=400 600w, https:\/\/fujifilm-x.b-cdn.net\/wp-content\/uploads\/2026\/02\/TH_Nattanicha-Luansaardkul_Stories_04.jpg?width=717&amp;height=478 717w, https:\/\/fujifilm-x.b-cdn.net\/wp-content\/uploads\/2026\/02\/TH_Nattanicha-Luansaardkul_Stories_04.jpg?width=936&amp;height=624 936w\" sizes=\"auto, (max-width: 1000px) 100vw, 1000px\" data-recalc-dims=\"1\" \/><\/figure>\n<\/div>\n\n\n\n<div class=\"wp-block-column is-layout-flow wp-block-column-is-layout-flow\">\n<figure class=\"wp-block-image size-large\"><img loading=\"lazy\" decoding=\"async\" width=\"1024\" height=\"682\" src=\"https:\/\/fujifilm-x.b-cdn.net\/wp-content\/uploads\/2026\/02\/TH_Nattanicha-Luansaardkul_Stories_03.jpg?width=1024&#038;height=682\" alt=\"\" class=\"wp-image-347625\" srcset=\"https:\/\/fujifilm-x.b-cdn.net\/wp-content\/uploads\/2026\/02\/TH_Nattanicha-Luansaardkul_Stories_03.jpg?width=1024&amp;height=682 1024w, https:\/\/fujifilm-x.b-cdn.net\/wp-content\/uploads\/2026\/02\/TH_Nattanicha-Luansaardkul_Stories_03.jpg?width=300&amp;height=200 300w, https:\/\/fujifilm-x.b-cdn.net\/wp-content\/uploads\/2026\/02\/TH_Nattanicha-Luansaardkul_Stories_03.jpg?width=768&amp;height=512 768w, https:\/\/fujifilm-x.b-cdn.net\/wp-content\/uploads\/2026\/02\/TH_Nattanicha-Luansaardkul_Stories_03.jpg?width=400&amp;height=267 400w, https:\/\/fujifilm-x.b-cdn.net\/wp-content\/uploads\/2026\/02\/TH_Nattanicha-Luansaardkul_Stories_03.jpg?width=365&amp;height=243 365w, https:\/\/fujifilm-x.b-cdn.net\/wp-content\/uploads\/2026\/02\/TH_Nattanicha-Luansaardkul_Stories_03.jpg?width=600&amp;height=400 600w, https:\/\/fujifilm-x.b-cdn.net\/wp-content\/uploads\/2026\/02\/TH_Nattanicha-Luansaardkul_Stories_03.jpg?width=717&amp;height=478 717w, https:\/\/fujifilm-x.b-cdn.net\/wp-content\/uploads\/2026\/02\/TH_Nattanicha-Luansaardkul_Stories_03.jpg?width=936&amp;height=624 936w\" sizes=\"auto, (max-width: 1000px) 100vw, 1000px\" data-recalc-dims=\"1\" \/><\/figure>\n<\/div>\n<\/div>\n\n\n\n<p>Ich optimiere folgende Einstellungen, um den Look noch mehr an meinen Stil anzupassen:<\/p>\n\n\n\n<ul class=\"wp-block-list\">\n<li><strong>Kontrast:<\/strong> Ich reduziere ihn leicht, damit die \u00dcberg\u00e4nge sanfter werden und Details in Lichtern und Schatten besser zur Geltung kommen.<\/li>\n\n\n\n<li><strong>K\u00f6rnung:<\/strong> Ein Hauch von Filmkorn verleiht den Bildern eine subtile, analoge Textur und weckt ein Gef\u00fchl von Nostalgie.<\/li>\n\n\n\n<li><strong>Farbe:<\/strong> Ich verst\u00e4rke die Farbs\u00e4ttigung gezielt, um Szenen lebendiger wirken zu lassen \u2013 etwa den Himmel oder Hautt\u00f6ne \u2013, ohne dass sie unnat\u00fcrlich wirken.<\/li>\n\n\n\n<li><strong>Klarheit und Sch\u00e4rfe:<\/strong> Ich reduziere beide leicht, um einen vertr\u00e4umten, weniger klinischen Look zu erzeugen, der die Stimmung in den Vordergrund stellt.<\/li>\n<\/ul>\n\n\n\n<p>Diese Anpassungen machen meinen Stil erkennbar \u2013 egal, ob ich Locations fotografiere oder Portr\u00e4ts von m\u00e4nnlichen und weiblichen Models aufnehme. Die Bilder tragen meine visuelle Handschrift und werden sofort mit meiner Arbeit assoziiert.<\/p>\n\n\n\n<h2 class=\"wp-block-heading\">Sofort einsatzbereit \u2013 direkt aus der Kamera<\/h2>\n\n\n\n<p>Ein weiterer Grund, warum ich CLASSIC Neg. liebe, ist die F\u00e4higkeit, direkt \u201efertige\u201c Bilder zu liefern. Kaum oder gar keine Nachbearbeitung ist n\u00f6tig \u2013 was ich aufnehme, entspricht genau meiner Vorstellung.<\/p>\n\n\n\n<p>Das macht die Fotografie im Alltag so viel unkomplizierter: Ob ein ruhiger Morgenspaziergang, ein gem\u00fctlicher Moment im Caf\u00e9 oder das Licht der goldenen Stunde \u2013 die Bilder sind im Moment der Aufnahme bereits perfekt und bewahren die Emotion des Augenblicks.<\/p>\n\n\n\n<div class=\"wp-block-columns has-spacing-medium has-no-design is-layout-flex wp-container-core-columns-is-layout-9d6595d7 wp-block-columns-is-layout-flex\">\n<div class=\"wp-block-column is-layout-flow wp-block-column-is-layout-flow\">\n<h2 class=\"wp-block-heading\">Erinnerungen in Farben und Licht<\/h2>\n\n\n\n<p>Wenn ich meine CLASSIC Neg.-Aufnahmen betrachte, f\u00fchlt es sich an, als w\u00fcrde ich in einem Tagebuch aus Farben und Licht bl\u00e4ttern \u2013 eine Erinnerung an vergangene Tage. Jedes Bild tr\u00e4gt den Klang ferner Gespr\u00e4che, die W\u00e4rme der Nachmittagssonne oder das Flackern der Neonlichter in Yaowarat in sich. Es geht nicht nur darum, <em>was<\/em> ich gesehen habe, sondern auch darum, <em>wie<\/em> es sich angef\u00fchlt hat, in diesem Moment dabei zu sein.<\/p>\n<\/div>\n\n\n\n<div class=\"wp-block-column is-layout-flow wp-block-column-is-layout-flow\">\n<figure class=\"wp-block-image size-large\"><img loading=\"lazy\" decoding=\"async\" width=\"682\" height=\"1024\" src=\"https:\/\/fujifilm-x.b-cdn.net\/wp-content\/uploads\/2026\/02\/TH_Nattanicha-Luansaardkul_Stories_05.jpg?width=682&#038;height=1024\" alt=\"\" class=\"wp-image-347627\" srcset=\"https:\/\/fujifilm-x.b-cdn.net\/wp-content\/uploads\/2026\/02\/TH_Nattanicha-Luansaardkul_Stories_05.jpg?width=682&amp;height=1024 682w, https:\/\/fujifilm-x.b-cdn.net\/wp-content\/uploads\/2026\/02\/TH_Nattanicha-Luansaardkul_Stories_05.jpg?width=200&amp;height=300 200w, https:\/\/fujifilm-x.b-cdn.net\/wp-content\/uploads\/2026\/02\/TH_Nattanicha-Luansaardkul_Stories_05.jpg?width=365&amp;height=548 365w, https:\/\/fujifilm-x.b-cdn.net\/wp-content\/uploads\/2026\/02\/TH_Nattanicha-Luansaardkul_Stories_05.jpg?width=600&amp;height=900 600w, https:\/\/fujifilm-x.b-cdn.net\/wp-content\/uploads\/2026\/02\/TH_Nattanicha-Luansaardkul_Stories_05.jpg?width=390&amp;height=585 390w, https:\/\/fujifilm-x.b-cdn.net\/wp-content\/uploads\/2026\/02\/TH_Nattanicha-Luansaardkul_Stories_05.jpg?width=480&amp;height=720 480w\" sizes=\"auto, (max-width: 682px) 100vw, 682px\" data-recalc-dims=\"1\" \/><\/figure>\n<\/div>\n<\/div>\n\n\n\n<figure class=\"wp-block-image size-large\"><img loading=\"lazy\" decoding=\"async\" width=\"1024\" height=\"682\" src=\"https:\/\/fujifilm-x.b-cdn.net\/wp-content\/uploads\/2026\/02\/TH_Nattanicha-Luansaardkul_Stories_06.jpg?width=1024&#038;height=682\" alt=\"\" class=\"wp-image-347628\" srcset=\"https:\/\/fujifilm-x.b-cdn.net\/wp-content\/uploads\/2026\/02\/TH_Nattanicha-Luansaardkul_Stories_06.jpg?width=1024&amp;height=682 1024w, https:\/\/fujifilm-x.b-cdn.net\/wp-content\/uploads\/2026\/02\/TH_Nattanicha-Luansaardkul_Stories_06.jpg?width=300&amp;height=200 300w, https:\/\/fujifilm-x.b-cdn.net\/wp-content\/uploads\/2026\/02\/TH_Nattanicha-Luansaardkul_Stories_06.jpg?width=768&amp;height=512 768w, https:\/\/fujifilm-x.b-cdn.net\/wp-content\/uploads\/2026\/02\/TH_Nattanicha-Luansaardkul_Stories_06.jpg?width=400&amp;height=267 400w, https:\/\/fujifilm-x.b-cdn.net\/wp-content\/uploads\/2026\/02\/TH_Nattanicha-Luansaardkul_Stories_06.jpg?width=365&amp;height=243 365w, https:\/\/fujifilm-x.b-cdn.net\/wp-content\/uploads\/2026\/02\/TH_Nattanicha-Luansaardkul_Stories_06.jpg?width=600&amp;height=400 600w, https:\/\/fujifilm-x.b-cdn.net\/wp-content\/uploads\/2026\/02\/TH_Nattanicha-Luansaardkul_Stories_06.jpg?width=717&amp;height=478 717w, https:\/\/fujifilm-x.b-cdn.net\/wp-content\/uploads\/2026\/02\/TH_Nattanicha-Luansaardkul_Stories_06.jpg?width=936&amp;height=624 936w\" sizes=\"auto, (max-width: 1000px) 100vw, 1000px\" data-recalc-dims=\"1\" \/><\/figure>\n\n\n\n<figure class=\"wp-block-image size-large\"><img loading=\"lazy\" decoding=\"async\" width=\"682\" height=\"1024\" src=\"https:\/\/fujifilm-x.b-cdn.net\/wp-content\/uploads\/2026\/02\/TH_Nattanicha-Luansaardkul_Stories_07.jpg?width=682&#038;height=1024\" alt=\"\" class=\"wp-image-347629\" srcset=\"https:\/\/fujifilm-x.b-cdn.net\/wp-content\/uploads\/2026\/02\/TH_Nattanicha-Luansaardkul_Stories_07.jpg?width=682&amp;height=1024 682w, https:\/\/fujifilm-x.b-cdn.net\/wp-content\/uploads\/2026\/02\/TH_Nattanicha-Luansaardkul_Stories_07.jpg?width=200&amp;height=300 200w, https:\/\/fujifilm-x.b-cdn.net\/wp-content\/uploads\/2026\/02\/TH_Nattanicha-Luansaardkul_Stories_07.jpg?width=365&amp;height=548 365w, https:\/\/fujifilm-x.b-cdn.net\/wp-content\/uploads\/2026\/02\/TH_Nattanicha-Luansaardkul_Stories_07.jpg?width=600&amp;height=900 600w, https:\/\/fujifilm-x.b-cdn.net\/wp-content\/uploads\/2026\/02\/TH_Nattanicha-Luansaardkul_Stories_07.jpg?width=390&amp;height=585 390w, https:\/\/fujifilm-x.b-cdn.net\/wp-content\/uploads\/2026\/02\/TH_Nattanicha-Luansaardkul_Stories_07.jpg?width=480&amp;height=720 480w\" sizes=\"auto, (max-width: 682px) 100vw, 682px\" data-recalc-dims=\"1\" \/><\/figure>\n\n\n\n<h2 class=\"wp-block-heading\">Mehr als nur ein Farbprofil<\/h2>\n\n\n\n<p>Was CLASSIC Neg. f\u00fcr mich so besonders macht, ist nicht nur sein Aussehen oder seine Praktikabilit\u00e4t \u2013 es bewahrt das <em>Gef\u00fchl<\/em>. Die Gr\u00fcnt\u00f6ne vermitteln Ruhe und Erdung, w\u00e4hrend die Rott\u00f6ne W\u00e4rme und Energie ausstrahlen. Gemeinsam verwandeln sie fl\u00fcchtige Szenen in Geschichten, die es wert sind, festgehalten zu werden.<\/p>\n\n\n\n<p>Fujifilms CLASSIC Neg. ist f\u00fcr mich mehr als eine Nachbildung alter Negativfilme \u2013 es ist ein kreatives Werkzeug, das es mir erm\u00f6glicht, meine Pers\u00f6nlichkeit in jedes Bild einflie\u00dfen zu lassen. Mit meinen individuellen Einstellungen an der X-T50 und dem XF16-50mmF2.8-4.8 kann ich das Leben so einfangen, wie ich es sehe: warm, intim und ganz im Einklang mit meiner Vision. Wenn der Look, den man liebt, direkt in der Kamera verf\u00fcgbar ist, begleitet er einen \u00fcberallhin \u2013 bereit, jeden kostbaren Moment festzuhalten, egal wo und wann. Und genau das macht jedes Foto zu mehr als nur einem Bild: Es wird zur Geschichte, zur wertvollen Erinnerung und zu einem Teil dessen, wer man ist.<\/p>\n\n\n\n<div class=\"wp-block-columns has-spacing-medium has-no-design is-layout-flex wp-container-core-columns-is-layout-9d6595d7 wp-block-columns-is-layout-flex\">\n<div class=\"wp-block-column is-layout-flow wp-block-column-is-layout-flow\">\n<figure class=\"wp-block-image size-large\"><img loading=\"lazy\" decoding=\"async\" width=\"682\" height=\"1024\" src=\"https:\/\/fujifilm-x.b-cdn.net\/wp-content\/uploads\/2026\/02\/TH_Nattanicha-Luansaardkul_Stories_08.jpg?width=682&#038;height=1024\" alt=\"\" class=\"wp-image-347630\" srcset=\"https:\/\/fujifilm-x.b-cdn.net\/wp-content\/uploads\/2026\/02\/TH_Nattanicha-Luansaardkul_Stories_08.jpg?width=682&amp;height=1024 682w, https:\/\/fujifilm-x.b-cdn.net\/wp-content\/uploads\/2026\/02\/TH_Nattanicha-Luansaardkul_Stories_08.jpg?width=200&amp;height=300 200w, https:\/\/fujifilm-x.b-cdn.net\/wp-content\/uploads\/2026\/02\/TH_Nattanicha-Luansaardkul_Stories_08.jpg?width=365&amp;height=548 365w, https:\/\/fujifilm-x.b-cdn.net\/wp-content\/uploads\/2026\/02\/TH_Nattanicha-Luansaardkul_Stories_08.jpg?width=600&amp;height=900 600w, https:\/\/fujifilm-x.b-cdn.net\/wp-content\/uploads\/2026\/02\/TH_Nattanicha-Luansaardkul_Stories_08.jpg?width=390&amp;height=585 390w, https:\/\/fujifilm-x.b-cdn.net\/wp-content\/uploads\/2026\/02\/TH_Nattanicha-Luansaardkul_Stories_08.jpg?width=480&amp;height=720 480w\" sizes=\"auto, (max-width: 682px) 100vw, 682px\" data-recalc-dims=\"1\" \/><\/figure>\n<\/div>\n\n\n\n<div class=\"wp-block-column is-layout-flow wp-block-column-is-layout-flow\">\n<figure class=\"wp-block-image size-large\"><img loading=\"lazy\" decoding=\"async\" width=\"682\" height=\"1024\" src=\"https:\/\/fujifilm-x.b-cdn.net\/wp-content\/uploads\/2026\/02\/TH_Nattanicha-Luansaardkul_Stories_09.jpg?width=682&#038;height=1024\" alt=\"\" class=\"wp-image-347631\" srcset=\"https:\/\/fujifilm-x.b-cdn.net\/wp-content\/uploads\/2026\/02\/TH_Nattanicha-Luansaardkul_Stories_09.jpg?width=682&amp;height=1024 682w, https:\/\/fujifilm-x.b-cdn.net\/wp-content\/uploads\/2026\/02\/TH_Nattanicha-Luansaardkul_Stories_09.jpg?width=200&amp;height=300 200w, https:\/\/fujifilm-x.b-cdn.net\/wp-content\/uploads\/2026\/02\/TH_Nattanicha-Luansaardkul_Stories_09.jpg?width=365&amp;height=548 365w, https:\/\/fujifilm-x.b-cdn.net\/wp-content\/uploads\/2026\/02\/TH_Nattanicha-Luansaardkul_Stories_09.jpg?width=600&amp;height=900 600w, https:\/\/fujifilm-x.b-cdn.net\/wp-content\/uploads\/2026\/02\/TH_Nattanicha-Luansaardkul_Stories_09.jpg?width=390&amp;height=585 390w, https:\/\/fujifilm-x.b-cdn.net\/wp-content\/uploads\/2026\/02\/TH_Nattanicha-Luansaardkul_Stories_09.jpg?width=480&amp;height=720 480w\" sizes=\"auto, (max-width: 682px) 100vw, 682px\" data-recalc-dims=\"1\" \/><\/figure>\n<\/div>\n<\/div>\n","protected":false},"excerpt":{"rendered":"<p>CLASSIC Neg. \u2013 Eine Filmsimulation, die jeden Moment auf meine ganz eigene Art festh\u00e4lt Ich bin Fender, Fotografin und Content-Creatorin aus Bangkok, Thailand. In meiner Arbeit geht es darum, die besonderen Momente des Lebens einzufangen \u2013 ob eine stille Stra\u00dfenszene, ein fl\u00fcchtiges L\u00e4cheln oder das sanfte Licht beim Sonnenuntergang. F\u00fcr mich ist Fotografie mehr als [&hellip;]<\/p>\n","protected":false},"author":128,"featured_media":347622,"template":"","category":[2084,1006,1202,13924,13607,1055,3211,320,3162,1986,565,13393,13395,3358],"post_tag":[],"class_list":["post-355878","story","type-story","status-publish","has-post-thumbnail","hentry","category-be-inspired","category-cameras","category-category","category-classic-neg","category-film-simulation","category-lenses","category-x-series-mirrorless","category-products","category-x-mount","category-x-series","category-stories","category-x-t50","category-xf16-50mmf28-48-r-lm-wr","category-zoom"],"pp_statuses_selecting_workflow":false,"pp_workflow_action":"current","pp_status_selection":"publish","acf":[],"publishpress_future_action":{"enabled":false,"date":"2026-05-08 18:52:06","action":"change-status","newStatus":"draft","terms":[],"taxonomy":"category","extraData":[]},"publishpress_future_workflow_manual_trigger":{"enabledWorkflows":[]},"_links":{"self":[{"href":"https:\/\/www.fujifilm-x.com\/de-de\/wp-json\/wp\/v2\/story\/355878","targetHints":{"allow":["GET"]}}],"collection":[{"href":"https:\/\/www.fujifilm-x.com\/de-de\/wp-json\/wp\/v2\/story"}],"about":[{"href":"https:\/\/www.fujifilm-x.com\/de-de\/wp-json\/wp\/v2\/types\/story"}],"author":[{"embeddable":true,"href":"https:\/\/www.fujifilm-x.com\/de-de\/wp-json\/wp\/v2\/users\/128"}],"wp:featuredmedia":[{"embeddable":true,"href":"https:\/\/www.fujifilm-x.com\/de-de\/wp-json\/wp\/v2\/media\/347622"}],"wp:attachment":[{"href":"https:\/\/www.fujifilm-x.com\/de-de\/wp-json\/wp\/v2\/media?parent=355878"}],"wp:term":[{"taxonomy":"category","embeddable":true,"href":"https:\/\/www.fujifilm-x.com\/de-de\/wp-json\/wp\/v2\/category?post=355878"},{"taxonomy":"post_tag","embeddable":true,"href":"https:\/\/www.fujifilm-x.com\/de-de\/wp-json\/wp\/v2\/post_tag?post=355878"}],"curies":[{"name":"wp","href":"https:\/\/api.w.org\/{rel}","templated":true}]}},{"id":355876,"date":"2026-04-24T00:50:47","date_gmt":"2026-04-24T00:50:47","guid":{"rendered":"https:\/\/www.fujifilm-x.com\/?post_type=story&#038;p=355876"},"modified":"2026-04-24T00:50:53","modified_gmt":"2026-04-24T00:50:53","slug":"x-e5-x-alexandre-champagne","status":"publish","type":"story","link":"https:\/\/www.fujifilm-x.com\/de-de\/stories\/x-e5-x-alexandre-champagne\/","title":{"rendered":"X-E5 x Alexandre Champagne"},"content":{"rendered":"\n<div class=\"wp-block-columns has-spacing-medium has-no-design is-layout-flex wp-container-core-columns-is-layout-9d6595d7 wp-block-columns-is-layout-flex\">\n<div class=\"wp-block-column is-layout-flow wp-block-column-is-layout-flow\">\n<div><div class=\"block-video-player\"><div class=\"max-w-[800px] m-auto w-full relative fade-up-parallax\"><div class=\"block-video-player__splash-img aspect-w-16 aspect-h-9 js-btn--modal-youtube\" data-id=\"a5dycXShexY\"><img decoding=\"async\" src=\"https:\/\/fujifilm-x.b-cdn.net\/wp-content\/uploads\/2025\/08\/Fuji-Alexandre-X-E5-Thumbnails_1.21.1.jpg\" alt=\"Fuji - Alexandre - X-E5 Thumbnails_1.21.1\" loading=\"lazy\" data-recalc-dims=\"1\"\/><span class=\"play-button \"><\/span><\/div><\/div><div class=\"modal modal--youtube hidden\" data-id=\"a5dycXShexY\"><div class=\"modal__content relative\"><button class=\"btn-modal-close\" data-id=\"a5dycXShexY\"><span><\/span><span><\/span><\/button><figure class=\"wp-block-embed is-type-video is-provider-youtube wp-block-embed-youtube wp-embed-aspect-16-9 wp-has-aspect-ratio\"><div class=\"wp-block-embed__wrapper\"><div id=\"player-a5dycXShexY\" data-id=\"a5dycXShexY\" class=\"youtube-iframe\"><\/div><\/div><\/figure><\/div><\/div><\/div><\/div>\n\n\n\n<h3 class=\"wp-block-heading\">Ich habe die Richtige gefunden.<\/h3>\n\n\n\n<p>Sie kennen das sicher: Man sehnt sich nach etwas, bekommt es aber nie \u2013 egal, wie sehr man es sich w\u00fcnscht. \u00a0Man sucht nach dem, was einem wichtiger ist als alles andere \u2013 doch es bleibt unerreichbar. Und dann, wenn man sich l\u00e4ngst mit etwas anderem besch\u00e4ftigt, passiert es: Genau das, wonach man gesucht hat, taucht pl\u00f6tzlich auf \u2013 im perfekten Moment.<\/p>\n<\/div>\n\n\n\n<div class=\"wp-block-column is-layout-flow wp-block-column-is-layout-flow\">\n<figure class=\"wp-block-image size-large\"><img loading=\"lazy\" decoding=\"async\" width=\"682\" height=\"1024\" src=\"https:\/\/fujifilm-x.b-cdn.net\/wp-content\/uploads\/2025\/07\/X-E5_Alexandre-Champagne_1.jpg?width=682&#038;height=1024\" alt=\"\" class=\"wp-image-280889\" srcset=\"https:\/\/fujifilm-x.b-cdn.net\/wp-content\/uploads\/2025\/07\/X-E5_Alexandre-Champagne_1.jpg?width=682&amp;height=1024 682w, https:\/\/fujifilm-x.b-cdn.net\/wp-content\/uploads\/2025\/07\/X-E5_Alexandre-Champagne_1.jpg?width=200&amp;height=300 200w, https:\/\/fujifilm-x.b-cdn.net\/wp-content\/uploads\/2025\/07\/X-E5_Alexandre-Champagne_1.jpg?width=365&amp;height=548 365w, https:\/\/fujifilm-x.b-cdn.net\/wp-content\/uploads\/2025\/07\/X-E5_Alexandre-Champagne_1.jpg?width=600&amp;height=900 600w, https:\/\/fujifilm-x.b-cdn.net\/wp-content\/uploads\/2025\/07\/X-E5_Alexandre-Champagne_1.jpg?width=390&amp;height=585 390w\" sizes=\"auto, (max-width: 682px) 100vw, 682px\" data-recalc-dims=\"1\" \/><\/figure>\n<\/div>\n<\/div>\n\n\n\n<div class=\"wp-block-columns has-spacing-medium has-no-design is-layout-flex wp-container-core-columns-is-layout-9d6595d7 wp-block-columns-is-layout-flex\">\n<div class=\"wp-block-column is-layout-flow wp-block-column-is-layout-flow\">\n<figure class=\"wp-block-image size-large\"><img loading=\"lazy\" decoding=\"async\" width=\"682\" height=\"1024\" src=\"https:\/\/fujifilm-x.b-cdn.net\/wp-content\/uploads\/2025\/07\/X-E5_Alexandre-Champagne_2.jpg?width=682&#038;height=1024\" alt=\"\" class=\"wp-image-280890\" srcset=\"https:\/\/fujifilm-x.b-cdn.net\/wp-content\/uploads\/2025\/07\/X-E5_Alexandre-Champagne_2.jpg?width=682&amp;height=1024 682w, https:\/\/fujifilm-x.b-cdn.net\/wp-content\/uploads\/2025\/07\/X-E5_Alexandre-Champagne_2.jpg?width=200&amp;height=300 200w, https:\/\/fujifilm-x.b-cdn.net\/wp-content\/uploads\/2025\/07\/X-E5_Alexandre-Champagne_2.jpg?width=365&amp;height=548 365w, https:\/\/fujifilm-x.b-cdn.net\/wp-content\/uploads\/2025\/07\/X-E5_Alexandre-Champagne_2.jpg?width=600&amp;height=900 600w, https:\/\/fujifilm-x.b-cdn.net\/wp-content\/uploads\/2025\/07\/X-E5_Alexandre-Champagne_2.jpg?width=390&amp;height=585 390w\" sizes=\"auto, (max-width: 682px) 100vw, 682px\" data-recalc-dims=\"1\" \/><\/figure>\n<\/div>\n\n\n\n<div class=\"wp-block-column is-layout-flow wp-block-column-is-layout-flow\">\n<figure class=\"wp-block-image size-large\"><img loading=\"lazy\" decoding=\"async\" width=\"682\" height=\"1024\" src=\"https:\/\/fujifilm-x.b-cdn.net\/wp-content\/uploads\/2025\/07\/X-E5_Alexandre-Champagne_1.jpg?width=682&#038;height=1024\" alt=\"\" class=\"wp-image-280889\" srcset=\"https:\/\/fujifilm-x.b-cdn.net\/wp-content\/uploads\/2025\/07\/X-E5_Alexandre-Champagne_1.jpg?width=682&amp;height=1024 682w, https:\/\/fujifilm-x.b-cdn.net\/wp-content\/uploads\/2025\/07\/X-E5_Alexandre-Champagne_1.jpg?width=200&amp;height=300 200w, https:\/\/fujifilm-x.b-cdn.net\/wp-content\/uploads\/2025\/07\/X-E5_Alexandre-Champagne_1.jpg?width=365&amp;height=548 365w, https:\/\/fujifilm-x.b-cdn.net\/wp-content\/uploads\/2025\/07\/X-E5_Alexandre-Champagne_1.jpg?width=600&amp;height=900 600w, https:\/\/fujifilm-x.b-cdn.net\/wp-content\/uploads\/2025\/07\/X-E5_Alexandre-Champagne_1.jpg?width=390&amp;height=585 390w\" sizes=\"auto, (max-width: 682px) 100vw, 682px\" data-recalc-dims=\"1\" \/><\/figure>\n<\/div>\n<\/div>\n\n\n\n<p>Genauso erging es mir mit der FUJIFILM X-E5. Lange habe ich von einer kompakten Kamera mit Wechselobjektiven getr\u00e4umt \u2013 leicht, handlich und nicht zu gro\u00df. Doch ich dachte schon, es w\u00fcrde solch eine Kamera nie geben \u2013 nicht in einer Zeit, in der Megapixel-Zahlen und smartphone-\u00e4hnliche Designs im Vordergrund stehen.<\/p>\n\n\n\n<p>Fujifilm hat verstanden, worauf es ankommt: eine g\u00fcnstige, leichte und vielseitige Kamera, die Spa\u00df macht und einfach zu bedienen ist.<\/p>\n\n\n\n<p>All das hat Fujifilm in der X-E5 vereint \u2013 und damit eine Kamera geschaffen, die selbst die besten Smartphones und leistungsstarken Vollformatmodelle \u00fcbertrifft.<\/p>\n\n\n\n<p>Die X-E5 ist f\u00fcr mich die perfekte Kamera \u2013 denn Spa\u00df sollte der wichtigste Grund sein, eine Kamera zu kaufen. Wenn die Bedienung keine Freude macht, warum sollte man sie dann \u00fcberhaupt nutzen? Als ich die Kamera in die Hand nahm, wurde mir klar, warum ich mit der Fotografie begonnen hatte. Ein paar Klicks hier, ein paar Einstellungen dort \u2013 und schon machte sie einfach Spa\u00df und schuf wundervolle Erinnerungen. Ich musste nicht lange \u00fcberlegen oder komplizierte Einstellungen vornehmen \u2013 ich konnte mich einfach auf den Moment konzentrieren.<\/p>\n\n\n\n<div class=\"wp-block-columns has-spacing-medium has-no-design is-layout-flex wp-container-core-columns-is-layout-9d6595d7 wp-block-columns-is-layout-flex\">\n<div class=\"wp-block-column is-layout-flow wp-block-column-is-layout-flow\">\n<figure class=\"wp-block-image size-large\"><img loading=\"lazy\" decoding=\"async\" width=\"682\" height=\"1024\" src=\"https:\/\/fujifilm-x.b-cdn.net\/wp-content\/uploads\/2025\/07\/X-E5_Alexandre-Champagne_3.jpg?width=682&#038;height=1024\" alt=\"\" class=\"wp-image-280891\" srcset=\"https:\/\/fujifilm-x.b-cdn.net\/wp-content\/uploads\/2025\/07\/X-E5_Alexandre-Champagne_3.jpg?width=682&amp;height=1024 682w, https:\/\/fujifilm-x.b-cdn.net\/wp-content\/uploads\/2025\/07\/X-E5_Alexandre-Champagne_3.jpg?width=200&amp;height=300 200w, https:\/\/fujifilm-x.b-cdn.net\/wp-content\/uploads\/2025\/07\/X-E5_Alexandre-Champagne_3.jpg?width=365&amp;height=548 365w, https:\/\/fujifilm-x.b-cdn.net\/wp-content\/uploads\/2025\/07\/X-E5_Alexandre-Champagne_3.jpg?width=600&amp;height=900 600w, https:\/\/fujifilm-x.b-cdn.net\/wp-content\/uploads\/2025\/07\/X-E5_Alexandre-Champagne_3.jpg?width=390&amp;height=585 390w\" sizes=\"auto, (max-width: 682px) 100vw, 682px\" data-recalc-dims=\"1\" \/><\/figure>\n<\/div>\n\n\n\n<div class=\"wp-block-column is-layout-flow wp-block-column-is-layout-flow\">\n<figure class=\"wp-block-image size-large\"><img loading=\"lazy\" decoding=\"async\" width=\"682\" height=\"1024\" src=\"https:\/\/fujifilm-x.b-cdn.net\/wp-content\/uploads\/2025\/07\/X-E5_Alexandre-Champagne_4.jpg?width=682&#038;height=1024\" alt=\"\" class=\"wp-image-280892\" srcset=\"https:\/\/fujifilm-x.b-cdn.net\/wp-content\/uploads\/2025\/07\/X-E5_Alexandre-Champagne_4.jpg?width=682&amp;height=1024 682w, https:\/\/fujifilm-x.b-cdn.net\/wp-content\/uploads\/2025\/07\/X-E5_Alexandre-Champagne_4.jpg?width=200&amp;height=300 200w, https:\/\/fujifilm-x.b-cdn.net\/wp-content\/uploads\/2025\/07\/X-E5_Alexandre-Champagne_4.jpg?width=365&amp;height=548 365w, https:\/\/fujifilm-x.b-cdn.net\/wp-content\/uploads\/2025\/07\/X-E5_Alexandre-Champagne_4.jpg?width=600&amp;height=900 600w, https:\/\/fujifilm-x.b-cdn.net\/wp-content\/uploads\/2025\/07\/X-E5_Alexandre-Champagne_4.jpg?width=390&amp;height=585 390w\" sizes=\"auto, (max-width: 682px) 100vw, 682px\" data-recalc-dims=\"1\" \/><\/figure>\n<\/div>\n<\/div>\n\n\n\n<p>Ich hatte immer das Gef\u00fchl, dass kleine, leichte Kameras weniger Spa\u00df machen als gro\u00dfe, professionelle Vollformatmodelle. Gro\u00dfe Kameras wirken oft einsch\u00fcchternd, besonders wenn man in der \u00d6ffentlichkeit fotografiert \u2013 der Verschluss klickt, und alle schauen neugierig oder genervt. Umso positiver \u00fcberrascht war ich, als ich im Aluminiumgeh\u00e4use der X-E5 mehr Komfort entdeckte, als ich erwartet hatte.<\/p>\n\n\n\n<p>Ihre hervorragende Ergonomie wirkt fast wie Zauberei: Sie f\u00fchlt sich zugleich solide und leicht an, liegt in jeder Haltung gut in der Hand und l\u00e4sst sich sicher greifen. Ein Daumenhalter w\u00e4re f\u00fcr mich eine praktische Erg\u00e4nzung \u2013 aber das ist nat\u00fcrlich Geschmackssache.<\/p>\n\n\n\n<div class=\"wp-block-columns has-spacing-medium has-no-design is-layout-flex wp-container-core-columns-is-layout-9d6595d7 wp-block-columns-is-layout-flex\">\n<div class=\"wp-block-column is-layout-flow wp-block-column-is-layout-flow\">\n<figure class=\"wp-block-image size-large\"><img loading=\"lazy\" decoding=\"async\" width=\"682\" height=\"1024\" src=\"https:\/\/fujifilm-x.b-cdn.net\/wp-content\/uploads\/2025\/07\/X-E5_Alexandre-Champagne_5.jpg?width=682&#038;height=1024\" alt=\"\" class=\"wp-image-280893\" srcset=\"https:\/\/fujifilm-x.b-cdn.net\/wp-content\/uploads\/2025\/07\/X-E5_Alexandre-Champagne_5.jpg?width=682&amp;height=1024 682w, https:\/\/fujifilm-x.b-cdn.net\/wp-content\/uploads\/2025\/07\/X-E5_Alexandre-Champagne_5.jpg?width=200&amp;height=300 200w, https:\/\/fujifilm-x.b-cdn.net\/wp-content\/uploads\/2025\/07\/X-E5_Alexandre-Champagne_5.jpg?width=365&amp;height=548 365w, https:\/\/fujifilm-x.b-cdn.net\/wp-content\/uploads\/2025\/07\/X-E5_Alexandre-Champagne_5.jpg?width=600&amp;height=900 600w, https:\/\/fujifilm-x.b-cdn.net\/wp-content\/uploads\/2025\/07\/X-E5_Alexandre-Champagne_5.jpg?width=390&amp;height=585 390w\" sizes=\"auto, (max-width: 682px) 100vw, 682px\" data-recalc-dims=\"1\" \/><\/figure>\n<\/div>\n\n\n\n<div class=\"wp-block-column is-layout-flow wp-block-column-is-layout-flow\">\n<figure class=\"wp-block-image size-large\"><img loading=\"lazy\" decoding=\"async\" width=\"682\" height=\"1024\" src=\"https:\/\/fujifilm-x.b-cdn.net\/wp-content\/uploads\/2025\/07\/X-E5_Alexandre-Champagne_6.jpg?width=682&#038;height=1024\" alt=\"\" class=\"wp-image-280894\" srcset=\"https:\/\/fujifilm-x.b-cdn.net\/wp-content\/uploads\/2025\/07\/X-E5_Alexandre-Champagne_6.jpg?width=682&amp;height=1024 682w, https:\/\/fujifilm-x.b-cdn.net\/wp-content\/uploads\/2025\/07\/X-E5_Alexandre-Champagne_6.jpg?width=200&amp;height=300 200w, https:\/\/fujifilm-x.b-cdn.net\/wp-content\/uploads\/2025\/07\/X-E5_Alexandre-Champagne_6.jpg?width=365&amp;height=548 365w, https:\/\/fujifilm-x.b-cdn.net\/wp-content\/uploads\/2025\/07\/X-E5_Alexandre-Champagne_6.jpg?width=600&amp;height=900 600w, https:\/\/fujifilm-x.b-cdn.net\/wp-content\/uploads\/2025\/07\/X-E5_Alexandre-Champagne_6.jpg?width=390&amp;height=585 390w\" sizes=\"auto, (max-width: 682px) 100vw, 682px\" data-recalc-dims=\"1\" \/><\/figure>\n<\/div>\n<\/div>\n","protected":false},"excerpt":{"rendered":"<p>Ich habe die Richtige gefunden. Sie kennen das sicher: Man sehnt sich nach etwas, bekommt es aber nie \u2013 egal, wie sehr man es sich w\u00fcnscht. \u00a0Man sucht nach dem, was einem wichtiger ist als alles andere \u2013 doch es bleibt unerreichbar. Und dann, wenn man sich l\u00e4ngst mit etwas anderem besch\u00e4ftigt, passiert es: Genau [&hellip;]<\/p>\n","protected":false},"author":128,"featured_media":280889,"template":"","category":[2084,1006,1202,3211,320,1986,565,13898],"post_tag":[],"class_list":["post-355876","story","type-story","status-publish","has-post-thumbnail","hentry","category-be-inspired","category-cameras","category-category","category-x-series-mirrorless","category-products","category-x-series","category-stories","category-x-e5"],"pp_statuses_selecting_workflow":false,"pp_workflow_action":"current","pp_status_selection":"publish","acf":[],"publishpress_future_action":{"enabled":false,"date":"2026-05-08 18:52:06","action":"change-status","newStatus":"draft","terms":[],"taxonomy":"category","extraData":[]},"publishpress_future_workflow_manual_trigger":{"enabledWorkflows":[]},"_links":{"self":[{"href":"https:\/\/www.fujifilm-x.com\/de-de\/wp-json\/wp\/v2\/story\/355876","targetHints":{"allow":["GET"]}}],"collection":[{"href":"https:\/\/www.fujifilm-x.com\/de-de\/wp-json\/wp\/v2\/story"}],"about":[{"href":"https:\/\/www.fujifilm-x.com\/de-de\/wp-json\/wp\/v2\/types\/story"}],"author":[{"embeddable":true,"href":"https:\/\/www.fujifilm-x.com\/de-de\/wp-json\/wp\/v2\/users\/128"}],"wp:featuredmedia":[{"embeddable":true,"href":"https:\/\/www.fujifilm-x.com\/de-de\/wp-json\/wp\/v2\/media\/280889"}],"wp:attachment":[{"href":"https:\/\/www.fujifilm-x.com\/de-de\/wp-json\/wp\/v2\/media?parent=355876"}],"wp:term":[{"taxonomy":"category","embeddable":true,"href":"https:\/\/www.fujifilm-x.com\/de-de\/wp-json\/wp\/v2\/category?post=355876"},{"taxonomy":"post_tag","embeddable":true,"href":"https:\/\/www.fujifilm-x.com\/de-de\/wp-json\/wp\/v2\/post_tag?post=355876"}],"curies":[{"name":"wp","href":"https:\/\/api.w.org\/{rel}","templated":true}]}},{"id":355875,"date":"2026-04-24T00:50:10","date_gmt":"2026-04-24T00:50:10","guid":{"rendered":"https:\/\/www.fujifilm-x.com\/?post_type=story&#038;p=355875"},"modified":"2026-04-24T00:50:17","modified_gmt":"2026-04-24T00:50:17","slug":"x-e5-x-bao-zoan","status":"publish","type":"story","link":"https:\/\/www.fujifilm-x.com\/de-de\/stories\/x-e5-x-bao-zoan\/","title":{"rendered":"X-E5 x Bao Zoan"},"content":{"rendered":"\n<div class=\"wp-block-columns has-spacing-medium has-no-design is-layout-flex wp-container-core-columns-is-layout-9d6595d7 wp-block-columns-is-layout-flex\">\n<div class=\"wp-block-column is-layout-flow wp-block-column-is-layout-flow\">\n<p>Als ich in diese Stadt zog, dachte ich, ich w\u00fcrde mit einem Maschinenbauabschluss zur\u00fcckkehren. Doch der Wunsch, mein Leben zu ver\u00e4ndern und mich neu zu orientieren, wurde immer st\u00e4rker. Durch die Fotografie entwickelte ich eine immer engere Verbindung zu diesem Ort. Den Gro\u00dfteil meiner Zeit fotografiere ich f\u00fcr kommerzielle Auftr\u00e4ge. Doch wenn sich die Gelegenheit ergibt, halte ich auch den Alltag \u2013 bei der Arbeit und im Leben \u2013 fest.<\/p>\n<\/div>\n\n\n\n<div class=\"wp-block-column is-layout-flow wp-block-column-is-layout-flow\">\n<div><div class=\"block-video-player\"><div class=\"max-w-[800px] m-auto w-full relative fade-up-parallax\"><div class=\"block-video-player__splash-img aspect-w-16 aspect-h-9 js-btn--modal-youtube\" data-id=\"Kh3o9fvb2n8\"><img decoding=\"async\" src=\"https:\/\/fujifilm-x.b-cdn.net\/wp-content\/uploads\/2025\/07\/X-E5_Vao-Zoan_2.jpg\" alt=\"X-E5_Vao Zoan_2\" loading=\"lazy\" data-recalc-dims=\"1\"\/><span class=\"play-button \"><\/span><\/div><\/div><div class=\"modal modal--youtube hidden\" data-id=\"Kh3o9fvb2n8\"><div class=\"modal__content relative\"><button class=\"btn-modal-close\" data-id=\"Kh3o9fvb2n8\"><span><\/span><span><\/span><\/button><figure class=\"wp-block-embed is-type-video is-provider-youtube wp-block-embed-youtube wp-embed-aspect-16-9 wp-has-aspect-ratio\"><div class=\"wp-block-embed__wrapper\"><div id=\"player-Kh3o9fvb2n8\" data-id=\"Kh3o9fvb2n8\" class=\"youtube-iframe\"><\/div><\/div><\/figure><\/div><\/div><\/div><\/div>\n<\/div>\n<\/div>\n\n\n\n<div class=\"wp-block-columns has-spacing-medium has-no-design is-layout-flex wp-container-core-columns-is-layout-9d6595d7 wp-block-columns-is-layout-flex\">\n<div class=\"wp-block-column is-layout-flow wp-block-column-is-layout-flow\">\n<figure class=\"wp-block-image size-large\"><img loading=\"lazy\" decoding=\"async\" width=\"1024\" height=\"683\" src=\"https:\/\/fujifilm-x.b-cdn.net\/wp-content\/uploads\/2025\/07\/X-E5_Vao-Zoan_1.jpg?width=1024&#038;height=683\" alt=\"\" class=\"wp-image-281616\" srcset=\"https:\/\/fujifilm-x.b-cdn.net\/wp-content\/uploads\/2025\/07\/X-E5_Vao-Zoan_1.jpg?width=1024&amp;height=683 1024w, https:\/\/fujifilm-x.b-cdn.net\/wp-content\/uploads\/2025\/07\/X-E5_Vao-Zoan_1.jpg?width=300&amp;height=200 300w, https:\/\/fujifilm-x.b-cdn.net\/wp-content\/uploads\/2025\/07\/X-E5_Vao-Zoan_1.jpg?width=768&amp;height=512 768w, https:\/\/fujifilm-x.b-cdn.net\/wp-content\/uploads\/2025\/07\/X-E5_Vao-Zoan_1.jpg?width=400&amp;height=267 400w, https:\/\/fujifilm-x.b-cdn.net\/wp-content\/uploads\/2025\/07\/X-E5_Vao-Zoan_1.jpg?width=365&amp;height=243 365w, https:\/\/fujifilm-x.b-cdn.net\/wp-content\/uploads\/2025\/07\/X-E5_Vao-Zoan_1.jpg?width=600&amp;height=400 600w, https:\/\/fujifilm-x.b-cdn.net\/wp-content\/uploads\/2025\/07\/X-E5_Vao-Zoan_1.jpg?width=717&amp;height=478 717w\" sizes=\"auto, (max-width: 1000px) 100vw, 1000px\" data-recalc-dims=\"1\" \/><\/figure>\n<\/div>\n\n\n\n<div class=\"wp-block-column is-layout-flow wp-block-column-is-layout-flow\">\n<figure class=\"wp-block-image size-large\"><img loading=\"lazy\" decoding=\"async\" width=\"1024\" height=\"683\" src=\"https:\/\/fujifilm-x.b-cdn.net\/wp-content\/uploads\/2025\/07\/X-E5_Vao-Zoan_2.jpg?width=1024&#038;height=683\" alt=\"\" class=\"wp-image-281621\" srcset=\"https:\/\/fujifilm-x.b-cdn.net\/wp-content\/uploads\/2025\/07\/X-E5_Vao-Zoan_2.jpg?width=1024&amp;height=683 1024w, https:\/\/fujifilm-x.b-cdn.net\/wp-content\/uploads\/2025\/07\/X-E5_Vao-Zoan_2.jpg?width=300&amp;height=200 300w, https:\/\/fujifilm-x.b-cdn.net\/wp-content\/uploads\/2025\/07\/X-E5_Vao-Zoan_2.jpg?width=768&amp;height=512 768w, https:\/\/fujifilm-x.b-cdn.net\/wp-content\/uploads\/2025\/07\/X-E5_Vao-Zoan_2.jpg?width=400&amp;height=267 400w, https:\/\/fujifilm-x.b-cdn.net\/wp-content\/uploads\/2025\/07\/X-E5_Vao-Zoan_2.jpg?width=365&amp;height=243 365w, https:\/\/fujifilm-x.b-cdn.net\/wp-content\/uploads\/2025\/07\/X-E5_Vao-Zoan_2.jpg?width=600&amp;height=400 600w, https:\/\/fujifilm-x.b-cdn.net\/wp-content\/uploads\/2025\/07\/X-E5_Vao-Zoan_2.jpg?width=717&amp;height=478 717w\" sizes=\"auto, (max-width: 1000px) 100vw, 1000px\" data-recalc-dims=\"1\" \/><\/figure>\n<\/div>\n\n\n\n<div class=\"wp-block-column is-layout-flow wp-block-column-is-layout-flow\">\n<figure class=\"wp-block-image size-large\"><img loading=\"lazy\" decoding=\"async\" width=\"1024\" height=\"683\" src=\"https:\/\/fujifilm-x.b-cdn.net\/wp-content\/uploads\/2025\/07\/X-E5_Vao-Zoan_3.jpg?width=1024&#038;height=683\" alt=\"\" class=\"wp-image-281622\" srcset=\"https:\/\/fujifilm-x.b-cdn.net\/wp-content\/uploads\/2025\/07\/X-E5_Vao-Zoan_3.jpg?width=1024&amp;height=683 1024w, https:\/\/fujifilm-x.b-cdn.net\/wp-content\/uploads\/2025\/07\/X-E5_Vao-Zoan_3.jpg?width=300&amp;height=200 300w, https:\/\/fujifilm-x.b-cdn.net\/wp-content\/uploads\/2025\/07\/X-E5_Vao-Zoan_3.jpg?width=768&amp;height=512 768w, https:\/\/fujifilm-x.b-cdn.net\/wp-content\/uploads\/2025\/07\/X-E5_Vao-Zoan_3.jpg?width=400&amp;height=267 400w, https:\/\/fujifilm-x.b-cdn.net\/wp-content\/uploads\/2025\/07\/X-E5_Vao-Zoan_3.jpg?width=365&amp;height=243 365w, https:\/\/fujifilm-x.b-cdn.net\/wp-content\/uploads\/2025\/07\/X-E5_Vao-Zoan_3.jpg?width=600&amp;height=400 600w, https:\/\/fujifilm-x.b-cdn.net\/wp-content\/uploads\/2025\/07\/X-E5_Vao-Zoan_3.jpg?width=717&amp;height=478 717w\" sizes=\"auto, (max-width: 1000px) 100vw, 1000px\" data-recalc-dims=\"1\" \/><\/figure>\n<\/div>\n<\/div>\n\n\n\n<p>Das Leben ist in Ho-Chi-Minh-Stadt \u00fcberall sp\u00fcrbar: in den Stra\u00dfen, Gassen, Treppen, alten Wohnkomplexen und modernen Vierteln. Ich streife durch die Stra\u00dfen, erkunde jede Gasse und beobachte, wie sich das Licht mit den Jahreszeiten ver\u00e4ndert. Die Dynamik der Stadt und das hektische Treiben der Menschen bieten st\u00e4ndig neue Motive und \u00dcberraschungen. Wenn ich zu Fu\u00df unterwegs bin, f\u00fchlen sich die FUJIFILM X-E5 und ich wie ein eingespieltes Team. Die Kamera, leicht und kompakt, inspiriert mich, \u00fcberall zu fotografieren.<\/p>\n\n\n\n<div class=\"wp-block-columns has-spacing-medium has-no-design is-layout-flex wp-container-core-columns-is-layout-9d6595d7 wp-block-columns-is-layout-flex\">\n<div class=\"wp-block-column is-layout-flow wp-block-column-is-layout-flow\">\n<p>Das Wetter in Ho-Chi-Minh-Stadt ist oft hei\u00df und regnerisch \u2013 und Hitze mag ich nicht. Deshalb fotografiere ich lieber am sp\u00e4ten Nachmittag, wenn es angenehmer ist und die Stadt zum Leben erwacht. Nachts setze ich auf das XF33mmF1.4 R LM WR, das am APS-C-Sensor etwa einer 50-mm-Kleinbildbrennweite entspricht \u2013 meine bevorzugte Brennweite. Die X-E5 verf\u00fcgt \u00fcber eine integrierte Bildstabilisierung und nutzt den X-Prozessor 5, der die 40 Megapixel des Sensors optimal verarbeitet. So bleiben selbst stark zugeschnittene Bilder von hoher Qualit\u00e4t. Nachts zu fotografieren ist anspruchsvoll, aber die X-E5 meistert auch komplexe Lichtverh\u00e4ltnisse. Meine anf\u00e4nglichen Bedenken sind l\u00e4ngst verflogen.<\/p>\n<\/div>\n\n\n\n<div class=\"wp-block-column is-layout-flow wp-block-column-is-layout-flow\">\n<figure class=\"wp-block-image size-large\"><img loading=\"lazy\" decoding=\"async\" width=\"1024\" height=\"682\" src=\"https:\/\/fujifilm-x.b-cdn.net\/wp-content\/uploads\/2025\/07\/X-E5_Vao-Zoan_4.jpg?width=1024&#038;height=682\" alt=\"\" class=\"wp-image-281624\" srcset=\"https:\/\/fujifilm-x.b-cdn.net\/wp-content\/uploads\/2025\/07\/X-E5_Vao-Zoan_4.jpg?width=1024&amp;height=682 1024w, https:\/\/fujifilm-x.b-cdn.net\/wp-content\/uploads\/2025\/07\/X-E5_Vao-Zoan_4.jpg?width=300&amp;height=200 300w, https:\/\/fujifilm-x.b-cdn.net\/wp-content\/uploads\/2025\/07\/X-E5_Vao-Zoan_4.jpg?width=768&amp;height=512 768w, https:\/\/fujifilm-x.b-cdn.net\/wp-content\/uploads\/2025\/07\/X-E5_Vao-Zoan_4.jpg?width=400&amp;height=266 400w, https:\/\/fujifilm-x.b-cdn.net\/wp-content\/uploads\/2025\/07\/X-E5_Vao-Zoan_4.jpg?width=365&amp;height=243 365w, https:\/\/fujifilm-x.b-cdn.net\/wp-content\/uploads\/2025\/07\/X-E5_Vao-Zoan_4.jpg?width=600&amp;height=400 600w, https:\/\/fujifilm-x.b-cdn.net\/wp-content\/uploads\/2025\/07\/X-E5_Vao-Zoan_4.jpg?width=717&amp;height=478 717w\" sizes=\"auto, (max-width: 1000px) 100vw, 1000px\" data-recalc-dims=\"1\" \/><\/figure>\n<\/div>\n<\/div>\n\n\n\n<p>Ein besonderer Moment war, als ich die Stadt in einem einzigartigen Licht festhielt \u2013 just als die neue U-Bahn-Linie ihren Betrieb aufnahm. Es f\u00fchlte sich an wie ein lebendiges Portr\u00e4t der Stadt<em>.<\/em><\/p>\n\n\n\n<p>Sobald man die X-E5 in der Hand h\u00e4lt, f\u00e4llt das Filmsimulationsrad sofort ins Auge. Das Rad ist intuitiv bedienbar und macht Spa\u00df \u2013 ich nutze es h\u00e4ufig, um zwischen Classic Chrome und Provia zu wechseln. Die Bedienung macht einfach Spa\u00df. Ich habe noch nicht alle Filmsimulationen der Kamera getestet. Doch Classic Chrome nutze ich seit meiner ersten FUJIFILM X-T1 \u2013 und auch bei der X-E5 begeistern mich die Farben, die Sch\u00e4rfe und das typische Fujifilm-Feeling.<\/p>\n\n\n\n<div class=\"wp-block-columns has-spacing-medium has-no-design is-layout-flex wp-container-core-columns-is-layout-9d6595d7 wp-block-columns-is-layout-flex\">\n<div class=\"wp-block-column is-layout-flow wp-block-column-is-layout-flow\">\n<figure class=\"wp-block-image size-large\"><img loading=\"lazy\" decoding=\"async\" width=\"1024\" height=\"682\" src=\"https:\/\/fujifilm-x.b-cdn.net\/wp-content\/uploads\/2025\/07\/X-E5_Vao-Zoan_5.jpg?width=1024&#038;height=682\" alt=\"\" class=\"wp-image-281623\" srcset=\"https:\/\/fujifilm-x.b-cdn.net\/wp-content\/uploads\/2025\/07\/X-E5_Vao-Zoan_5.jpg?width=1024&amp;height=682 1024w, https:\/\/fujifilm-x.b-cdn.net\/wp-content\/uploads\/2025\/07\/X-E5_Vao-Zoan_5.jpg?width=300&amp;height=200 300w, https:\/\/fujifilm-x.b-cdn.net\/wp-content\/uploads\/2025\/07\/X-E5_Vao-Zoan_5.jpg?width=768&amp;height=512 768w, https:\/\/fujifilm-x.b-cdn.net\/wp-content\/uploads\/2025\/07\/X-E5_Vao-Zoan_5.jpg?width=400&amp;height=267 400w, https:\/\/fujifilm-x.b-cdn.net\/wp-content\/uploads\/2025\/07\/X-E5_Vao-Zoan_5.jpg?width=365&amp;height=243 365w, https:\/\/fujifilm-x.b-cdn.net\/wp-content\/uploads\/2025\/07\/X-E5_Vao-Zoan_5.jpg?width=600&amp;height=400 600w, https:\/\/fujifilm-x.b-cdn.net\/wp-content\/uploads\/2025\/07\/X-E5_Vao-Zoan_5.jpg?width=717&amp;height=478 717w\" sizes=\"auto, (max-width: 1000px) 100vw, 1000px\" data-recalc-dims=\"1\" \/><\/figure>\n<\/div>\n\n\n\n<div class=\"wp-block-column is-layout-flow wp-block-column-is-layout-flow\">\n<figure class=\"wp-block-image size-large\"><img loading=\"lazy\" decoding=\"async\" width=\"1024\" height=\"682\" src=\"https:\/\/fujifilm-x.b-cdn.net\/wp-content\/uploads\/2025\/07\/X-E5_Vao-Zoan_6.jpg?width=1024&#038;height=682\" alt=\"\" class=\"wp-image-281625\" srcset=\"https:\/\/fujifilm-x.b-cdn.net\/wp-content\/uploads\/2025\/07\/X-E5_Vao-Zoan_6.jpg?width=1024&amp;height=682 1024w, https:\/\/fujifilm-x.b-cdn.net\/wp-content\/uploads\/2025\/07\/X-E5_Vao-Zoan_6.jpg?width=300&amp;height=200 300w, https:\/\/fujifilm-x.b-cdn.net\/wp-content\/uploads\/2025\/07\/X-E5_Vao-Zoan_6.jpg?width=768&amp;height=512 768w, https:\/\/fujifilm-x.b-cdn.net\/wp-content\/uploads\/2025\/07\/X-E5_Vao-Zoan_6.jpg?width=400&amp;height=267 400w, https:\/\/fujifilm-x.b-cdn.net\/wp-content\/uploads\/2025\/07\/X-E5_Vao-Zoan_6.jpg?width=365&amp;height=243 365w, https:\/\/fujifilm-x.b-cdn.net\/wp-content\/uploads\/2025\/07\/X-E5_Vao-Zoan_6.jpg?width=600&amp;height=400 600w, https:\/\/fujifilm-x.b-cdn.net\/wp-content\/uploads\/2025\/07\/X-E5_Vao-Zoan_6.jpg?width=717&amp;height=478 717w\" sizes=\"auto, (max-width: 1000px) 100vw, 1000px\" data-recalc-dims=\"1\" \/><\/figure>\n<\/div>\n<\/div>\n\n\n\n<p>Einer meiner Lieblingsorte ist das Dach eines alten Wohnhauses im Bezirk 4. Von hier aus habe ich eine gro\u00dfartige Aussicht. Von hier aus beobachte ich das ruhige Treiben in der urbanen Landschaft und nutze den digitalen Telekonverter der Kamera, um das Bild direkt im Sucher zu komponieren. Nat\u00fcrlich k\u00f6nnte ich das Bild sp\u00e4ter zuschneiden, aber im Moment der Aufnahme wirkt die Komposition einfach perfekt. Es bewahrt die Emotion, die sp\u00fcrbar bleibt, wenn man es auf einem gr\u00f6\u00dferen Bildschirm betrachtet.<\/p>\n\n\n\n<p>Nach Jahren mit einer Kamera in der Hand habe ich eine Bildsprache entwickelt, die Realit\u00e4t und filmische Bildausschnitte verbindet \u2013 erg\u00e4nzt durch eine Prise unvorhersehbaren Zufalls aus der Alltagsfotografie. Alles geschieht gleichzeitig: Ich blicke durch den Sucher, beobachte die Interaktionen, die sich entfalten, und bewege mich langsamer, w\u00e4hrend mein Blick im Sucherbild bleibt. In diesem Moment scheint die Welt um mich herum stillzustehen \u2013 als w\u00e4re ich der einzige Zuschauer dieser Szene.<\/p>\n\n\n\n<div class=\"wp-block-columns has-spacing-medium has-no-design is-layout-flex wp-container-core-columns-is-layout-9d6595d7 wp-block-columns-is-layout-flex\">\n<div class=\"wp-block-column is-layout-flow wp-block-column-is-layout-flow\">\n<figure class=\"wp-block-image size-large\"><img loading=\"lazy\" decoding=\"async\" width=\"683\" height=\"1024\" src=\"https:\/\/fujifilm-x.b-cdn.net\/wp-content\/uploads\/2025\/07\/X-E5_Vao-Zoan_7.jpg?width=683&#038;height=1024\" alt=\"\" class=\"wp-image-281626\" srcset=\"https:\/\/fujifilm-x.b-cdn.net\/wp-content\/uploads\/2025\/07\/X-E5_Vao-Zoan_7.jpg?width=683&amp;height=1024 683w, https:\/\/fujifilm-x.b-cdn.net\/wp-content\/uploads\/2025\/07\/X-E5_Vao-Zoan_7.jpg?width=200&amp;height=300 200w, https:\/\/fujifilm-x.b-cdn.net\/wp-content\/uploads\/2025\/07\/X-E5_Vao-Zoan_7.jpg?width=365&amp;height=548 365w, https:\/\/fujifilm-x.b-cdn.net\/wp-content\/uploads\/2025\/07\/X-E5_Vao-Zoan_7.jpg?width=600&amp;height=900 600w, https:\/\/fujifilm-x.b-cdn.net\/wp-content\/uploads\/2025\/07\/X-E5_Vao-Zoan_7.jpg?width=390&amp;height=585 390w\" sizes=\"auto, (max-width: 683px) 100vw, 683px\" data-recalc-dims=\"1\" \/><\/figure>\n<\/div>\n\n\n\n<div class=\"wp-block-column is-layout-flow wp-block-column-is-layout-flow\">\n<figure class=\"wp-block-image size-large\"><img loading=\"lazy\" decoding=\"async\" width=\"683\" height=\"1024\" src=\"https:\/\/fujifilm-x.b-cdn.net\/wp-content\/uploads\/2025\/07\/X-E5_Vao-Zoan_8.jpg?width=683&#038;height=1024\" alt=\"\" class=\"wp-image-281627\" srcset=\"https:\/\/fujifilm-x.b-cdn.net\/wp-content\/uploads\/2025\/07\/X-E5_Vao-Zoan_8.jpg?width=683&amp;height=1024 683w, https:\/\/fujifilm-x.b-cdn.net\/wp-content\/uploads\/2025\/07\/X-E5_Vao-Zoan_8.jpg?width=200&amp;height=300 200w, https:\/\/fujifilm-x.b-cdn.net\/wp-content\/uploads\/2025\/07\/X-E5_Vao-Zoan_8.jpg?width=365&amp;height=548 365w, https:\/\/fujifilm-x.b-cdn.net\/wp-content\/uploads\/2025\/07\/X-E5_Vao-Zoan_8.jpg?width=600&amp;height=900 600w, https:\/\/fujifilm-x.b-cdn.net\/wp-content\/uploads\/2025\/07\/X-E5_Vao-Zoan_8.jpg?width=390&amp;height=585 390w\" sizes=\"auto, (max-width: 683px) 100vw, 683px\" data-recalc-dims=\"1\" \/><\/figure>\n<\/div>\n<\/div>\n","protected":false},"excerpt":{"rendered":"<p>Als ich in diese Stadt zog, dachte ich, ich w\u00fcrde mit einem Maschinenbauabschluss zur\u00fcckkehren. Doch der Wunsch, mein Leben zu ver\u00e4ndern und mich neu zu orientieren, wurde immer st\u00e4rker. Durch die Fotografie entwickelte ich eine immer engere Verbindung zu diesem Ort. Den Gro\u00dfteil meiner Zeit fotografiere ich f\u00fcr kommerzielle Auftr\u00e4ge. Doch wenn sich die Gelegenheit [&hellip;]<\/p>\n","protected":false},"author":128,"featured_media":281616,"template":"","category":[2084,1006,1202,3211,320,1986,565,13898],"post_tag":[],"class_list":["post-355875","story","type-story","status-publish","has-post-thumbnail","hentry","category-be-inspired","category-cameras","category-category","category-x-series-mirrorless","category-products","category-x-series","category-stories","category-x-e5"],"pp_statuses_selecting_workflow":false,"pp_workflow_action":"current","pp_status_selection":"publish","acf":[],"publishpress_future_action":{"enabled":false,"date":"2026-05-08 18:52:06","action":"change-status","newStatus":"draft","terms":[],"taxonomy":"category","extraData":[]},"publishpress_future_workflow_manual_trigger":{"enabledWorkflows":[]},"_links":{"self":[{"href":"https:\/\/www.fujifilm-x.com\/de-de\/wp-json\/wp\/v2\/story\/355875","targetHints":{"allow":["GET"]}}],"collection":[{"href":"https:\/\/www.fujifilm-x.com\/de-de\/wp-json\/wp\/v2\/story"}],"about":[{"href":"https:\/\/www.fujifilm-x.com\/de-de\/wp-json\/wp\/v2\/types\/story"}],"author":[{"embeddable":true,"href":"https:\/\/www.fujifilm-x.com\/de-de\/wp-json\/wp\/v2\/users\/128"}],"wp:featuredmedia":[{"embeddable":true,"href":"https:\/\/www.fujifilm-x.com\/de-de\/wp-json\/wp\/v2\/media\/281616"}],"wp:attachment":[{"href":"https:\/\/www.fujifilm-x.com\/de-de\/wp-json\/wp\/v2\/media?parent=355875"}],"wp:term":[{"taxonomy":"category","embeddable":true,"href":"https:\/\/www.fujifilm-x.com\/de-de\/wp-json\/wp\/v2\/category?post=355875"},{"taxonomy":"post_tag","embeddable":true,"href":"https:\/\/www.fujifilm-x.com\/de-de\/wp-json\/wp\/v2\/post_tag?post=355875"}],"curies":[{"name":"wp","href":"https:\/\/api.w.org\/{rel}","templated":true}]}},{"id":355846,"date":"2026-04-24T00:49:20","date_gmt":"2026-04-24T00:49:20","guid":{"rendered":"https:\/\/www.fujifilm-x.com\/?post_type=story&#038;p=355846"},"modified":"2026-04-24T00:49:27","modified_gmt":"2026-04-24T00:49:27","slug":"x-e5-x-dawn-eagleton","status":"publish","type":"story","link":"https:\/\/www.fujifilm-x.com\/de-de\/stories\/x-e5-x-dawn-eagleton\/","title":{"rendered":"X-E5 x Dawn Eagleton"},"content":{"rendered":"\n<div class=\"wp-block-columns has-spacing-medium has-no-design is-layout-flex wp-container-core-columns-is-layout-9d6595d7 wp-block-columns-is-layout-flex\">\n<div class=\"wp-block-column is-layout-flow wp-block-column-is-layout-flow\">\n<h3 class=\"wp-block-heading\">Streetfotografie mit der X-E5: Dawn Eagletons Blick auf London<\/h3>\n\n\n\n<h4 class=\"wp-block-heading\">Die britische Streetfotografin Dawn Eagleton fotografiert mit der FUJIFILM X-E5 auf Londons Stra\u00dfen.<\/h4>\n<\/div>\n\n\n\n<div class=\"wp-block-column is-layout-flow wp-block-column-is-layout-flow\">\n<div><div class=\"block-video-player\"><div class=\"max-w-[800px] m-auto w-full relative fade-up-parallax\"><div class=\"block-video-player__splash-img aspect-w-16 aspect-h-9 js-btn--modal-youtube\" data-id=\"JJbBX5KfNCE\"><img decoding=\"async\" src=\"https:\/\/fujifilm-x.b-cdn.net\/wp-content\/uploads\/2025\/07\/X-E5_KV_Dawn-Eagleton_2\u306e\u30b3\u30d4\u30fc.jpg\" alt=\"X-E5_KV_Dawn Eagleton_2\u306e\u30b3\u30d2\u309a\u30fc\" loading=\"lazy\" data-recalc-dims=\"1\"\/><span class=\"play-button \"><\/span><\/div><\/div><div class=\"modal modal--youtube hidden\" data-id=\"JJbBX5KfNCE\"><div class=\"modal__content relative\"><button class=\"btn-modal-close\" data-id=\"JJbBX5KfNCE\"><span><\/span><span><\/span><\/button><figure class=\"wp-block-embed is-type-video is-provider-youtube wp-block-embed-youtube wp-embed-aspect-16-9 wp-has-aspect-ratio\"><div class=\"wp-block-embed__wrapper\"><div id=\"player-JJbBX5KfNCE\" data-id=\"JJbBX5KfNCE\" class=\"youtube-iframe\"><\/div><\/div><\/figure><\/div><\/div><\/div><\/div>\n<\/div>\n<\/div>\n\n\n\n<div class=\"wp-block-columns has-spacing-medium has-no-design is-layout-flex wp-container-core-columns-is-layout-9d6595d7 wp-block-columns-is-layout-flex\">\n<div class=\"wp-block-column is-layout-flow wp-block-column-is-layout-flow\">\n<figure class=\"wp-block-image size-large\"><img loading=\"lazy\" decoding=\"async\" width=\"1024\" height=\"684\" src=\"https:\/\/fujifilm-x.b-cdn.net\/wp-content\/uploads\/2025\/06\/X-E5_Dawn-Eagleton__0.jpg?width=1024&#038;height=684\" alt=\"\" class=\"wp-image-279116\" srcset=\"https:\/\/fujifilm-x.b-cdn.net\/wp-content\/uploads\/2025\/06\/X-E5_Dawn-Eagleton__0.jpg?width=1024&amp;height=684 1024w, https:\/\/fujifilm-x.b-cdn.net\/wp-content\/uploads\/2025\/06\/X-E5_Dawn-Eagleton__0.jpg?width=300&amp;height=200 300w, https:\/\/fujifilm-x.b-cdn.net\/wp-content\/uploads\/2025\/06\/X-E5_Dawn-Eagleton__0.jpg?width=768&amp;height=513 768w, https:\/\/fujifilm-x.b-cdn.net\/wp-content\/uploads\/2025\/06\/X-E5_Dawn-Eagleton__0.jpg?width=400&amp;height=267 400w, https:\/\/fujifilm-x.b-cdn.net\/wp-content\/uploads\/2025\/06\/X-E5_Dawn-Eagleton__0.jpg?width=365&amp;height=244 365w, https:\/\/fujifilm-x.b-cdn.net\/wp-content\/uploads\/2025\/06\/X-E5_Dawn-Eagleton__0.jpg?width=600&amp;height=401 600w, https:\/\/fujifilm-x.b-cdn.net\/wp-content\/uploads\/2025\/06\/X-E5_Dawn-Eagleton__0.jpg?width=717&amp;height=479 717w\" sizes=\"auto, (max-width: 1000px) 100vw, 1000px\" data-recalc-dims=\"1\" \/><figcaption class=\"wp-element-caption\">Foto \u00a9 2025 Dawn Eagleton | FUJIFILM X-E5 und FUJINON XF35mmF1.4 R, 1\/60, F1.4 und ISO\u00a0200<\/figcaption><\/figure>\n<\/div>\n\n\n\n<div class=\"wp-block-column is-layout-flow wp-block-column-is-layout-flow\">\n<p>\u201ePortr\u00e4ts haben mich schon immer fasziniert \u2013 doch am meisten begeistern mich unbewusste Momente, in denen Menschen einfach sie selbst sind\u201c, sagt Dawn Eagleton, Streetfotografin aus Gro\u00dfbritannien. \u201eIch finde, dass unsere spontanen Ausdr\u00fccke und Verhaltensweisen eine besondere Sch\u00f6nheit zeigen.\u201c<br><br>\u201eCharakter wird oft mit Exzentrik verwechselt. Es ist leicht, auf jemanden aufmerksam zu werden, der ein auff\u00e4lliges Outfit oder einen gro\u00dfen Hut tr\u00e4gt. Ich versuche, dar\u00fcber hinauszuschauen und die feinen Details bei ganz normalen Menschen zu erkennen, die ihrem Alltag nachgehen \u2013 die abbl\u00e4tternde Ecke, die man abziehen kann, um etwas zu enth\u00fcllen, das einem vielleicht nicht sofort ins Auge gefallen w\u00e4re.\u201c <\/p>\n<\/div>\n<\/div>\n\n\n\n<p>\u201eDas kann alles M\u00f6gliche sein, von einem Gesichtsausdruck bis zu seiner K\u00f6rperhaltung \u2013 all die kleinen Nuancen, die etwas dar\u00fcber verraten, wer diese Person ist. Im Laufe der Jahre, in denen ich diese Art von Schnappsch\u00fcssen gemacht habe, wurde mir klar, dass es mein Ziel ist, die Sch\u00f6nheit gew\u00f6hnlicher Menschen in unkontrollierten Momenten zu enth\u00fcllen.\u201c<\/p>\n\n\n\n<p>F\u00fcr jede Streetfotografin ist das passende Motiv der entscheidende Startpunkt \u2013 und jede hat dabei ihre eigene Vorstellung. \u201eIch suche meist nach Charakteren\u201c, sagt Dawn. \u201eDamit meine ich nicht gro\u00dfe Pers\u00f6nlichkeiten, sondern die kleinen Details, die uns ausmachen.\u201c<\/p>\n\n\n\n<p><strong>Hinweis: Alle abgebildeten Personen haben der Ver\u00f6ffentlichung ihrer Fotos zugestimmt.<\/strong><\/p>\n\n\n\n<div class=\"wp-block-columns has-spacing-medium has-no-design is-layout-flex wp-container-core-columns-is-layout-9d6595d7 wp-block-columns-is-layout-flex\">\n<div class=\"wp-block-column is-layout-flow wp-block-column-is-layout-flow\">\n<h3 class=\"wp-block-heading\">Das Fenster zur Seele<\/h3>\n\n\n\n<p>Mit der FUJIFILM X-E5 in der Hand erkundete Dawn London auf der Suche nach markanten Motiven. Die kleine, unauff\u00e4llige Kamera mit ihrem Sucher passte perfekt zu ihrer Art zu fotografieren<br><br>\u201eSie ist so sch\u00f6n, klein und leicht\u201c, sagt Dawn begeistert. \u201eIch war neugierig, wie sie sich in dieser Rolle bew\u00e4hren w\u00fcrde. Wer wie ich stundenlang unterwegs ist, braucht eine Kamera, die leicht und nicht im Weg ist.\u201c<br><br>Die nur 445 Gramm leichte X-E5 bietet erstklassige Bildqualit\u00e4t \u2013 dank eines 40,2 Megapixel X-Trans CMOS 5 HR-Sensors und des X-Prozessors 5. Trotz ihres kompakten Formats bietet sie professionelle Funktionen und Leistung. \u201eDie Kamera hat mich absolut \u00fcberzeugt \u2013 sie hat in jeder Situation zuverl\u00e4ssig funktioniert\u201c, sagt Dawn. \u201eImmer wenn ich schnell handeln musste, hat sie mich nie entt\u00e4uscht.\u201c<\/p>\n<\/div>\n\n\n\n<div class=\"wp-block-column is-layout-flow wp-block-column-is-layout-flow\">\n<figure class=\"wp-block-image size-large\"><img loading=\"lazy\" decoding=\"async\" width=\"684\" height=\"1024\" src=\"https:\/\/fujifilm-x.b-cdn.net\/wp-content\/uploads\/2025\/06\/X-E5_Dawn-Eagleton__1.jpg?width=684&#038;height=1024\" alt=\"\" class=\"wp-image-279117\" srcset=\"https:\/\/fujifilm-x.b-cdn.net\/wp-content\/uploads\/2025\/06\/X-E5_Dawn-Eagleton__1.jpg?width=684&amp;height=1024 684w, https:\/\/fujifilm-x.b-cdn.net\/wp-content\/uploads\/2025\/06\/X-E5_Dawn-Eagleton__1.jpg?width=200&amp;height=300 200w, https:\/\/fujifilm-x.b-cdn.net\/wp-content\/uploads\/2025\/06\/X-E5_Dawn-Eagleton__1.jpg?width=365&amp;height=547 365w, https:\/\/fujifilm-x.b-cdn.net\/wp-content\/uploads\/2025\/06\/X-E5_Dawn-Eagleton__1.jpg?width=600&amp;height=899 600w, https:\/\/fujifilm-x.b-cdn.net\/wp-content\/uploads\/2025\/06\/X-E5_Dawn-Eagleton__1.jpg?width=390&amp;height=585 390w\" sizes=\"auto, (max-width: 684px) 100vw, 684px\" data-recalc-dims=\"1\" \/><figcaption class=\"wp-element-caption\">Foto \u00a9 2025 Dawn Eagleton | FUJIFILM X-E5 und FUJINON XF35mmF1.4 R, 1\/250 s, F2 und ISO 125<\/figcaption><\/figure>\n<\/div>\n<\/div>\n\n\n\n<div class=\"wp-block-columns has-spacing-medium has-no-design is-layout-flex wp-container-core-columns-is-layout-9d6595d7 wp-block-columns-is-layout-flex\">\n<div class=\"wp-block-column is-layout-flow wp-block-column-is-layout-flow\">\n<figure class=\"wp-block-image size-large\"><img loading=\"lazy\" decoding=\"async\" width=\"684\" height=\"1024\" src=\"https:\/\/fujifilm-x.b-cdn.net\/wp-content\/uploads\/2025\/06\/X-E5_Dawn-Eagleton__2.jpg?width=684&#038;height=1024\" alt=\"\" class=\"wp-image-279118\" srcset=\"https:\/\/fujifilm-x.b-cdn.net\/wp-content\/uploads\/2025\/06\/X-E5_Dawn-Eagleton__2.jpg?width=684&amp;height=1024 684w, https:\/\/fujifilm-x.b-cdn.net\/wp-content\/uploads\/2025\/06\/X-E5_Dawn-Eagleton__2.jpg?width=200&amp;height=300 200w, https:\/\/fujifilm-x.b-cdn.net\/wp-content\/uploads\/2025\/06\/X-E5_Dawn-Eagleton__2.jpg?width=365&amp;height=547 365w, https:\/\/fujifilm-x.b-cdn.net\/wp-content\/uploads\/2025\/06\/X-E5_Dawn-Eagleton__2.jpg?width=600&amp;height=899 600w, https:\/\/fujifilm-x.b-cdn.net\/wp-content\/uploads\/2025\/06\/X-E5_Dawn-Eagleton__2.jpg?width=390&amp;height=585 390w\" sizes=\"auto, (max-width: 684px) 100vw, 684px\" data-recalc-dims=\"1\" \/><figcaption class=\"wp-element-caption\">Foto \u00a9 2025 Dawn Eagleton | FUJIFILM X-E5 und FUJINON XF35mmF1.4 R, 1\/180 s, F2 und ISO 160<\/figcaption><\/figure>\n<\/div>\n\n\n\n<div class=\"wp-block-column is-layout-flow wp-block-column-is-layout-flow\">\n<p>Auff\u00e4llig an Dawns Arbeiten ist, dass ihre Motive oft direkt in die Kamera schauen. \u201eAls ich begann, Menschen zu fotografieren, wollte ich, dass sie so nat\u00fcrlich wie m\u00f6glich wirken\u201c, erkl\u00e4rt sie. \u201eDoch mit der Zeit entdeckte ich meine Liebe zum Augenkontakt. Er erm\u00f6glicht dem Betrachter, eine Verbindung zum Motiv aufzubauen.\u201c<br><br>Die Herausforderung besteht darin, den Ausl\u00f6ser zu dr\u00fccken, bevor sich das Motiv verschlie\u00dft. \u201eSobald Menschen bemerken, dass sie fotografiert werden, ver\u00e4ndern sie meist ihre Haltung oder ihren Ausdruck\u201c, sagt sie.<br><br>\u201eOft fragen mich Leute: \u201aWirkt ein Foto nat\u00fcrlich, wenn die Person direkt in die Kamera schaut?\u2018 Meistens ist es so: Der Blick in die Linse entsteht genau in dem Moment, in dem jemand aufschaut, mich bemerkt \u2013 aber noch nicht realisiert, dass ich fotografiere. Es ist dieser kurze Moment, in dem jemand aufschaut, mich bemerkt \u2013 aber noch nicht realisiert, dass ich eine Kamera halte.\u201c<br><br>Die X-E5 eignet sich ideal, um solche Momente einzufangen. Sie vereint einen schnellen, KI-gest\u00fctzten Autofokus mit schneller Motiverkennung und einen integrierten Bildstabilisator (IBIS), der bis zu 7,0 Blendenstufen ausgleicht. \u201eIn der Streetfotografie muss man oft schnell reagieren\u201c, sagt Dawn. \u201eDie Bildstabilisierung ist ein echter Vorteil: Selbst bei schnellen Bewegungen oder aus der Hand gelingen scharfe Bilder.\u201c<\/p>\n<\/div>\n<\/div>\n\n\n\n<div class=\"wp-block-columns has-spacing-medium has-no-design is-layout-flex wp-container-core-columns-is-layout-9d6595d7 wp-block-columns-is-layout-flex\">\n<div class=\"wp-block-column is-layout-flow wp-block-column-is-layout-flow\">\n<h3 class=\"wp-block-heading\">Systemkamera mit Wechselobjektiven<\/h3>\n\n\n\n<p>Die X-E5 ist eine kompakte Systemkamera \u2013 \u00e4hnlich wie die legend\u00e4re <a href=\"https:\/\/www.fujifilm-x.com\/de-de\/products\/cameras\/x100vi\/\">FUJIFILM X100VI<\/a>, aber mit dem Vorteil, dass man Objektive wechseln kann.<br><br>\u201eDas ist perfekt f\u00fcr die Streetfotografie: Gr\u00f6\u00dfe und Gewicht passen ideal. Dazu kommt, dass man verschiedene Objektive nutzen kann, um die Lieblingsbrennweite einzusetzen. Falls ich mehr Reichweite ben\u00f6tige, kann ich den digitalen Telekonverter aktivieren \u2013 ohne das Objektiv zu wechseln.\u201c<br><br>Wie die X100VI bietet auch die X-E5 digitale Telekonverter mit 1,4- und 2-fachem Digitalzoom durch Sensorausschnitt.<br><br>\u201eIch nutze Festbrennweitenobjektive aus voller \u00dcberzeugung\u201c, sagt Dawn. \u201eIch bleibe gern bei einer festen Brennweite \u2013 so nehme ich die Welt wahr. F\u00fcr mich ist es ganz nat\u00fcrlich, mit 35 mm zu fotografieren. Doch manchmal muss man n\u00e4her heran, haupts\u00e4chlich bei Portr\u00e4ts, und der Telekonverter erm\u00f6glicht dir genau das ohne Objektivwechsel.\u201c<\/p>\n<\/div>\n\n\n\n<div class=\"wp-block-column is-layout-flow wp-block-column-is-layout-flow\">\n<figure class=\"wp-block-image size-large\"><img loading=\"lazy\" decoding=\"async\" width=\"684\" height=\"1024\" src=\"https:\/\/fujifilm-x.b-cdn.net\/wp-content\/uploads\/2025\/06\/X-E5_Dawn-Eagleton__3.jpg?width=684&#038;height=1024\" alt=\"\" class=\"wp-image-279119\" srcset=\"https:\/\/fujifilm-x.b-cdn.net\/wp-content\/uploads\/2025\/06\/X-E5_Dawn-Eagleton__3.jpg?width=684&amp;height=1024 684w, https:\/\/fujifilm-x.b-cdn.net\/wp-content\/uploads\/2025\/06\/X-E5_Dawn-Eagleton__3.jpg?width=200&amp;height=300 200w, https:\/\/fujifilm-x.b-cdn.net\/wp-content\/uploads\/2025\/06\/X-E5_Dawn-Eagleton__3.jpg?width=365&amp;height=547 365w, https:\/\/fujifilm-x.b-cdn.net\/wp-content\/uploads\/2025\/06\/X-E5_Dawn-Eagleton__3.jpg?width=600&amp;height=899 600w, https:\/\/fujifilm-x.b-cdn.net\/wp-content\/uploads\/2025\/06\/X-E5_Dawn-Eagleton__3.jpg?width=390&amp;height=585 390w\" sizes=\"auto, (max-width: 684px) 100vw, 684px\" data-recalc-dims=\"1\" \/><figcaption class=\"wp-element-caption\">Foto \u00a9 2025 Dawn Eagleton | FUJIFILM X-E5 und FUJINON XF35mmF1.4 R, 1\/180 s, F2.8 und ISO\u00a0125<\/figcaption><\/figure>\n<\/div>\n<\/div>\n\n\n\n<p>Neu bei der X-E5 ist der Retro-Suchermodus, der das Sucherbild ohne st\u00f6rende Anzeigen darstellt und den Blick auf das Wesentliche lenkt. \u201eDie Belichtungswerte werden in leuchtendem Rot angezeigt \u2013 das gibt der Kamera einen retrohaften Charme, fast wie bei einer alten Analogkamera\u201c, sagt Dawn. \u201eDas verleiht dem Ganzen zus\u00e4tzlichen Stil. Fujifilm schafft es immer wieder, die Bedienung zu verbessern \u2013 ohne den typischen Fujifilm-Charme zu verlieren.\u201c<\/p>\n\n\n\n<p>\u201eDas ist wohl meine liebste kleine Neuerung\u201c, sagt sie. \u201eK\u00fcrzlich habe ich wieder begonnen, alte Analogkameras zu nutzen \u2013 einfach, weil es mir Freude macht. Dass ich diesen Modus in einer modernen Digitalkamera wiederfinde, hat mich begeistert \u2013 es f\u00fchlt sich an wie eine Hommage an die Analogfotografie. Ich w\u00fcrde diese Einstellung definitiv immer eingeschaltet lassen.\u201c<\/p>\n\n\n\n<div class=\"wp-block-columns has-spacing-medium has-no-design is-layout-flex wp-container-core-columns-is-layout-9d6595d7 wp-block-columns-is-layout-flex\">\n<div class=\"wp-block-column is-layout-flow wp-block-column-is-layout-flow\">\n<figure class=\"wp-block-image size-large\"><img loading=\"lazy\" decoding=\"async\" width=\"684\" height=\"1024\" src=\"https:\/\/fujifilm-x.b-cdn.net\/wp-content\/uploads\/2025\/06\/X-E5_Dawn-Eagleton__4.jpg?width=684&#038;height=1024\" alt=\"\" class=\"wp-image-279120\" srcset=\"https:\/\/fujifilm-x.b-cdn.net\/wp-content\/uploads\/2025\/06\/X-E5_Dawn-Eagleton__4.jpg?width=684&amp;height=1024 684w, https:\/\/fujifilm-x.b-cdn.net\/wp-content\/uploads\/2025\/06\/X-E5_Dawn-Eagleton__4.jpg?width=200&amp;height=300 200w, https:\/\/fujifilm-x.b-cdn.net\/wp-content\/uploads\/2025\/06\/X-E5_Dawn-Eagleton__4.jpg?width=365&amp;height=547 365w, https:\/\/fujifilm-x.b-cdn.net\/wp-content\/uploads\/2025\/06\/X-E5_Dawn-Eagleton__4.jpg?width=600&amp;height=899 600w, https:\/\/fujifilm-x.b-cdn.net\/wp-content\/uploads\/2025\/06\/X-E5_Dawn-Eagleton__4.jpg?width=390&amp;height=585 390w\" sizes=\"auto, (max-width: 684px) 100vw, 684px\" data-recalc-dims=\"1\" \/><figcaption class=\"wp-element-caption\">Foto \u00a9 2025 Dawn Eagleton | FUJIFILM X-E5 und FUJINON XF35mmF1.4 R, 1\/180 s, F2 und ISO\u00a0125<\/figcaption><\/figure>\n<\/div>\n\n\n\n<div class=\"wp-block-column is-layout-flow wp-block-column-is-layout-flow\">\n<figure class=\"wp-block-image size-large\"><img loading=\"lazy\" decoding=\"async\" width=\"684\" height=\"1024\" src=\"https:\/\/fujifilm-x.b-cdn.net\/wp-content\/uploads\/2025\/06\/X-E5_Dawn-Eagleton__5.jpg?width=684&#038;height=1024\" alt=\"\" class=\"wp-image-279121\" srcset=\"https:\/\/fujifilm-x.b-cdn.net\/wp-content\/uploads\/2025\/06\/X-E5_Dawn-Eagleton__5.jpg?width=684&amp;height=1024 684w, https:\/\/fujifilm-x.b-cdn.net\/wp-content\/uploads\/2025\/06\/X-E5_Dawn-Eagleton__5.jpg?width=200&amp;height=300 200w, https:\/\/fujifilm-x.b-cdn.net\/wp-content\/uploads\/2025\/06\/X-E5_Dawn-Eagleton__5.jpg?width=365&amp;height=547 365w, https:\/\/fujifilm-x.b-cdn.net\/wp-content\/uploads\/2025\/06\/X-E5_Dawn-Eagleton__5.jpg?width=600&amp;height=899 600w, https:\/\/fujifilm-x.b-cdn.net\/wp-content\/uploads\/2025\/06\/X-E5_Dawn-Eagleton__5.jpg?width=390&amp;height=585 390w\" sizes=\"auto, (max-width: 684px) 100vw, 684px\" data-recalc-dims=\"1\" \/><figcaption class=\"wp-element-caption\">Foto \u00a9 2025 Dawn Eagleton | FUJIFILM X-E5 und FUJINON XF35mmF1.4 R, 1\/500 s, F2 und ISO\u00a0160<\/figcaption><\/figure>\n<\/div>\n<\/div>\n\n\n\n<div class=\"wp-block-columns has-spacing-medium has-no-design is-layout-flex wp-container-core-columns-is-layout-9d6595d7 wp-block-columns-is-layout-flex\">\n<div class=\"wp-block-column is-layout-flow wp-block-column-is-layout-flow\">\n<h3 class=\"wp-block-heading\">Filmsimulationen im Handumdrehen<\/h3>\n\n\n\n<p>\u201eFujifilm hat schon immer gro\u00dfartige Kameras gestaltet\u201c, sagt Dawn. \u201eBei der X-E5 haben sie eine Aluminium-Oberplatte eingebaut. Das gibt ihr ein solides Gef\u00fchl \u2013 wie ein echtes Qualit\u00e4tsprodukt.\u201c<br><br>In die Oberplatte ist ein neu gestaltetes Filmsimulationsrad integriert, das durch ein Fenster das aktuell gew\u00e4hlte Profil zeigt. Zudem lassen sich mehr benutzerdefinierte Film-Simulationsrezepte speichern.<br><br>\u201eDa ich die Filmsimulationen jetzt direkt per Einstellrad ausw\u00e4hlen kann, probiere ich viel mehr aus \u2013 und entdecke immer wieder neue Looks\u201c, sagt Dawn. \u201eFr\u00fcher habe ich Fujifilm-Kameras genutzt, aber die kamerainternen Simulationen kaum ausprobiert. Umso besser, dass ich sie jetzt so einfach anw\u00e4hlen und sehen konnte, wie jede einzelne in den verschiedenen Szenen wirkte, die ich fotografierte.\u201c<br><br>\u201eIch bearbeite nicht viel nach\u201c, erkl\u00e4rt Dawn. \u201eIch spiele gern ein wenig mit Farben und Helligkeit herum, aber ansonsten ist es wichtig, dass schon bei der Aufnahme alles stimmt. Ich m\u00f6chte nicht mehr als ein paar Minuten mit der Bearbeitung jedes einzelnen Fotos verbringen \u2013 und mit der richtigen Filmsimulation l\u00e4sst sich diese Bearbeitungszeit noch weiter verk\u00fcrzen.<\/p>\n<\/div>\n\n\n\n<div class=\"wp-block-column is-layout-flow wp-block-column-is-layout-flow\">\n<figure class=\"wp-block-image size-large\"><img loading=\"lazy\" decoding=\"async\" width=\"684\" height=\"1024\" src=\"https:\/\/fujifilm-x.b-cdn.net\/wp-content\/uploads\/2025\/06\/X-E5_Dawn-Eagleton__6.jpg?width=684&#038;height=1024\" alt=\"\" class=\"wp-image-279122\" srcset=\"https:\/\/fujifilm-x.b-cdn.net\/wp-content\/uploads\/2025\/06\/X-E5_Dawn-Eagleton__6.jpg?width=684&amp;height=1024 684w, https:\/\/fujifilm-x.b-cdn.net\/wp-content\/uploads\/2025\/06\/X-E5_Dawn-Eagleton__6.jpg?width=200&amp;height=300 200w, https:\/\/fujifilm-x.b-cdn.net\/wp-content\/uploads\/2025\/06\/X-E5_Dawn-Eagleton__6.jpg?width=365&amp;height=547 365w, https:\/\/fujifilm-x.b-cdn.net\/wp-content\/uploads\/2025\/06\/X-E5_Dawn-Eagleton__6.jpg?width=600&amp;height=899 600w, https:\/\/fujifilm-x.b-cdn.net\/wp-content\/uploads\/2025\/06\/X-E5_Dawn-Eagleton__6.jpg?width=390&amp;height=585 390w\" sizes=\"auto, (max-width: 684px) 100vw, 684px\" data-recalc-dims=\"1\" \/><figcaption class=\"wp-element-caption\">Foto \u00a9 2025 Dawn Eagleton | FUJIFILM X-E5 und FUJINON XF35mmF1.4 R, 1\/500 s, F2 und ISO\u00a0125<\/figcaption><\/figure>\n<\/div>\n<\/div>\n\n\n\n<p>\u201eWenn man erst ins Men\u00fc gehen muss, um auf diese Funktionen zuzugreifen, probiert man sie eher selten aus \u2013 wenn sie hingegen ganz oben zu finden sind, lassen sie sich leicht bedienen, w\u00e4hrend sich die Szene vor einem abspielt.\u201c<\/p>\n\n\n\n<div class=\"wp-block-columns has-spacing-medium has-no-design is-layout-flex wp-container-core-columns-is-layout-9d6595d7 wp-block-columns-is-layout-flex\">\n<div class=\"wp-block-column is-layout-flow wp-block-column-is-layout-flow\">\n<figure class=\"wp-block-image size-large\"><img loading=\"lazy\" decoding=\"async\" width=\"684\" height=\"1024\" src=\"https:\/\/fujifilm-x.b-cdn.net\/wp-content\/uploads\/2025\/06\/X-E5_Dawn-Eagleton__7.jpg?width=684&#038;height=1024\" alt=\"\" class=\"wp-image-279123\" srcset=\"https:\/\/fujifilm-x.b-cdn.net\/wp-content\/uploads\/2025\/06\/X-E5_Dawn-Eagleton__7.jpg?width=684&amp;height=1024 684w, https:\/\/fujifilm-x.b-cdn.net\/wp-content\/uploads\/2025\/06\/X-E5_Dawn-Eagleton__7.jpg?width=200&amp;height=300 200w, https:\/\/fujifilm-x.b-cdn.net\/wp-content\/uploads\/2025\/06\/X-E5_Dawn-Eagleton__7.jpg?width=365&amp;height=547 365w, https:\/\/fujifilm-x.b-cdn.net\/wp-content\/uploads\/2025\/06\/X-E5_Dawn-Eagleton__7.jpg?width=600&amp;height=899 600w, https:\/\/fujifilm-x.b-cdn.net\/wp-content\/uploads\/2025\/06\/X-E5_Dawn-Eagleton__7.jpg?width=390&amp;height=585 390w\" sizes=\"auto, (max-width: 684px) 100vw, 684px\" data-recalc-dims=\"1\" \/><figcaption class=\"wp-element-caption\">Foto \u00a9 2025 Dawn Eagleton | FUJIFILM X-E5 und FUJINON XF35mmF1.4 R, 1\/500 s, F2 und ISO\u00a0125<\/figcaption><\/figure>\n<\/div>\n\n\n\n<div class=\"wp-block-column is-layout-flow wp-block-column-is-layout-flow\">\n<h3 class=\"wp-block-heading\">Unendliche M\u00f6glichkeiten<\/h3>\n\n\n\n<p>Mit ihrem Lieblingsobjektiv wurde die X-E5 zum idealen Werkzeug f\u00fcr Dawns einzigartige Streetfotografie \u2013 eine perfekte Mischung aus Leistung und Kompaktheit.<br><br>\u201eDie Gr\u00f6\u00dfe dieser Kamera passt perfekt\u201c, sagt sie begeistert. \u201eIch habe schon einige kleinere, taschenfreundliche Modelle ausprobiert, aber sie vermitteln nicht das klassische Fotografie-Feeling. Diese Kamera schl\u00e4gt eine gelungene Br\u00fccke zwischen den kompakten und den gr\u00f6\u00dferen Modellen. Sie liegt hervorragend in meinen H\u00e4nden \u2013 angenehm und solide. Ich genie\u00dfe es wirklich, sie zu benutzen.\u201c<br><br>Die X-E5 eignet sich offensichtlich perfekt f\u00fcr die Stra\u00dfenfotografie, aber Dawn meint, dass diese Kamera bei einer Vielzahl von Fotografinnen und Fotografen Anklang finden wird. \u201eSie ist so kompakt, aber man kann einfach jedes beliebige Objektiv darauf setzen\u201c, betont sie.<\/p>\n<\/div>\n<\/div>\n\n\n\n<p>Dank ihres hochaufl\u00f6senden Sensors, des 7,0-Stufen-Bildstabilisators und der umfangreichen Auswahl an Objektiven eignet sie sich f\u00fcr jedes Fotografie-Genre.<\/p>\n\n\n\n<p>\u201eDiese Kamera erf\u00fcllt die Anspr\u00fcche vieler Fotografinnen und Fotografen\u201c, sagt Dawn. \u201eW\u00fcrde ich eine kompakte Reisekamera suchen, k\u00e4me sie f\u00fcr mich definitiv infrage. Sie ist leistungsstark, handlich und macht einfach Spa\u00df \u2013 eine Kamera, die \u00fcberzeugt und mit kleinen Extras \u00fcberrascht.\u201c<\/p>\n\n\n\n<figure class=\"wp-block-image size-large\"><img loading=\"lazy\" decoding=\"async\" width=\"684\" height=\"1024\" src=\"https:\/\/fujifilm-x.b-cdn.net\/wp-content\/uploads\/2025\/06\/X-E5_Dawn-Eagleton__8.jpg?width=684&#038;height=1024\" alt=\"\" class=\"wp-image-279124\" srcset=\"https:\/\/fujifilm-x.b-cdn.net\/wp-content\/uploads\/2025\/06\/X-E5_Dawn-Eagleton__8.jpg?width=684&amp;height=1024 684w, https:\/\/fujifilm-x.b-cdn.net\/wp-content\/uploads\/2025\/06\/X-E5_Dawn-Eagleton__8.jpg?width=200&amp;height=300 200w, https:\/\/fujifilm-x.b-cdn.net\/wp-content\/uploads\/2025\/06\/X-E5_Dawn-Eagleton__8.jpg?width=365&amp;height=547 365w, https:\/\/fujifilm-x.b-cdn.net\/wp-content\/uploads\/2025\/06\/X-E5_Dawn-Eagleton__8.jpg?width=600&amp;height=899 600w, https:\/\/fujifilm-x.b-cdn.net\/wp-content\/uploads\/2025\/06\/X-E5_Dawn-Eagleton__8.jpg?width=390&amp;height=585 390w\" sizes=\"auto, (max-width: 684px) 100vw, 684px\" data-recalc-dims=\"1\" \/><figcaption class=\"wp-element-caption\">Foto \u00a9 2025 Dawn Eagleton | FUJIFILM X-E5 und FUJINON XF35mmF1.4 R, 1\/60 s, F8 und ISO\u00a0125<\/figcaption><\/figure>\n","protected":false},"excerpt":{"rendered":"<p>Streetfotografie mit der X-E5: Dawn Eagletons Blick auf London Die britische Streetfotografin Dawn Eagleton fotografiert mit der FUJIFILM X-E5 auf Londons Stra\u00dfen. \u201ePortr\u00e4ts haben mich schon immer fasziniert \u2013 doch am meisten begeistern mich unbewusste Momente, in denen Menschen einfach sie selbst sind\u201c, sagt Dawn Eagleton, Streetfotografin aus Gro\u00dfbritannien. \u201eIch finde, dass unsere spontanen Ausdr\u00fccke [&hellip;]<\/p>\n","protected":false},"author":128,"featured_media":279116,"template":"","category":[2084,1006,1202,3211,320,1986,565,13898],"post_tag":[],"class_list":["post-355846","story","type-story","status-publish","has-post-thumbnail","hentry","category-be-inspired","category-cameras","category-category","category-x-series-mirrorless","category-products","category-x-series","category-stories","category-x-e5"],"pp_statuses_selecting_workflow":false,"pp_workflow_action":"current","pp_status_selection":"publish","acf":[],"publishpress_future_action":{"enabled":false,"date":"2026-05-08 18:52:07","action":"change-status","newStatus":"draft","terms":[],"taxonomy":"category","extraData":[]},"publishpress_future_workflow_manual_trigger":{"enabledWorkflows":[]},"_links":{"self":[{"href":"https:\/\/www.fujifilm-x.com\/de-de\/wp-json\/wp\/v2\/story\/355846","targetHints":{"allow":["GET"]}}],"collection":[{"href":"https:\/\/www.fujifilm-x.com\/de-de\/wp-json\/wp\/v2\/story"}],"about":[{"href":"https:\/\/www.fujifilm-x.com\/de-de\/wp-json\/wp\/v2\/types\/story"}],"author":[{"embeddable":true,"href":"https:\/\/www.fujifilm-x.com\/de-de\/wp-json\/wp\/v2\/users\/128"}],"wp:featuredmedia":[{"embeddable":true,"href":"https:\/\/www.fujifilm-x.com\/de-de\/wp-json\/wp\/v2\/media\/279116"}],"wp:attachment":[{"href":"https:\/\/www.fujifilm-x.com\/de-de\/wp-json\/wp\/v2\/media?parent=355846"}],"wp:term":[{"taxonomy":"category","embeddable":true,"href":"https:\/\/www.fujifilm-x.com\/de-de\/wp-json\/wp\/v2\/category?post=355846"},{"taxonomy":"post_tag","embeddable":true,"href":"https:\/\/www.fujifilm-x.com\/de-de\/wp-json\/wp\/v2\/post_tag?post=355846"}],"curies":[{"name":"wp","href":"https:\/\/api.w.org\/{rel}","templated":true}]}}]