[{"id":355490,"date":"2026-04-22T02:05:48","date_gmt":"2026-04-22T02:05:48","guid":{"rendered":"https:\/\/www.fujifilm-x.com\/?post_type=story&#038;p=355490"},"modified":"2026-04-22T02:05:55","modified_gmt":"2026-04-22T02:05:55","slug":"nauka-poprzez-praktyke-fotografia-krajobrazowa-z-andym-mumfordem","status":"publish","type":"story","link":"https:\/\/www.fujifilm-x.com\/pl-pl\/stories\/nauka-poprzez-praktyke-fotografia-krajobrazowa-z-andym-mumfordem\/","title":{"rendered":"Nauka poprzez praktyk\u0119: Fotografia krajobrazowa z\u00a0Andym Mumfordem"},"content":{"rendered":"\n<h2 class=\"wp-block-heading\">Fotograf krajobrazowy Andy Mumford opowiada o sprz\u0119cie, technikach i&nbsp;udziela porad dotycz\u0105cych fotografii<\/h2>\n\n\n\n<p>Chocia\u017c Andy Mumford mieszka obecnie w&nbsp;s\u0142onecznej Lizbonie, jego praca fotografa zaprowadzi\u0142a go w najodleglejsze zak\u0105tki \u015bwiata. Jest nie tylko do\u015bwiadczonym fotografem krajobrazowym i&nbsp;podr\u00f3\u017cniczym, ale r\u00f3wnie\u017c pasjonatem nauczania fotografii, kt\u00f3ry dzieli si\u0119 swoj\u0105 wiedz\u0105, prowadz\u0105c warsztaty dla pocz\u0105tkuj\u0105cych tw\u00f3rc\u00f3w.<\/p>\n\n\n\n<p>\u201eLudzie zazwyczaj zaczynaj\u0105 zajmowa\u0107 si\u0119 fotografi\u0105 krajobrazow\u0105 z&nbsp;dw\u00f3ch powod\u00f3w\u201d&nbsp;\u2014 zaczyna Andy. \u201eAlbo s\u0105 naprawd\u0119 zainteresowani fotografi\u0105 i&nbsp;aparatami fotograficznymi, albo&nbsp;\u2014 tak jak ja&nbsp;\u2014 w\u0119dr\u00f3wkami i&nbsp;przyrod\u0105\u201d.<\/p>\n\n\n\n<p>\u201eOd najm\u0142odszych lat cz\u0119sto je\u017adzi\u0142em z rodzicami na kempingi i w\u0119drowa\u0142em po Peak District. Zawsze uwielbia\u0142em przebywa\u0107 na \u0142onie natury. Dla mnie liczy si\u0119 przede wszystkim do\u015bwiadczenie&nbsp;\u2014 to, jakie uczucia budzi w tobie przebywanie w danym miejscu \u2014 a fotografia jest sposobem na utrwalenie tego\u201d.<\/p>\n\n\n\n<figure class=\"wp-block-image size-large is-resized\"><img loading=\"lazy\" decoding=\"async\" width=\"1024\" height=\"683\" src=\"https:\/\/fujifilm-x.b-cdn.net\/wp-content\/uploads\/2026\/04\/Andy-Mumford-X-Story_01-1024x683.jpg?width=1024&#038;height=683\" alt=\"\" class=\"wp-image-354177\" style=\"aspect-ratio:1.4993323181445473;width:1000px;height:auto\" srcset=\"https:\/\/fujifilm-x.b-cdn.net\/wp-content\/uploads\/2026\/04\/Andy-Mumford-X-Story_01.jpg?width=1024&amp;height=683 1024w, https:\/\/fujifilm-x.b-cdn.net\/wp-content\/uploads\/2026\/04\/Andy-Mumford-X-Story_01.jpg?width=300&amp;height=200 300w, https:\/\/fujifilm-x.b-cdn.net\/wp-content\/uploads\/2026\/04\/Andy-Mumford-X-Story_01.jpg?width=768&amp;height=512 768w, https:\/\/fujifilm-x.b-cdn.net\/wp-content\/uploads\/2026\/04\/Andy-Mumford-X-Story_01.jpg?width=400&amp;height=267 400w, https:\/\/fujifilm-x.b-cdn.net\/wp-content\/uploads\/2026\/04\/Andy-Mumford-X-Story_01.jpg?width=717&amp;height=478 717w, https:\/\/fujifilm-x.b-cdn.net\/wp-content\/uploads\/2026\/04\/Andy-Mumford-X-Story_01.jpg?width=936&amp;height=624 936w\" sizes=\"auto, (max-width: 1000px) 100vw, 1000px\" data-recalc-dims=\"1\" \/><figcaption class=\"wp-element-caption\">Zdj\u0119cie 2019 \u00a9&nbsp;Andy Mumford | FUJIFILM X-T3 i&nbsp;FUJINON XF10\u201324&nbsp;mm&nbsp;F4 R OIS, 1\/125&nbsp;s przy F9, ISO 160<\/figcaption><\/figure>\n\n\n\n<h2 class=\"wp-block-heading\">Metoda pr\u00f3b i&nbsp;b\u0142\u0119d\u00f3w<\/h2>\n\n\n\n<p>Jak sam przyznaje, jego pierwsze pr\u00f3by zdj\u0119\u0107 krajobrazowych nie by\u0142y szczeg\u00f3lnie udane. Zamiast jednak si\u0119 zniech\u0119ci\u0107, zafascynowa\u0142o go odkrywanie tego co sprawia, \u017ce niekt\u00f3re zdj\u0119cia s\u0105 lepsze od innych.<\/p>\n\n\n\n<p>\u201ePami\u0119tam, \u017ce kiedy by\u0142em dzieckiem, zabierali\u015bmy na wakacje aparat z&nbsp;klisz\u0105. Gdy wywo\u0142ywa\u0142o si\u0119 zdj\u0119cia, komentowali\u015bmy je zazwyczaj tak: &gt;&gt;to zdj\u0119cie wysz\u0142o dobrze, a to nie&lt;&lt;. Ale nigdy nie zastanawia\u0142em si\u0119, co to dok\u0142adnie oznacza\u201d&nbsp;\u2014 wspomina Andy. \u201eCo to znaczy, \u017ce zdj\u0119cie wychodzi lub nie wychodzi&nbsp;\u2014 i&nbsp;dlaczego tak si\u0119 dzieje? Co spowodowa\u0142o, \u017ce zdj\u0119cie by\u0142o nieostre albo prze\u015bwietlone?\u201d.<\/p>\n\n\n\n<figure class=\"wp-block-image size-large\"><img loading=\"lazy\" decoding=\"async\" width=\"768\" height=\"1024\" src=\"https:\/\/fujifilm-x.b-cdn.net\/wp-content\/uploads\/2026\/04\/Andy-Mumford-X-Story_02-768x1024.jpg?width=768&#038;height=1024\" alt=\"\" class=\"wp-image-354178\" srcset=\"https:\/\/fujifilm-x.b-cdn.net\/wp-content\/uploads\/2026\/04\/Andy-Mumford-X-Story_02.jpg?width=768&amp;height=1024 768w, https:\/\/fujifilm-x.b-cdn.net\/wp-content\/uploads\/2026\/04\/Andy-Mumford-X-Story_02.jpg?width=225&amp;height=300 225w, https:\/\/fujifilm-x.b-cdn.net\/wp-content\/uploads\/2026\/04\/Andy-Mumford-X-Story_02.jpg?width=640&amp;height=854 640w, https:\/\/fujifilm-x.b-cdn.net\/wp-content\/uploads\/2026\/04\/Andy-Mumford-X-Story_02.jpg?width=717&amp;height=956 717w\" sizes=\"auto, (max-width: 768px) 100vw, 768px\" data-recalc-dims=\"1\" \/><figcaption class=\"wp-element-caption\">Zdj\u0119cie 2019 \u00a9&nbsp;Andy Mumford | FUJIFILM X-T3 i&nbsp;FUJINON XF10\u201324&nbsp;mm&nbsp;F4 R OIS, 1\/30&nbsp;s przy F8, ISO 160<\/figcaption><\/figure>\n\n\n\n<p>\u201eZacz\u0105\u0142em si\u0119 tym interesowa\u0107 i pr\u00f3bowa\u0142em zrozumie\u0107, dlaczego niekt\u00f3re zdj\u0119cia mi si\u0119 podoba\u0142y, a inne by\u0142y okropne. W&nbsp;tym celu do\u0142\u0105czy\u0142em do kilku internetowych spo\u0142eczno\u015bci fotograficznych. Zdoby\u0142em w&nbsp;ten spos\u00f3b wiedz\u0119 i&nbsp;wkr\u00f3tce robienie coraz lepszych zdj\u0119\u0107 sta\u0142o si\u0119 dla mnie obsesj\u0105&nbsp;\u2014 d\u0142ugie ekspozycje, czekanie na z\u0142ot\u0105 godzin\u0119, tego typu podobne rzeczy. Nauczy\u0142em si\u0119 tego sam, ale g\u0142\u00f3wnym motorem by\u0142a dla mnie po prostu mi\u0142o\u015b\u0107 do przebywania na \u0142onie natury\u201d.<\/p>\n\n\n\n<p>Ta sk\u0142onno\u015b\u0107 do sp\u0119dzania czasu na \u015bwie\u017cym powietrzu sprawia, \u017ce istot\u0105 fotografii Andy&#8217;ego jest uwiecznianie atmosfery miejsca, a nie tworzenie dokumentalnego obrazu krajobrazu.<\/p>\n\n\n\n<p>\u201eTak naprawd\u0119 nie fotografujesz samego miejsca\u201d&nbsp;\u2014 rozwa\u017ca. \u201ePr\u00f3bujesz uchwyci\u0107 na zdj\u0119ciu to, jakie uczucia budzi w tobie to miejsce. To jest nadrz\u0119dny cel ka\u017cdego zdj\u0119cia, zw\u0142aszcza w fotografii krajobrazowej\u201d.<\/p>\n\n\n\n<figure class=\"wp-block-image size-large\"><img loading=\"lazy\" decoding=\"async\" width=\"768\" height=\"1024\" src=\"https:\/\/fujifilm-x.b-cdn.net\/wp-content\/uploads\/2026\/04\/Andy-Mumford-X-Story_03-768x1024.jpg?width=768&#038;height=1024\" alt=\"\" class=\"wp-image-354179\" srcset=\"https:\/\/fujifilm-x.b-cdn.net\/wp-content\/uploads\/2026\/04\/Andy-Mumford-X-Story_03.jpg?width=768&amp;height=1024 768w, https:\/\/fujifilm-x.b-cdn.net\/wp-content\/uploads\/2026\/04\/Andy-Mumford-X-Story_03.jpg?width=225&amp;height=300 225w, https:\/\/fujifilm-x.b-cdn.net\/wp-content\/uploads\/2026\/04\/Andy-Mumford-X-Story_03.jpg?width=640&amp;height=854 640w, https:\/\/fujifilm-x.b-cdn.net\/wp-content\/uploads\/2026\/04\/Andy-Mumford-X-Story_03.jpg?width=717&amp;height=956 717w\" sizes=\"auto, (max-width: 768px) 100vw, 768px\" data-recalc-dims=\"1\" \/><figcaption class=\"wp-element-caption\">Zdj\u0119cie 2020 \u00a9&nbsp;Andy Mumford | FUJIFILM X-T3 i&nbsp;FUJINON XF10\u201324&nbsp;mm&nbsp;F4 R OIS, 25&nbsp;s przy F9, ISO 160<\/figcaption><\/figure>\n\n\n\n<h2 class=\"wp-block-heading\">Tworzenie nastroju<\/h2>\n\n\n\n<p>\u201eNie jestem zwolennikiem technicznej perfekcji. Kiedy\u015b bardzo si\u0119 martwi\u0142em prze\u015bwietlonymi jasnymi partiami i&nbsp;tym podobnymi rzeczami, ale w miar\u0119 jak nabierasz pewno\u015bci siebie w fotografii, uczysz si\u0119 akceptowa\u0107 niedoskona\u0142o\u015bci\u201d \u2014 podkre\u015bla Andy.<\/p>\n\n\n\n<p>\u201eMog\u0119 na przyk\u0142ad fotografowa\u0107 scen\u0119, w&nbsp;kt\u00f3rej na niebie nic si\u0119 nie dzieje. W wielu miejscach w kt\u00f3rych pracuj\u0119, na przyk\u0142ad w Namibii, niebo jest zazwyczaj zupe\u0142nie bezchmurne. Oznacza to, \u017ce zasadniczo nie jest to interesuj\u0105cy element zdj\u0119cia\u201d&nbsp;\u2014 zauwa\u017ca. \u201eMo\u017cesz spr\u00f3bowa\u0107 rozja\u015bni\u0107 niebo, tak aby sta\u0142o si\u0119 bia\u0142e i zamglone\u201d.<\/p>\n\n\n\n<p>Chocia\u017c mo\u017cna dowolnie modyfikowa\u0107 i eksperymentowa\u0107 z aspektami technicznymi Andy uwa\u017ca, \u017ce nie mo\u017cna i\u015b\u0107 na kompromis w&nbsp;kwestii mocnej kompozycji. \u201eKompozycja musi sprawia\u0107 wra\u017cenie harmonijnej\u201d&nbsp;\u2014 zapewnia. \u201eIstnieje wiele r\u00f3\u017cnych zasad kompozycji, ale ostatecznie sprowadzaj\u0105 si\u0119 one do stworzenia wizualnej r\u00f3wnowagi. R\u00f3\u017cne elementy musz\u0105 ze sob\u0105 harmonijnie wsp\u00f3\u0142gra\u0107\u201d.<\/p>\n\n\n\n<figure class=\"wp-block-image size-large\"><img loading=\"lazy\" decoding=\"async\" width=\"683\" height=\"1024\" src=\"https:\/\/fujifilm-x.b-cdn.net\/wp-content\/uploads\/2026\/04\/Andy-Mumford-X-Story_04-683x1024.jpg?width=683&#038;height=1024\" alt=\"\" class=\"wp-image-354180\" srcset=\"https:\/\/fujifilm-x.b-cdn.net\/wp-content\/uploads\/2026\/04\/Andy-Mumford-X-Story_04.jpg?width=683&amp;height=1024 683w, https:\/\/fujifilm-x.b-cdn.net\/wp-content\/uploads\/2026\/04\/Andy-Mumford-X-Story_04.jpg?width=200&amp;height=300 200w, https:\/\/fujifilm-x.b-cdn.net\/wp-content\/uploads\/2026\/04\/Andy-Mumford-X-Story_04.jpg?width=390&amp;height=585 390w, https:\/\/fujifilm-x.b-cdn.net\/wp-content\/uploads\/2026\/04\/Andy-Mumford-X-Story_04.jpg?width=480&amp;height=720 480w\" sizes=\"auto, (max-width: 683px) 100vw, 683px\" data-recalc-dims=\"1\" \/><figcaption class=\"wp-element-caption\">Zdj\u0119cie 2017 \u00a9&nbsp;Andy Mumford | FUJIFILM X-T2 i&nbsp;FUJINON XF10\u201324&nbsp;mm&nbsp;F4 R OIS, 1\/6&nbsp;s przy F11, ISO 200<\/figcaption><\/figure>\n\n\n\n<p>Kolejnym z kluczowych element\u00f3w doskona\u0142ego zdj\u0119cia \u2014 cho\u0107 trudnym do zdefiniowania \u2014 jest nastr\u00f3j. \u201eTym, co odr\u00f3\u017cnia dobre zdj\u0119cie od doskona\u0142ego, jest nastr\u00f3j\u201d&nbsp;\u2014 kontynuuje Andy. \u201eDo tego potrzebne s\u0105 odpowiednie warunki, co oznacza, \u017ce w gr\u0119 wchodzi tu element szcz\u0119\u015bcia\u201d.<\/p>\n\n\n\n<p>\u201eW miar\u0119 zdobywania do\u015bwiadczenia nauczy\u0142em si\u0119 radzi\u0107 sobie z niekorzystnymi warunkami pogodowymi i p\u0142askim \u015bwiat\u0142em, aby uchwyci\u0107 lub stworzy\u0107 odpowiedni nastr\u00f3j \u2014 czy to poprzez niedo\u015bwietlenie, czy przez postprodukcj\u0119, aby wprowadzi\u0107 wy\u017cszy poziom kontrastu. Nastr\u00f3j to co\u015b, co jest potrzebne, aby nada\u0107 zdj\u0119ciu odpowiedni charakter. To bardzo wa\u017cne&nbsp;\u2014 nawet osoby, kt\u00f3re nie maj\u0105 technicznej wiedzy ani nie interesuj\u0105 si\u0119 fotografi\u0105, zauwa\u017c\u0105 to i&nbsp;b\u0119d\u0105 mog\u0142y do\u015bwiadczy\u0107 takiego zdj\u0119cia\u201d.<\/p>\n\n\n\n<figure class=\"wp-block-image size-large\"><img loading=\"lazy\" decoding=\"async\" width=\"1024\" height=\"683\" src=\"https:\/\/fujifilm-x.b-cdn.net\/wp-content\/uploads\/2026\/04\/Andy-Mumford-X-Story_05-1024x683.jpg?width=1024&#038;height=683\" alt=\"\" class=\"wp-image-354181\" srcset=\"https:\/\/fujifilm-x.b-cdn.net\/wp-content\/uploads\/2026\/04\/Andy-Mumford-X-Story_05.jpg?width=1024&amp;height=683 1024w, https:\/\/fujifilm-x.b-cdn.net\/wp-content\/uploads\/2026\/04\/Andy-Mumford-X-Story_05.jpg?width=300&amp;height=200 300w, https:\/\/fujifilm-x.b-cdn.net\/wp-content\/uploads\/2026\/04\/Andy-Mumford-X-Story_05.jpg?width=768&amp;height=512 768w, https:\/\/fujifilm-x.b-cdn.net\/wp-content\/uploads\/2026\/04\/Andy-Mumford-X-Story_05.jpg?width=400&amp;height=267 400w, https:\/\/fujifilm-x.b-cdn.net\/wp-content\/uploads\/2026\/04\/Andy-Mumford-X-Story_05.jpg?width=717&amp;height=478 717w, https:\/\/fujifilm-x.b-cdn.net\/wp-content\/uploads\/2026\/04\/Andy-Mumford-X-Story_05.jpg?width=936&amp;height=624 936w\" sizes=\"auto, (max-width: 1000px) 100vw, 1000px\" data-recalc-dims=\"1\" \/><figcaption class=\"wp-element-caption\">Zdj\u0119cie 2019 \u00a9&nbsp;Andy Mumford | FUJIFILM X-T3 i&nbsp;FUJINON XF10\u201324&nbsp;mm F4 R OIS, 1\/60&nbsp;s przy F8, ISO 160<\/figcaption><\/figure>\n\n\n\n<h2 class=\"wp-block-heading\">Elementy spontaniczno\u015bci<\/h2>\n\n\n\n<p>W&nbsp;\u015bwiecie fotografii krajobrazowej planowanie ma ogromne znaczenie. Andy wyja\u015bnia to w&nbsp;nast\u0119puj\u0105cy spos\u00f3b: \u201eMam partnera, z&nbsp;kt\u00f3rym pracuj\u0119, kt\u00f3ry zupe\u0142nie nie docenia spontanicznych zdj\u0119\u0107. Sp\u0119dza tak du\u017co czasu na analizowaniu prognoz pogody i&nbsp;korzystaniu z Google Earth, \u017ce najwi\u0119ksz\u0105 satysfakcj\u0119 daje mu sytuacja, gdy wszystkie elementy uk\u0142adaj\u0105 si\u0119 zgodnie z&nbsp;jego przewidywaniami\u201d.<\/p>\n\n\n\n<p>Cho\u0107 praca Andy\u2019ego r\u00f3wnie\u017c koncentruje si\u0119 na szeroko zakrojonym planowaniu, w&nbsp;swojej fotografii znacznie ch\u0119tniej zostawia miejsce na to, co nieprzewidziane. \u201eZwykle pojawia si\u0119 jaki\u015b element, kt\u00f3rego nie spodziewasz si\u0119 zobaczy\u0107. Wiesz, \u017ce \u015bwiat\u0142o b\u0119dzie oddzia\u0142ywa\u0107 w&nbsp;okre\u015blony spos\u00f3b, ale pewne warunki mog\u0105 roz\u015bwietli\u0107 konkretn\u0105 cz\u0119\u015b\u0107 sceny, czego nie mo\u017cna si\u0119 by\u0142o spodziewa\u0107&nbsp;\u2014 trzeba wi\u0119c zachowa\u0107 elastyczno\u015b\u0107 i&nbsp;gotowo\u015b\u0107 do przystosowania si\u0119\u201d.<\/p>\n\n\n\n<p>\u201eZazwyczaj na zdj\u0119ciu pierwszy plan mo\u017ce si\u0119 znajdowa\u0107 w&nbsp;odleg\u0142o\u015bci 6&nbsp;metr\u00f3w od nas, podczas gdy g\u0142\u00f3wny obiekt mo\u017ce by\u0107 oddalony o kilka kilometr\u00f3w. Pomi\u0119dzy pierwszym planem a t\u0142em mo\u017ce dzia\u0107 si\u0119 naprawd\u0119 wiele rzeczy. Mo\u017ce si\u0119 zdarzy\u0107, \u017ce na pierwszym planie nie b\u0119dzie w og\u00f3le \u015bwiat\u0142a, podczas gdy t\u0142o b\u0119dzie bardzo dobrze o\u015bwietlone z powodu luki w&nbsp;chmurach lub innego czynnika, kt\u00f3rego nie da\u0142o si\u0119 przewidzie\u0107\u201d.<\/p>\n\n\n\n<figure class=\"wp-block-image size-large is-resized\"><img loading=\"lazy\" decoding=\"async\" width=\"1024\" height=\"683\" src=\"https:\/\/fujifilm-x.b-cdn.net\/wp-content\/uploads\/2026\/04\/Andy-Mumford-X-Story_06-1024x683.jpg?width=1024&#038;height=683\" alt=\"\" class=\"wp-image-354182\" style=\"aspect-ratio:1.4993323181445473;width:1000px;height:auto\" srcset=\"https:\/\/fujifilm-x.b-cdn.net\/wp-content\/uploads\/2026\/04\/Andy-Mumford-X-Story_06.jpg?width=1024&amp;height=683 1024w, https:\/\/fujifilm-x.b-cdn.net\/wp-content\/uploads\/2026\/04\/Andy-Mumford-X-Story_06.jpg?width=300&amp;height=200 300w, https:\/\/fujifilm-x.b-cdn.net\/wp-content\/uploads\/2026\/04\/Andy-Mumford-X-Story_06.jpg?width=768&amp;height=512 768w, https:\/\/fujifilm-x.b-cdn.net\/wp-content\/uploads\/2026\/04\/Andy-Mumford-X-Story_06.jpg?width=400&amp;height=267 400w, https:\/\/fujifilm-x.b-cdn.net\/wp-content\/uploads\/2026\/04\/Andy-Mumford-X-Story_06.jpg?width=717&amp;height=478 717w, https:\/\/fujifilm-x.b-cdn.net\/wp-content\/uploads\/2026\/04\/Andy-Mumford-X-Story_06.jpg?width=936&amp;height=624 936w\" sizes=\"auto, (max-width: 1000px) 100vw, 1000px\" data-recalc-dims=\"1\" \/><figcaption class=\"wp-element-caption\">Zdj\u0119cie 2023 \u00a9 Andy Mumford | FUJIFILM X-T5 i&nbsp;FUJINON XF70\u2013300&nbsp;mm F4\u20135.6 R LM OIS WR, 1\/2000&nbsp;s przy F6.4, ISO 640<\/figcaption><\/figure>\n\n\n\n<p>\u201eW&nbsp;takim przypadku mo\u017cna zdj\u0105\u0107 obiektyw szerokok\u0105tny i&nbsp;u\u017cy\u0107 czego\u015b takiego jak&nbsp;<a href=\"https:\/\/www.fujifilm-x.com\/pl-pl\/products\/lenses\/xf70-300mmf4-56-r-lm-ois-wr\/\">FUJINON XF70-300mmF4-5.6 R LM OIS WR<\/a>,&nbsp;aby usun\u0105\u0107 pierwszy plan, skupi\u0107 si\u0119 na odleg\u0142ym krajobrazie i zacz\u0105\u0107 komponowa\u0107 kadr w inny spos\u00f3b\u201d.<\/p>\n\n\n\n<p>\u201eKiedy zastanawiam si\u0119 nad swoim portfolio, wiele zdj\u0119\u0107 jest zaplanowanych \u2014 jedziemy na miejsce, czekamy na odpowiednie \u015bwiat\u0142o, a potem robimy zdj\u0119cie. Nawet w takich sytuacjach cz\u0119sto pojawia si\u0119 jednak element poszukiwania konkretnego pierwszego planu, kt\u00f3ry b\u0119dzie pasowa\u0142 do wybranego wcze\u015bniej t\u0142a, albo \u015bwiat\u0142o zachowuje si\u0119 w nieoczekiwany spos\u00f3b. Wtedy po prostu dobrze jest to zaakceptowa\u0107\u201d.<\/p>\n\n\n\n<figure class=\"wp-block-image size-large is-resized\"><img loading=\"lazy\" decoding=\"async\" width=\"1024\" height=\"640\" src=\"https:\/\/fujifilm-x.b-cdn.net\/wp-content\/uploads\/2026\/04\/Andy-Mumford-X-Story_07-1024x640.jpg?width=1024&#038;height=640\" alt=\"\" class=\"wp-image-354183\" style=\"aspect-ratio:1.6000150003750093;width:1000px;height:auto\" srcset=\"https:\/\/fujifilm-x.b-cdn.net\/wp-content\/uploads\/2026\/04\/Andy-Mumford-X-Story_07.jpg?width=1024&amp;height=640 1024w, https:\/\/fujifilm-x.b-cdn.net\/wp-content\/uploads\/2026\/04\/Andy-Mumford-X-Story_07.jpg?width=300&amp;height=188 300w, https:\/\/fujifilm-x.b-cdn.net\/wp-content\/uploads\/2026\/04\/Andy-Mumford-X-Story_07.jpg?width=768&amp;height=480 768w, https:\/\/fujifilm-x.b-cdn.net\/wp-content\/uploads\/2026\/04\/Andy-Mumford-X-Story_07.jpg?width=400&amp;height=250 400w, https:\/\/fujifilm-x.b-cdn.net\/wp-content\/uploads\/2026\/04\/Andy-Mumford-X-Story_07.jpg?width=717&amp;height=448 717w, https:\/\/fujifilm-x.b-cdn.net\/wp-content\/uploads\/2026\/04\/Andy-Mumford-X-Story_07.jpg?width=936&amp;height=585 936w\" sizes=\"auto, (max-width: 1000px) 100vw, 1000px\" data-recalc-dims=\"1\" \/><figcaption class=\"wp-element-caption\">Zdj\u0119cie 2023 \u00a9 Andy Mumford | FUJIFILM X-T5 i&nbsp;FUJINON XF70\u2013300&nbsp;mm F4\u20135.6 R LM OIS WR, 1\/15&nbsp;s przy F5.6, ISO 160<\/figcaption><\/figure>\n\n\n\n<h2 class=\"wp-block-heading\">Sprz\u0119t fotograficzny Andy\u2019ego do fotografii krajobrazowej<\/h2>\n\n\n\n<p>W&nbsp;dyscyplinie, kt\u00f3ra cz\u0119sto \u0142\u0105czy fotografi\u0119 z&nbsp;wielogodzinnymi w\u0119dr\u00f3wkami, Andy musi przy wyborze sprz\u0119tu wzi\u0105\u0107 pod uwag\u0119 kompromis mi\u0119dzy przeno\u015bno\u015bci\u0105 a sam\u0105 jako\u015bci\u0105 optyczn\u0105. \u201eAparaty i&nbsp;obiektywy s\u0105 niepor\u00f3wnywalnie lepsze ni\u017c sprz\u0119t dost\u0119pny 15\u201320&nbsp;lat temu, gdy zaczyna\u0142em\u201d&nbsp;\u2014 podkre\u015bla. \u201eMamy naprawd\u0119 du\u017ce szcz\u0119\u015bcie. Og\u00f3lnie rzecz bior\u0105c obiektywy najwy\u017cszej klasy s\u0105 ci\u0119\u017csze, wi\u0119c je\u015bli zale\u017cy mi na najwy\u017cszej jako\u015bci si\u0119gam po&nbsp;<a href=\"https:\/\/www.fujifilm-x.com\/pl-pl\/products\/gfx-series\/\">system GFX<\/a>.<\/p>\n\n\n\n<p>Je\u015bli jednak zale\u017cy mi na przeno\u015bno\u015bci si\u0119gam po <a href=\"https:\/\/www.fujifilm-x.com\/pl-pl\/products\/cameras\/x-t5\/\">FUJIFILM X-T5<\/a>.&nbsp;A ta\u0144sze obiektywy Fujifilm&nbsp;\u2014 te, kt\u00f3re nie s\u0105 z&nbsp;najwy\u017cszej p\u00f3\u0142ki&nbsp;\u2014 doskonale spe\u0142niaj\u0105 moje potrzeby. Zazwyczaj, zamiast zabiera\u0107 najlepsze, najostrzejsze obiektywy sta\u0142oogniskowe i&nbsp;zoomy F2.8 wybieram sprz\u0119t, kt\u00f3ry jest lekki\u201d.<\/p>\n\n\n\n<figure class=\"wp-block-image size-large\"><img loading=\"lazy\" decoding=\"async\" width=\"683\" height=\"1024\" src=\"https:\/\/fujifilm-x.b-cdn.net\/wp-content\/uploads\/2026\/04\/Andy-Mumford-X-Story_08-683x1024.jpg?width=683&#038;height=1024\" alt=\"\" class=\"wp-image-354184\" srcset=\"https:\/\/fujifilm-x.b-cdn.net\/wp-content\/uploads\/2026\/04\/Andy-Mumford-X-Story_08.jpg?width=683&amp;height=1024 683w, https:\/\/fujifilm-x.b-cdn.net\/wp-content\/uploads\/2026\/04\/Andy-Mumford-X-Story_08.jpg?width=200&amp;height=300 200w, https:\/\/fujifilm-x.b-cdn.net\/wp-content\/uploads\/2026\/04\/Andy-Mumford-X-Story_08.jpg?width=390&amp;height=585 390w, https:\/\/fujifilm-x.b-cdn.net\/wp-content\/uploads\/2026\/04\/Andy-Mumford-X-Story_08.jpg?width=480&amp;height=720 480w\" sizes=\"auto, (max-width: 683px) 100vw, 683px\" data-recalc-dims=\"1\" \/><figcaption class=\"wp-element-caption\">Zdj\u0119cie 2023 \u00a9 Andy Mumford | FUJIFILM X-T5 i&nbsp;FUJINON XF70\u2013300&nbsp;mm F4\u20135.6 R LM OIS WR, 1\/40&nbsp;s przy F6.4, ISO 640<\/figcaption><\/figure>\n\n\n\n<p>\u201eZawsze mam przy sobie szerokok\u0105tny zoom&nbsp;\u2014 co\u015b w&nbsp;rodzaju&nbsp;<a href=\"https:\/\/www.fujifilm-x.com\/pl-pl\/products\/lenses\/xf10-24mmf4-r-ois-wr\/\">FUJINON XF10-24mmF4 R OIS WR<\/a>&nbsp;\u2014 a do tego zabieram telezoom, taki jak XF70\u2013300&nbsp;mm F4\u20135.6 R LM OIS WR. Po\u015brodku mam standardowy zoom. U\u017cywam&nbsp;<a href=\"https:\/\/www.fujifilm-x.com\/pl-pl\/products\/lenses\/xf16-50mmf28-48-r-lm-wr\/\">FUJINON XF16-50mmF2.8-4.8 R LM WR<\/a>. To doskona\u0142y obiektyw, kt\u00f3ry wa\u017cy zaledwie 240 g. W&nbsp;po\u0142\u0105czeniu z obiektywem takim jak XF70\u2013300&nbsp;mm&nbsp;F4\u20135.6, kt\u00f3ry wa\u017cy tylko 580&nbsp;g, mamy lekki zestaw o&nbsp;imponuj\u0105cym zakresie\u201d.<\/p>\n\n\n\n<p>\u201eNie mam obsesji na punkcie u\u017cywania absolutnie najostrzejszych obiektyw\u00f3w. Gdybym mia\u0142 tak\u0105 mo\u017cliwo\u015b\u0107, u\u017cywa\u0142bym takiego sprz\u0119tu jak\u00a0<a href=\"https:\/\/www.fujifilm-x.com\/pl-pl\/products\/lenses\/xf50-140mmf28-r-lm-ois-wr\/\">FUJINON XF50-140mmF2.8 R LM OIS WR<\/a>,\u00a0<a href=\"https:\/\/www.fujifilm-x.com\/pl-pl\/products\/lenses\/xf16-55mmf2-8-r-lm-wr-ii\/\">XF16-55mmF2.8 R LM WR II<\/a>\u00a0i\u00a0<a href=\"https:\/\/www.fujifilm-x.com\/pl-pl\/products\/lenses\/xf8-16mmf28-r-lm-wr\/\">XF8-16mmF2.8 R LM WR<\/a>. To niesamowite obiektywy ze sta\u0142\u0105 przys\u0142on\u0105 F2.8, ale s\u0105 ci\u0119\u017csze\u201d.<\/p>\n\n\n\n<p>\u201eWi\u0119kszo\u015b\u0107 ludzi nigdy nie dostrze\u017ce tego dodatkowego procentu ostro\u015bci w&nbsp;moich pracach. Mog\u0119 to zauwa\u017cy\u0107, je\u015bli powi\u0119ksz\u0119 zdj\u0119cia do 100%, ale w&nbsp;przypadku wydruk\u00f3w, kt\u00f3re sprzedaj\u0119 lub zdj\u0119\u0107, kt\u00f3re tworz\u0119 do kampanii online, r\u00f3\u017cnica nie jest widoczna\u201d.<\/p>\n\n\n\n<figure class=\"wp-block-image size-large\"><img loading=\"lazy\" decoding=\"async\" width=\"683\" height=\"1024\" src=\"https:\/\/fujifilm-x.b-cdn.net\/wp-content\/uploads\/2026\/04\/Andy-Mumford-X-Story_09-683x1024.jpg?width=683&#038;height=1024\" alt=\"\" class=\"wp-image-354185\" srcset=\"https:\/\/fujifilm-x.b-cdn.net\/wp-content\/uploads\/2026\/04\/Andy-Mumford-X-Story_09.jpg?width=683&amp;height=1024 683w, https:\/\/fujifilm-x.b-cdn.net\/wp-content\/uploads\/2026\/04\/Andy-Mumford-X-Story_09.jpg?width=200&amp;height=300 200w, https:\/\/fujifilm-x.b-cdn.net\/wp-content\/uploads\/2026\/04\/Andy-Mumford-X-Story_09.jpg?width=390&amp;height=585 390w, https:\/\/fujifilm-x.b-cdn.net\/wp-content\/uploads\/2026\/04\/Andy-Mumford-X-Story_09.jpg?width=480&amp;height=720 480w\" sizes=\"auto, (max-width: 683px) 100vw, 683px\" data-recalc-dims=\"1\" \/><figcaption class=\"wp-element-caption\">Zdj\u0119cie 2019 \u00a9&nbsp;Andy Mumford | FUJIFILM X-T3 i&nbsp;FUJINON XF10\u201324&nbsp;mm&nbsp;F4 R OIS, 30&nbsp;s przy F13, ISO 160<\/figcaption><\/figure>\n\n\n\n<h2 class=\"wp-block-heading\">Jak poprawi\u0107 zdj\u0119cia krajobrazowe<\/h2>\n\n\n\n<p>Cho\u0107 zabranie odpowiedniego sprz\u0119tu do danego zadania jest wa\u017cne Andy zauwa\u017ca, \u017ce zdecydowanie nie jest to pierwsza rzecz, o&nbsp;kt\u00f3rej powinni my\u015ble\u0107 pocz\u0105tkuj\u0105cy fotografowie krajobrazu. \u201eNie nale\u017cy przywi\u0105zywa\u0107 do tego zbyt du\u017cej wagi\u201d&nbsp;\u2014 zauwa\u017ca. \u201ePowiniene\u015b skupi\u0107 si\u0119 przede wszystkim na doskonaleniu swoich umiej\u0119tno\u015bci fotograficznych\u201d.<\/p>\n\n\n\n<p>\u201eGolfista Gary Player powiedzia\u0142: &gt;&gt;Im ci\u0119\u017cej trenuj\u0119, tym wi\u0119cej mam szcz\u0119\u015bcia&lt;&lt;. Im wi\u0119cej wychodzisz, tym cz\u0119\u015bciej jeste\u015b w&nbsp;miejscach, w&nbsp;kt\u00f3rych b\u0119dziesz mie\u0107 okazj\u0119 do zrobienia dobrych zdj\u0119\u0107. Nie musisz udawa\u0107 si\u0119 daleko\u201d&nbsp;\u2014 dodaje Andy. \u201eWi\u0119kszo\u015b\u0107 wiedzy, jak\u0105 zdoby\u0142em ucz\u0105c si\u0119 sam, zawdzi\u0119czam fotografowaniu wybrze\u017ca w pobli\u017cu Lizbony, oddalonego o nieca\u0142e 45 minut od miejsca, gdzie mieszkam. Wi\u0119kszo\u015b\u0107 ludzi mieszka w odleg\u0142o\u015bci, kt\u00f3r\u0105 mo\u017cna pokona\u0107 samochodem od jakiego\u015b obszaru przyrodniczego\u201d.<\/p>\n\n\n\n<p>\u201eNajwa\u017cniejsze jest to, aby wyj\u015b\u0107 na zewn\u0105trz w&nbsp;godzinach, kt\u00f3re niekoniecznie s\u0105 komfortowe. Wstawanie w&nbsp;zimnie, aby zd\u0105\u017cy\u0107 na wsch\u00f3d s\u0142o\u0144ca, nie jest przyjemne. Z&nbsp;kolei czekanie na zach\u00f3d s\u0142o\u0144ca mo\u017ce oznacza\u0107 bardzo p\u00f3\u017an\u0105 kolacj\u0119. Warto jednak wkroczy\u0107 w t\u0119 stref\u0119 dyskomfortu\u201d.<\/p>\n\n\n\n<figure class=\"wp-block-image size-large\"><img loading=\"lazy\" decoding=\"async\" width=\"768\" height=\"1024\" src=\"https:\/\/fujifilm-x.b-cdn.net\/wp-content\/uploads\/2026\/04\/Andy-Mumford-X-Story_10-768x1024.jpg?width=768&#038;height=1024\" alt=\"\" class=\"wp-image-354186\" srcset=\"https:\/\/fujifilm-x.b-cdn.net\/wp-content\/uploads\/2026\/04\/Andy-Mumford-X-Story_10.jpg?width=768&amp;height=1024 768w, https:\/\/fujifilm-x.b-cdn.net\/wp-content\/uploads\/2026\/04\/Andy-Mumford-X-Story_10.jpg?width=225&amp;height=300 225w, https:\/\/fujifilm-x.b-cdn.net\/wp-content\/uploads\/2026\/04\/Andy-Mumford-X-Story_10.jpg?width=640&amp;height=854 640w, https:\/\/fujifilm-x.b-cdn.net\/wp-content\/uploads\/2026\/04\/Andy-Mumford-X-Story_10.jpg?width=717&amp;height=956 717w\" sizes=\"auto, (max-width: 768px) 100vw, 768px\" data-recalc-dims=\"1\" \/><figcaption class=\"wp-element-caption\">Zdj\u0119cie 2023 \u00a9 Andy Mumford | FUJIFILM X-T5 i&nbsp;FUJINON XF150\u2013600&nbsp;mm&nbsp;F5.6-8 R LM OIS WR, 1\/800&nbsp;s przy F7.1, ISO 1000<\/figcaption><\/figure>\n\n\n\n<p>Aby si\u0119 doskonali\u0107 nie wystarczy jednak samo robienie zdj\u0119\u0107 \u2014 jak sugeruje Andy \u2014 &nbsp;kluczowym elementem tego procesu jest refleksja nad w\u0142asn\u0105 prac\u0105. \u201eTrzeba te\u017c krytycznie podchodzi\u0107 do tego, co sprawdza si\u0119 pod wzgl\u0119dem kompozycyjnym. W&nbsp;dzisiejszych czasach dzi\u0119ki aparatom uzyskanie w\u0142a\u015bciwej ekspozycji i&nbsp;ostro\u015bci jest stosunkowo \u0142atwe. Pozostaje kwestia kompozycji, kt\u00f3ra jest wyj\u0105tkowo z\u0142o\u017conym aspektem fotografii\u201d.<\/p>\n\n\n\n<p>\u201eTo najtrudniejsza rzecz, kt\u00f3rej trzeba si\u0119 nauczy\u0107. To jak pr\u00f3ba nauczenia kogo\u015b, dlaczego pewien uk\u0142ad nut tworzy \u0142adn\u0105 melodi\u0119, ale je\u015bli zmienisz te nuty, to ca\u0142o\u015b\u0107 nie brzmi dobrze. To co\u015b, co czujemy niemal pod\u015bwiadomie. Dlaczego niekt\u00f3re kszta\u0142ty s\u0105 atrakcyjne? Dlaczego samotne drzewo jest bardziej atrakcyjne ni\u017c pi\u0119\u0107 drzew? Konieczne jest \u0107wiczenie\u00a0\u2014 i\u00a0ci\u0105g\u0142e ogl\u0105danie swoich zdj\u0119\u0107, aby dowiedzie\u0107 si\u0119 co si\u0119 sprawdza, a co nie\u201d.<\/p>\n","protected":false},"excerpt":{"rendered":"<p>Fotograf krajobrazowy Andy Mumford opowiada o sprz\u0119cie, technikach i&nbsp;udziela porad dotycz\u0105cych fotografii Chocia\u017c Andy Mumford mieszka obecnie w&nbsp;s\u0142onecznej Lizbonie, jego praca fotografa zaprowadzi\u0142a go w najodleglejsze zak\u0105tki \u015bwiata. Jest nie tylko do\u015bwiadczonym fotografem krajobrazowym i&nbsp;podr\u00f3\u017cniczym, ale r\u00f3wnie\u017c pasjonatem nauczania fotografii, kt\u00f3ry dzieli si\u0119 swoj\u0105 wiedz\u0105, prowadz\u0105c warsztaty dla pocz\u0105tkuj\u0105cych tw\u00f3rc\u00f3w. \u201eLudzie zazwyczaj zaczynaj\u0105 zajmowa\u0107 si\u0119 [&hellip;]<\/p>\n","protected":false},"author":245,"featured_media":354187,"template":"","category":[2084,1006,1202,1055,3211,320,3162,1986,565,7180,8503,9140,9238,9189,3358],"post_tag":[],"class_list":["post-355490","story","type-story","status-publish","has-post-thumbnail","hentry","category-be-inspired","category-cameras","category-category","category-lenses","category-x-series-mirrorless","category-products","category-x-mount","category-x-series","category-stories","category-x-t5","category-xf10-24mmf4-r-ois","category-xf10-24mmf4-r-ois-wr","category-xf150-600mmf5-6-8-r-lm-ois-wr","category-xf70-300mmf4-5-6-r-lm-ois-wr","category-zoom"],"pp_statuses_selecting_workflow":false,"pp_workflow_action":"current","pp_status_selection":"publish","acf":[],"publishpress_future_action":{"enabled":false,"date":"2026-05-10 12:13:15","action":"change-status","newStatus":"draft","terms":[],"taxonomy":"category","extraData":[]},"publishpress_future_workflow_manual_trigger":{"enabledWorkflows":[]},"_links":{"self":[{"href":"https:\/\/www.fujifilm-x.com\/pl-pl\/wp-json\/wp\/v2\/story\/355490","targetHints":{"allow":["GET"]}}],"collection":[{"href":"https:\/\/www.fujifilm-x.com\/pl-pl\/wp-json\/wp\/v2\/story"}],"about":[{"href":"https:\/\/www.fujifilm-x.com\/pl-pl\/wp-json\/wp\/v2\/types\/story"}],"author":[{"embeddable":true,"href":"https:\/\/www.fujifilm-x.com\/pl-pl\/wp-json\/wp\/v2\/users\/245"}],"wp:featuredmedia":[{"embeddable":true,"href":"https:\/\/www.fujifilm-x.com\/pl-pl\/wp-json\/wp\/v2\/media\/354187"}],"wp:attachment":[{"href":"https:\/\/www.fujifilm-x.com\/pl-pl\/wp-json\/wp\/v2\/media?parent=355490"}],"wp:term":[{"taxonomy":"category","embeddable":true,"href":"https:\/\/www.fujifilm-x.com\/pl-pl\/wp-json\/wp\/v2\/category?post=355490"},{"taxonomy":"post_tag","embeddable":true,"href":"https:\/\/www.fujifilm-x.com\/pl-pl\/wp-json\/wp\/v2\/post_tag?post=355490"}],"curies":[{"name":"wp","href":"https:\/\/api.w.org\/{rel}","templated":true}]}},{"id":354458,"date":"2026-04-20T02:14:59","date_gmt":"2026-04-20T02:14:59","guid":{"rendered":"https:\/\/www.fujifilm-x.com\/?post_type=story&#038;p=354458"},"modified":"2026-04-20T02:17:19","modified_gmt":"2026-04-20T02:17:19","slug":"malta-archive-project","status":"publish","type":"story","link":"https:\/\/www.fujifilm-x.com\/pl-pl\/stories\/malta-archive-project\/","title":{"rendered":"Guardians of Memory: FUJIFILM GFX System preserves the Cultural Heritage of MALTA"},"content":{"rendered":"\n<p>The Maltese Islands are a living museum \u2014 their streets and landscapes rich with millennia of human endeavour, collective memory, and visual history. Central to understanding this cultural tapestry are the photographic archives that document Malta\u2019s past: the evocative images of the <strong>Richard Ellis Archive<\/strong>, the official record holdings of the <strong>National Archives of Malta<\/strong>, and the meticulously curated collections of the <strong>Malta Image Preservation Archive (<a href=\"https:\/\/mipa.com.mt\/\" data-type=\"link\" data-id=\"https:\/\/mipa.com.mt\/\" rel=\"nofollow noopener\" target=\"_blank\">MIPA<\/a>)<\/strong>. These priceless materials \u2014 fragile, deteriorating, and often unique \u2014 demand preservation that is both technically rigorous and respectful of their heritage value. In response to that challenge, digital photography is no longer just a convenience tool: it has become a preservation imperative.<\/p>\n\n\n\n<figure class=\"wp-block-image size-large\"><img loading=\"lazy\" decoding=\"async\" width=\"1024\" height=\"387\" src=\"https:\/\/fujifilm-x.b-cdn.net\/wp-content\/uploads\/2026\/04\/Malta_GFX-Project_02.jpg?width=1024&#038;height=387\" alt=\"\" class=\"wp-image-354459\" srcset=\"https:\/\/fujifilm-x.b-cdn.net\/wp-content\/uploads\/2026\/04\/Malta_GFX-Project_02.jpg?width=1024&amp;height=387 1024w, https:\/\/fujifilm-x.b-cdn.net\/wp-content\/uploads\/2026\/04\/Malta_GFX-Project_02.jpg?width=300&amp;height=113 300w, https:\/\/fujifilm-x.b-cdn.net\/wp-content\/uploads\/2026\/04\/Malta_GFX-Project_02.jpg?width=768&amp;height=290 768w, https:\/\/fujifilm-x.b-cdn.net\/wp-content\/uploads\/2026\/04\/Malta_GFX-Project_02.jpg?width=400&amp;height=151 400w, https:\/\/fujifilm-x.b-cdn.net\/wp-content\/uploads\/2026\/04\/Malta_GFX-Project_02.jpg?width=365&amp;height=138 365w, https:\/\/fujifilm-x.b-cdn.net\/wp-content\/uploads\/2026\/04\/Malta_GFX-Project_02.jpg?width=600&amp;height=227 600w, https:\/\/fujifilm-x.b-cdn.net\/wp-content\/uploads\/2026\/04\/Malta_GFX-Project_02.jpg?width=717&amp;height=271 717w, https:\/\/fujifilm-x.b-cdn.net\/wp-content\/uploads\/2026\/04\/Malta_GFX-Project_02.jpg?width=936&amp;height=353 936w\" sizes=\"auto, (max-width: 1000px) 100vw, 1000px\" data-recalc-dims=\"1\" \/><\/figure>\n\n\n\n<p><strong>The largest online repository of archival photographic history material pertaining to Malta, the Malta Image Preservation Archive (<a href=\"https:\/\/mipa.com.mt\/\" data-type=\"link\" data-id=\"https:\/\/mipa.com.mt\/\" rel=\"nofollow noopener\" target=\"_blank\">MIPA<\/a>), uses FUJIFILM GFX camera systems exclusively to digitise all archival material.<\/strong><\/p>\n\n\n\n<p><strong>The Digital Imperative in Cultural Heritage<br><\/strong>Photographic prints, negatives, and transparencies are vulnerable to time. Silver mirroring, physical abrasions, and chemical degradation progressively obscure detail and diminish informational content. Digitisation not only stabilises the present state of these objects but also creates a durable surrogate that can be studied, shared, and safeguarded for future generations. But digitisation is only as good as the technology used to capture it.<\/p>\n\n\n\n<p>For cultural heritage institutions \u2014 especially those tasked with archiving national memory \u2014 the technical criteria for digitisation are exacting. Accurate tonal reproduction, high resolution, minimal noise, and faithful colour rendition are essential if digital surrogates are to be trustworthy representations of the originals. Enter Fujifilm\u2019s large-format digital systems: the <strong>FUJIFILM GFX100S and GFX100 II.<\/strong><\/p>\n\n\n\n<p><strong>FUJIFILM GFX: Large-format for Maximum Fidelity<br><\/strong>At the heart of both the FUJIFILM GFX100S and the GFX100 II is a <strong>102-megapixel large-format CMOS sensor<\/strong> \u2014 significantly larger than the typical 35 mm full-frame sensor. This increased sensor area translates directly into higher native resolution, finer tonal gradation, and enhanced dynamic range. For archival digitisation work, this means micro-texture \u2014 the subtle interplay of grain, detail, and shadow \u2014 is resolved with remarkable clarity.<\/p>\n\n\n\n<p><strong>Technical strengths that matter for heritage work include:<\/strong><\/p>\n\n\n\n<ul class=\"wp-block-list\">\n<li><strong>High Resolution and Detail Capture<\/strong><br>The 102 MP sensor captures extraordinarily fine detail, enabling archival masters that can be used for large-format reproduction without loss of fidelity.<\/li>\n\n\n\n<li><strong>Dynamic Range and Tonal Depth<\/strong><br>Both systems deliver approximately 14+ stops of dynamic range. This allows archivists to preserve detail in highlights and shadows \u2014 crucial for aged or unevenly processed originals.<\/li>\n\n\n\n<li><strong>Colour Accuracy and Reproducibility<\/strong><br>Fujifilm\u2019s color science, combined with high-bit RAW capture, ensures faithful rendering of subtle hues in historical documents, delicate tonality in early black-and-white photography, and the varied palette of colour emulsions.<\/li>\n\n\n\n<li><strong>Low Noise and High ISO Integrity<\/strong><br>Even at lower light levels often encountered in archive studios, the sensor\u2019s performance maintains clarity with minimal noise \u2014 a valuable asset when copying old negatives that cannot be aggressively illuminated.<\/li>\n\n\n\n<li><strong>Stability and Workflow Efficiency<\/strong><br>The GFX systems\u2019 ergonomic design, weather-sealed bodies, and reliable autofocus \u2014 often paired with high-quality FUJINON GF Lenses \u2014 streamline extended digitisation sessions, reducing operator fatigue and improving output consistency.<\/li>\n<\/ul>\n\n\n\n<p>Between the <strong>GFX100S<\/strong> \u2014 a more compact, cost-efficient medium-format solution \u2014 and the <strong>GFX100 II<\/strong> \u2014 boasting enhanced processing speed, refined autofocus, and improved handling \u2014 heritage digitisation programmes gain flexibility without compromising image quality. Using the two FUJIFIILM GFX bodies provided by Ciancio 1913 Co. Ltd. Malta, as well as the FUJINON GF32-64mmF4 R LM WR and GF120mmF4 R LM OIS WR MACRO ensured a complete two camera system suitable for digitising all sizes of artifacts, prints and negatives from 35mm all the way to A0 size, up to 400-megapixels in size.<\/p>\n\n\n\n<figure class=\"wp-block-gallery has-nested-images columns-default is-cropped wp-block-gallery-1 is-layout-flex wp-block-gallery-is-layout-flex\">\n<figure class=\"wp-block-image size-large\"><img loading=\"lazy\" decoding=\"async\" width=\"876\" height=\"1024\" data-id=\"354460\" src=\"https:\/\/fujifilm-x.b-cdn.net\/wp-content\/uploads\/2026\/04\/Malta_GFX-Project_03.jpg?width=876&#038;height=1024\" alt=\"\" class=\"wp-image-354460\" srcset=\"https:\/\/fujifilm-x.b-cdn.net\/wp-content\/uploads\/2026\/04\/Malta_GFX-Project_03.jpg?width=876&amp;height=1024 876w, https:\/\/fujifilm-x.b-cdn.net\/wp-content\/uploads\/2026\/04\/Malta_GFX-Project_03.jpg?width=257&amp;height=300 257w, https:\/\/fujifilm-x.b-cdn.net\/wp-content\/uploads\/2026\/04\/Malta_GFX-Project_03.jpg?width=768&amp;height=898 768w, https:\/\/fujifilm-x.b-cdn.net\/wp-content\/uploads\/2026\/04\/Malta_GFX-Project_03.jpg?width=365&amp;height=427 365w, https:\/\/fujifilm-x.b-cdn.net\/wp-content\/uploads\/2026\/04\/Malta_GFX-Project_03.jpg?width=600&amp;height=702 600w, https:\/\/fujifilm-x.b-cdn.net\/wp-content\/uploads\/2026\/04\/Malta_GFX-Project_03.jpg?width=717&amp;height=839 717w\" sizes=\"auto, (max-width: 876px) 100vw, 876px\" data-recalc-dims=\"1\" \/><\/figure>\n<\/figure>\n\n\n\n<p><strong>Photo captured by Richard Ellis of the bow view of HMS Vulcan, in drydock August 1897, digitised from the 12 x 10 inch gelatin glass plate negative using FUJIFILM GFX100S and FUJINON GF32-64mmF4 R LM WR. Courtesy of the Richard Ellis Archive.<\/strong><\/p>\n\n\n\n<p><strong>Digitising the Maltese Photographic Legacy<br><\/strong>Institutions such as the <strong>National Archives of Malta<\/strong> hold official records that chronicle civic life, public works, and national development. Their photographic collections, including those of Guido Stilon and Sigrid Neubert, digitised using FUJIFILM GFX systems, trace Malta\u2019s evolving identity. The <strong>Richard Ellis Archive<\/strong> contains evocative imagery that is both documentary and artistic, capturing people, places, and narratives seldom preserved elsewhere. Meanwhile, the <strong>Malta Image Preservation Archive<\/strong> acts as a custodian for thousands of community-sourced and professional images \u2014 each one a thread in the visual history of the islands, such as the collections of David Wrightson and Gerald Formosa.<\/p>\n\n\n\n<figure class=\"wp-block-image size-large\"><img loading=\"lazy\" decoding=\"async\" width=\"1024\" height=\"716\" src=\"https:\/\/fujifilm-x.b-cdn.net\/wp-content\/uploads\/2026\/04\/Malta_GFX-Project_04.jpg?width=1024&#038;height=716\" alt=\"\" class=\"wp-image-354461\" srcset=\"https:\/\/fujifilm-x.b-cdn.net\/wp-content\/uploads\/2026\/04\/Malta_GFX-Project_04.jpg?width=1024&amp;height=716 1024w, https:\/\/fujifilm-x.b-cdn.net\/wp-content\/uploads\/2026\/04\/Malta_GFX-Project_04.jpg?width=300&amp;height=210 300w, https:\/\/fujifilm-x.b-cdn.net\/wp-content\/uploads\/2026\/04\/Malta_GFX-Project_04.jpg?width=768&amp;height=537 768w, https:\/\/fujifilm-x.b-cdn.net\/wp-content\/uploads\/2026\/04\/Malta_GFX-Project_04.jpg?width=400&amp;height=280 400w, https:\/\/fujifilm-x.b-cdn.net\/wp-content\/uploads\/2026\/04\/Malta_GFX-Project_04.jpg?width=365&amp;height=255 365w, https:\/\/fujifilm-x.b-cdn.net\/wp-content\/uploads\/2026\/04\/Malta_GFX-Project_04.jpg?width=600&amp;height=419 600w, https:\/\/fujifilm-x.b-cdn.net\/wp-content\/uploads\/2026\/04\/Malta_GFX-Project_04.jpg?width=717&amp;height=501 717w, https:\/\/fujifilm-x.b-cdn.net\/wp-content\/uploads\/2026\/04\/Malta_GFX-Project_04.jpg?width=936&amp;height=654 936w\" sizes=\"auto, (max-width: 1000px) 100vw, 1000px\" data-recalc-dims=\"1\" \/><\/figure>\n\n\n\n<p><strong>Guido Stilon\u2019s Exacta camera, digitised using FUJIFILM GFX 100 II and FUJINON GF120mmF4 R LM OIS WR Macro. Courtesy of MIPA.<\/strong><\/p>\n\n\n\n<p>Using FUJIFILM GFX systems in these contexts means:<\/p>\n\n\n\n<ul class=\"wp-block-list\">\n<li>Producing high-resolution digital masters suitable for long-term storage and access.<\/li>\n\n\n\n<li>Delivering images that support research, publication, and exhibition without risking damage to the originals.<\/li>\n\n\n\n<li>Enabling digital preservation workflows that align with international standards for archival imaging.<\/li>\n<\/ul>\n\n\n\n<div class=\"wp-block-columns has-spacing-none has-no-design is-layout-flex wp-container-core-columns-is-layout-9d6595d7 wp-block-columns-is-layout-flex\">\n<div class=\"wp-block-column is-layout-flow wp-block-column-is-layout-flow\">\n<figure class=\"wp-block-image size-large\"><img loading=\"lazy\" decoding=\"async\" width=\"819\" height=\"1024\" src=\"https:\/\/fujifilm-x.b-cdn.net\/wp-content\/uploads\/2026\/04\/Malta_GFX-Project_05.jpg?width=819&#038;height=1024\" alt=\"\" class=\"wp-image-354462\" srcset=\"https:\/\/fujifilm-x.b-cdn.net\/wp-content\/uploads\/2026\/04\/Malta_GFX-Project_05.jpg?width=819&amp;height=1024 819w, https:\/\/fujifilm-x.b-cdn.net\/wp-content\/uploads\/2026\/04\/Malta_GFX-Project_05.jpg?width=240&amp;height=300 240w, https:\/\/fujifilm-x.b-cdn.net\/wp-content\/uploads\/2026\/04\/Malta_GFX-Project_05.jpg?width=768&amp;height=960 768w, https:\/\/fujifilm-x.b-cdn.net\/wp-content\/uploads\/2026\/04\/Malta_GFX-Project_05.jpg?width=365&amp;height=456 365w, https:\/\/fujifilm-x.b-cdn.net\/wp-content\/uploads\/2026\/04\/Malta_GFX-Project_05.jpg?width=600&amp;height=750 600w, https:\/\/fujifilm-x.b-cdn.net\/wp-content\/uploads\/2026\/04\/Malta_GFX-Project_05.jpg?width=717&amp;height=896 717w\" sizes=\"auto, (max-width: 819px) 100vw, 819px\" data-recalc-dims=\"1\" \/><\/figure>\n<\/div>\n\n\n\n<div class=\"wp-block-column is-layout-flow wp-block-column-is-layout-flow\">\n<figure class=\"wp-block-image size-large\"><img loading=\"lazy\" decoding=\"async\" width=\"819\" height=\"1024\" src=\"https:\/\/fujifilm-x.b-cdn.net\/wp-content\/uploads\/2026\/04\/Malta_GFX-Project_06.jpg?width=819&#038;height=1024\" alt=\"\" class=\"wp-image-354463\" srcset=\"https:\/\/fujifilm-x.b-cdn.net\/wp-content\/uploads\/2026\/04\/Malta_GFX-Project_06.jpg?width=819&amp;height=1024 819w, https:\/\/fujifilm-x.b-cdn.net\/wp-content\/uploads\/2026\/04\/Malta_GFX-Project_06.jpg?width=240&amp;height=300 240w, https:\/\/fujifilm-x.b-cdn.net\/wp-content\/uploads\/2026\/04\/Malta_GFX-Project_06.jpg?width=768&amp;height=960 768w, https:\/\/fujifilm-x.b-cdn.net\/wp-content\/uploads\/2026\/04\/Malta_GFX-Project_06.jpg?width=365&amp;height=456 365w, https:\/\/fujifilm-x.b-cdn.net\/wp-content\/uploads\/2026\/04\/Malta_GFX-Project_06.jpg?width=600&amp;height=750 600w, https:\/\/fujifilm-x.b-cdn.net\/wp-content\/uploads\/2026\/04\/Malta_GFX-Project_06.jpg?width=717&amp;height=896 717w\" sizes=\"auto, (max-width: 819px) 100vw, 819px\" data-recalc-dims=\"1\" \/><\/figure>\n<\/div>\n<\/div>\n\n\n\n<figure class=\"wp-block-image size-large\"><img loading=\"lazy\" decoding=\"async\" width=\"793\" height=\"1024\" src=\"https:\/\/fujifilm-x.b-cdn.net\/wp-content\/uploads\/2026\/04\/Malta_GFX-Project_08_add.jpg?width=793&#038;height=1024\" alt=\"\" class=\"wp-image-354889\" srcset=\"https:\/\/fujifilm-x.b-cdn.net\/wp-content\/uploads\/2026\/04\/Malta_GFX-Project_08_add.jpg?width=793&amp;height=1024 793w, https:\/\/fujifilm-x.b-cdn.net\/wp-content\/uploads\/2026\/04\/Malta_GFX-Project_08_add.jpg?width=232&amp;height=300 232w, https:\/\/fujifilm-x.b-cdn.net\/wp-content\/uploads\/2026\/04\/Malta_GFX-Project_08_add.jpg?width=768&amp;height=992 768w, https:\/\/fujifilm-x.b-cdn.net\/wp-content\/uploads\/2026\/04\/Malta_GFX-Project_08_add.jpg?width=365&amp;height=471 365w, https:\/\/fujifilm-x.b-cdn.net\/wp-content\/uploads\/2026\/04\/Malta_GFX-Project_08_add.jpg?width=600&amp;height=775 600w, https:\/\/fujifilm-x.b-cdn.net\/wp-content\/uploads\/2026\/04\/Malta_GFX-Project_08_add.jpg?width=717&amp;height=926 717w\" sizes=\"auto, (max-width: 793px) 100vw, 793px\" data-recalc-dims=\"1\" \/><\/figure>\n\n\n\n<p><strong>Two milestone publications produced using the material digitised using FUJIFILM GFX equipment, namely <em>100 Years of Photography in Malta, 1839\u20131939<\/em> and <em>Victorian Malta<\/em>, both published in 2025. Courtesy of the author, Dr Charles Paul Azzopardi &amp; Midsea Books.<\/strong><\/p>\n\n\n\n<p>By digitising such holdings with technical precision and archival integrity, these institutions ensure Malta\u2019s visual heritage remains accessible to researchers, educators, and the public \u2014 not just today, but for generations to come. This has already resulted in the publication of several milestone landmark publications documenting Maltese photographic history, such as the de facto encyclopaedia of Maltese photographic history, <em>100 Years of Photography in Malta, 1839\u20131939<\/em> (published in 2025 and already sold out), as well as the milestone exhibit documenting the 150th anniversary of the Richard Ellis Archive in 2022.<\/p>\n\n\n\n<figure class=\"wp-block-embed is-type-video is-provider-youtube wp-block-embed-youtube wp-embed-aspect-16-9 wp-has-aspect-ratio\"><div class=\"wp-block-embed__wrapper\">\n<iframe loading=\"lazy\" title=\"150 | Richard Ellis | Exhibition Promo | 2022\/2023\" width=\"500\" height=\"281\" src=\"https:\/\/www.youtube.com\/embed\/odNsyVxzIc0?feature=oembed\" frameborder=\"0\" allow=\"accelerometer; autoplay; clipboard-write; encrypted-media; gyroscope; picture-in-picture; web-share\" referrerpolicy=\"strict-origin-when-cross-origin\" allowfullscreen><\/iframe>\n<\/div><\/figure>\n\n\n\n<p>150 \u2013 Ellis curator vignette<\/p>\n\n\n\n<figure class=\"wp-block-image size-large\"><img loading=\"lazy\" decoding=\"async\" width=\"1024\" height=\"683\" src=\"https:\/\/fujifilm-x.b-cdn.net\/wp-content\/uploads\/2026\/04\/Malta_GFX-Project_07.jpg?width=1024&#038;height=683\" alt=\"\" class=\"wp-image-354464\" srcset=\"https:\/\/fujifilm-x.b-cdn.net\/wp-content\/uploads\/2026\/04\/Malta_GFX-Project_07.jpg?width=1024&amp;height=683 1024w, https:\/\/fujifilm-x.b-cdn.net\/wp-content\/uploads\/2026\/04\/Malta_GFX-Project_07.jpg?width=300&amp;height=200 300w, https:\/\/fujifilm-x.b-cdn.net\/wp-content\/uploads\/2026\/04\/Malta_GFX-Project_07.jpg?width=768&amp;height=512 768w, https:\/\/fujifilm-x.b-cdn.net\/wp-content\/uploads\/2026\/04\/Malta_GFX-Project_07.jpg?width=400&amp;height=267 400w, https:\/\/fujifilm-x.b-cdn.net\/wp-content\/uploads\/2026\/04\/Malta_GFX-Project_07.jpg?width=365&amp;height=243 365w, https:\/\/fujifilm-x.b-cdn.net\/wp-content\/uploads\/2026\/04\/Malta_GFX-Project_07.jpg?width=600&amp;height=400 600w, https:\/\/fujifilm-x.b-cdn.net\/wp-content\/uploads\/2026\/04\/Malta_GFX-Project_07.jpg?width=717&amp;height=478 717w, https:\/\/fujifilm-x.b-cdn.net\/wp-content\/uploads\/2026\/04\/Malta_GFX-Project_07.jpg?width=936&amp;height=624 936w\" sizes=\"auto, (max-width: 1000px) 100vw, 1000px\" data-recalc-dims=\"1\" \/><\/figure>\n\n\n\n<p><strong>The installation of the 150 \u2013 Ellis exhibit in 2022 commemorated the 150<sup>th<\/sup> anniversary of the Richard Ellis Archive. All the material for the exhibit was digitised using FUJIFILM GFX100S and  FUJINON GF32-64mmF4 R LM WR in a 400-megapixel multi-shot modality. Courtesy of the Richard Ellis Archive.<\/strong><\/p>\n\n\n\n<p><strong>The Broader Cultural Impact<br><\/strong>Preserving Malta\u2019s photographic heritage through digitisation does more than safeguard images: it nurtures collective memory. Digitised archives become platforms for exploration, education, and interpretation. They empower scholars to conduct comparative research, allow communities to rediscover their past, and support cultural tourism with authentic visual narratives grounded in history.<\/p>\n\n\n\n<p>As Malta embraces digital preservation, the choice of equipment matters. The FUIFILM GFX 100S and GFX100 II offer the combination of resolution, fidelity, and reliability needed for archival excellence. In the meticulous work of capturing the nuances of a nation\u2019s visual record, these cameras are not just tools \u2014 they are partners in the stewardship of cultural memory.<\/p>\n\n\n\n<p><a href=\"https:\/\/www.maltarti.tv\/portfolio\/100-years-of-photography\" rel=\"nofollow noopener\" target=\"_blank\">https:\/\/www.maltarti.tv\/portfolio\/100-years-of-photography<\/a><br><em>100 Years of Photography in Malta, 1839\u20131939 featurette<\/em><\/p>\n","protected":false},"excerpt":{"rendered":"<p>The Maltese Islands are a living museum \u2014 their streets and landscapes rich with millennia of human endeavour, collective memory, and visual history. Central to understanding this cultural tapestry are the photographic archives that document Malta\u2019s past: the evocative images of the Richard Ellis Archive, the official record holdings of the National Archives of Malta, [&hellip;]<\/p>\n","protected":false},"author":135,"featured_media":354465,"template":"","category":[2084,1006,1202,3113,10365,10806,1937,10267,3505,565],"post_tag":[],"class_list":["post-354458","story","type-story","status-publish","has-post-thumbnail","hentry","category-be-inspired","category-cameras","category-category","category-g-mount","category-gf120mmf4-r-lm-ois-wr-macro","category-gf32-64mmf4-r-lm-wr","category-gfx-series","category-gfx100-ii","category-g-mount-prime","category-stories"],"pp_statuses_selecting_workflow":false,"pp_workflow_action":"current","pp_status_selection":"publish","acf":[],"publishpress_future_action":{"enabled":false,"date":"2026-05-10 12:13:15","action":"change-status","newStatus":"draft","terms":[],"taxonomy":"category","extraData":[]},"publishpress_future_workflow_manual_trigger":{"enabledWorkflows":[]},"_links":{"self":[{"href":"https:\/\/www.fujifilm-x.com\/pl-pl\/wp-json\/wp\/v2\/story\/354458","targetHints":{"allow":["GET"]}}],"collection":[{"href":"https:\/\/www.fujifilm-x.com\/pl-pl\/wp-json\/wp\/v2\/story"}],"about":[{"href":"https:\/\/www.fujifilm-x.com\/pl-pl\/wp-json\/wp\/v2\/types\/story"}],"author":[{"embeddable":true,"href":"https:\/\/www.fujifilm-x.com\/pl-pl\/wp-json\/wp\/v2\/users\/135"}],"wp:featuredmedia":[{"embeddable":true,"href":"https:\/\/www.fujifilm-x.com\/pl-pl\/wp-json\/wp\/v2\/media\/354465"}],"wp:attachment":[{"href":"https:\/\/www.fujifilm-x.com\/pl-pl\/wp-json\/wp\/v2\/media?parent=354458"}],"wp:term":[{"taxonomy":"category","embeddable":true,"href":"https:\/\/www.fujifilm-x.com\/pl-pl\/wp-json\/wp\/v2\/category?post=354458"},{"taxonomy":"post_tag","embeddable":true,"href":"https:\/\/www.fujifilm-x.com\/pl-pl\/wp-json\/wp\/v2\/post_tag?post=354458"}],"curies":[{"name":"wp","href":"https:\/\/api.w.org\/{rel}","templated":true}]}},{"id":354231,"date":"2026-04-10T05:00:00","date_gmt":"2026-04-10T05:00:00","guid":{"rendered":"https:\/\/www.fujifilm-x.com\/?post_type=story&#038;p=354231"},"modified":"2026-04-08T00:27:40","modified_gmt":"2026-04-08T00:27:40","slug":"velvia-fs-recipe-x-dominic-stone","status":"publish","type":"story","link":"https:\/\/www.fujifilm-x.com\/pl-pl\/stories\/velvia-fs-recipe-x-dominic-stone\/","title":{"rendered":"Velvia FS RECIPE x Dominic Stone"},"content":{"rendered":"\n<h2 class=\"wp-block-heading\"><strong>FS RECIPE for rich, impactful results in the outdoors<\/strong><\/h2>\n\n\n\n<p>For traveling outdoor photographer Dominic Stone, photography is a way to \u2018engage with the mystery of life\u2019 that surrounds him. Dominic\u2019s work, which puts him in the heart of the action at major surfing and running competitions, is a reflection of his own deepest passions. It\u2019s an exchange with the natural world \u2013 one he\u2019s been having since long before he ever picked up a camera.<\/p>\n\n\n\n<p>Recently, Dom created a custom FS RECIPE on FUJIFILM X-E5, using the famously saturated Velvia as his foundation. The process was an exploration of tension that blended Velvia\u2019s vibrancy with a softer, more subtle mood to create images that feel beautiful and impactful. The result is a genuinely personal take on color.<\/p>\n\n\n\n<figure class=\"wp-block-image size-large\"><img loading=\"lazy\" decoding=\"async\" width=\"1024\" height=\"682\" src=\"https:\/\/fujifilm-x.b-cdn.net\/wp-content\/uploads\/2026\/04\/US_Dominic-Stone_Stories_01.jpg?width=1024&#038;height=682\" alt=\"\" class=\"wp-image-354233\" srcset=\"https:\/\/fujifilm-x.b-cdn.net\/wp-content\/uploads\/2026\/04\/US_Dominic-Stone_Stories_01.jpg?width=1024&amp;height=682 1024w, https:\/\/fujifilm-x.b-cdn.net\/wp-content\/uploads\/2026\/04\/US_Dominic-Stone_Stories_01.jpg?width=300&amp;height=200 300w, https:\/\/fujifilm-x.b-cdn.net\/wp-content\/uploads\/2026\/04\/US_Dominic-Stone_Stories_01.jpg?width=768&amp;height=512 768w, https:\/\/fujifilm-x.b-cdn.net\/wp-content\/uploads\/2026\/04\/US_Dominic-Stone_Stories_01.jpg?width=400&amp;height=267 400w, https:\/\/fujifilm-x.b-cdn.net\/wp-content\/uploads\/2026\/04\/US_Dominic-Stone_Stories_01.jpg?width=365&amp;height=243 365w, https:\/\/fujifilm-x.b-cdn.net\/wp-content\/uploads\/2026\/04\/US_Dominic-Stone_Stories_01.jpg?width=600&amp;height=400 600w, https:\/\/fujifilm-x.b-cdn.net\/wp-content\/uploads\/2026\/04\/US_Dominic-Stone_Stories_01.jpg?width=717&amp;height=478 717w, https:\/\/fujifilm-x.b-cdn.net\/wp-content\/uploads\/2026\/04\/US_Dominic-Stone_Stories_01.jpg?width=936&amp;height=624 936w\" sizes=\"auto, (max-width: 1000px) 100vw, 1000px\" data-recalc-dims=\"1\" \/><figcaption class=\"wp-element-caption\">Photo 2025 \u00a9 Dominic Stone | FUJIFILM X-E5 and FUJINON XF500mmF5.6 R LM OIS WR, 1\/800 sec at F6.4, ISO 200<\/figcaption><\/figure>\n\n\n\n<h2 class=\"wp-block-heading\"><strong>An Intuitive Leap into Photography<\/strong><\/h2>\n\n\n\n<p>Dominic admits that he used to despise the beach, associating it with hot sand and long family car rides. But that changed when a 1940s-era beach cottage joined his family, providing a foundation for a relationship with the ocean. It was there that his love for surfing began. \u201cOnce I stood on a surfboard for the first time, I never looked back,\u201d he says.<\/p>\n\n\n\n<p>Yet, it wasn\u2019t until he was 26 years old that a camera found its way into his hands. With a bit of money saved and a few weeks to spare before starting a master\u2019s program, he walked into a camera store.<\/p>\n\n\n\n<p>Dominic began documenting surf photography, and a chance encounter at a local longboard contest led to a sponsorship for a waterproof housing. Suddenly, he was in the water, creating the perspectives he had grown up romanticizing in magazines.<\/p>\n\n\n\n<p>\u201cI remember the first session I swam out with my camera; I don\u2019t think I\u2019ll ever forget it,\u201d he says.<\/p>\n\n\n\n<figure class=\"wp-block-image size-large\"><img loading=\"lazy\" decoding=\"async\" width=\"1024\" height=\"682\" src=\"https:\/\/fujifilm-x.b-cdn.net\/wp-content\/uploads\/2026\/04\/US_Dominic-Stone_Stories_02.jpg?width=1024&#038;height=682\" alt=\"\" class=\"wp-image-354234\" srcset=\"https:\/\/fujifilm-x.b-cdn.net\/wp-content\/uploads\/2026\/04\/US_Dominic-Stone_Stories_02.jpg?width=1024&amp;height=682 1024w, https:\/\/fujifilm-x.b-cdn.net\/wp-content\/uploads\/2026\/04\/US_Dominic-Stone_Stories_02.jpg?width=300&amp;height=200 300w, https:\/\/fujifilm-x.b-cdn.net\/wp-content\/uploads\/2026\/04\/US_Dominic-Stone_Stories_02.jpg?width=768&amp;height=512 768w, https:\/\/fujifilm-x.b-cdn.net\/wp-content\/uploads\/2026\/04\/US_Dominic-Stone_Stories_02.jpg?width=400&amp;height=267 400w, https:\/\/fujifilm-x.b-cdn.net\/wp-content\/uploads\/2026\/04\/US_Dominic-Stone_Stories_02.jpg?width=365&amp;height=243 365w, https:\/\/fujifilm-x.b-cdn.net\/wp-content\/uploads\/2026\/04\/US_Dominic-Stone_Stories_02.jpg?width=600&amp;height=400 600w, https:\/\/fujifilm-x.b-cdn.net\/wp-content\/uploads\/2026\/04\/US_Dominic-Stone_Stories_02.jpg?width=717&amp;height=478 717w, https:\/\/fujifilm-x.b-cdn.net\/wp-content\/uploads\/2026\/04\/US_Dominic-Stone_Stories_02.jpg?width=936&amp;height=624 936w\" sizes=\"auto, (max-width: 1000px) 100vw, 1000px\" data-recalc-dims=\"1\" \/><figcaption class=\"wp-element-caption\">Photo 2025 \u00a9 Dominic Stone | FUJIFILM X-E5 and FUJINON XF500mmF5.6 R LM OIS WR, 1\/640 sec at F6.4, ISO 160<\/figcaption><\/figure>\n\n\n\n<figure class=\"wp-block-image size-large\"><img loading=\"lazy\" decoding=\"async\" width=\"1024\" height=\"682\" src=\"https:\/\/fujifilm-x.b-cdn.net\/wp-content\/uploads\/2026\/04\/US_Dominic-Stone_Stories_03.jpg?width=1024&#038;height=682\" alt=\"\" class=\"wp-image-354235\" srcset=\"https:\/\/fujifilm-x.b-cdn.net\/wp-content\/uploads\/2026\/04\/US_Dominic-Stone_Stories_03.jpg?width=1024&amp;height=682 1024w, https:\/\/fujifilm-x.b-cdn.net\/wp-content\/uploads\/2026\/04\/US_Dominic-Stone_Stories_03.jpg?width=300&amp;height=200 300w, https:\/\/fujifilm-x.b-cdn.net\/wp-content\/uploads\/2026\/04\/US_Dominic-Stone_Stories_03.jpg?width=768&amp;height=512 768w, https:\/\/fujifilm-x.b-cdn.net\/wp-content\/uploads\/2026\/04\/US_Dominic-Stone_Stories_03.jpg?width=400&amp;height=267 400w, https:\/\/fujifilm-x.b-cdn.net\/wp-content\/uploads\/2026\/04\/US_Dominic-Stone_Stories_03.jpg?width=365&amp;height=243 365w, https:\/\/fujifilm-x.b-cdn.net\/wp-content\/uploads\/2026\/04\/US_Dominic-Stone_Stories_03.jpg?width=600&amp;height=400 600w, https:\/\/fujifilm-x.b-cdn.net\/wp-content\/uploads\/2026\/04\/US_Dominic-Stone_Stories_03.jpg?width=717&amp;height=478 717w, https:\/\/fujifilm-x.b-cdn.net\/wp-content\/uploads\/2026\/04\/US_Dominic-Stone_Stories_03.jpg?width=936&amp;height=624 936w\" sizes=\"auto, (max-width: 1000px) 100vw, 1000px\" data-recalc-dims=\"1\" \/><figcaption class=\"wp-element-caption\">Photo 2025 \u00a9 Dominic Stone | FUJIFILM X-E5 and FUJINON XF500mmF5.6 R LM OIS WR, 1\/800 sec at F5.6, ISO 200<\/figcaption><\/figure>\n\n\n\n<h2 class=\"wp-block-heading\"><strong>Crafting a Softer Velvia Film Simulation<\/strong><\/h2>\n\n\n\n<p>Dominic\u2019s creative style has an appreciation for color, so he was excited to build a FS RECIPE from Velvia\u2019s base with X-E5.<\/p>\n\n\n\n<p>While he was confident that it would work perfectly for landscapes, he was curious to see how it would render the blues of the ocean. His goal was to balance the Film Simulation\u2019s intensity with a gentle touch, letting its personality shine through without creating an \u2018overcooked\u2019 image.<\/p>\n\n\n\n<p>He describes his FS RECIPE choices.<\/p>\n\n\n\n<p>\u201cTo bring a bit of softness to an image that I expected to have stronger contrast than I\u2019m used to, I knew I wanted to reduce the CLARITY in my FS RECIPE.<\/p>\n\n\n\n<p>\u201cI lifted the blacks just a touch to really lean into that softness, sort of working in tension with Velvia\u2019s character.\u201d<\/p>\n\n\n\n<p>Finally, he reduced the overall saturation slightly while adding a strong COLOR CHROME EFFECT for the blues. The aim was to create a FS RECIPE that was \u2018subtle yet steadfast in its impact\u2019.<\/p>\n\n\n\n<p>Dominic views his finished photos as a kind of Trojan horse, \u2018being pretty and easy on the eyes at first, but unleashing something with a bit more impact once we\u2019ve softened enough to receive it\u2019.<\/p>\n\n\n\n<figure class=\"wp-block-image size-large\"><img loading=\"lazy\" decoding=\"async\" width=\"1024\" height=\"682\" src=\"https:\/\/fujifilm-x.b-cdn.net\/wp-content\/uploads\/2026\/04\/US_Dominic-Stone_Stories_04.jpg?width=1024&#038;height=682\" alt=\"\" class=\"wp-image-354236\" srcset=\"https:\/\/fujifilm-x.b-cdn.net\/wp-content\/uploads\/2026\/04\/US_Dominic-Stone_Stories_04.jpg?width=1024&amp;height=682 1024w, https:\/\/fujifilm-x.b-cdn.net\/wp-content\/uploads\/2026\/04\/US_Dominic-Stone_Stories_04.jpg?width=300&amp;height=200 300w, https:\/\/fujifilm-x.b-cdn.net\/wp-content\/uploads\/2026\/04\/US_Dominic-Stone_Stories_04.jpg?width=768&amp;height=512 768w, https:\/\/fujifilm-x.b-cdn.net\/wp-content\/uploads\/2026\/04\/US_Dominic-Stone_Stories_04.jpg?width=400&amp;height=267 400w, https:\/\/fujifilm-x.b-cdn.net\/wp-content\/uploads\/2026\/04\/US_Dominic-Stone_Stories_04.jpg?width=365&amp;height=243 365w, https:\/\/fujifilm-x.b-cdn.net\/wp-content\/uploads\/2026\/04\/US_Dominic-Stone_Stories_04.jpg?width=600&amp;height=400 600w, https:\/\/fujifilm-x.b-cdn.net\/wp-content\/uploads\/2026\/04\/US_Dominic-Stone_Stories_04.jpg?width=717&amp;height=478 717w, https:\/\/fujifilm-x.b-cdn.net\/wp-content\/uploads\/2026\/04\/US_Dominic-Stone_Stories_04.jpg?width=936&amp;height=624 936w\" sizes=\"auto, (max-width: 1000px) 100vw, 1000px\" data-recalc-dims=\"1\" \/><figcaption class=\"wp-element-caption\">Photo 2025 \u00a9 Dominic Stone | FUJIFILM X-E5 and FUJINON XF56mmF1.2 R, 1\/500 sec at F6.4, ISO 100<\/figcaption><\/figure>\n\n\n\n<figure class=\"wp-block-image size-large\"><img loading=\"lazy\" decoding=\"async\" width=\"1024\" height=\"682\" src=\"https:\/\/fujifilm-x.b-cdn.net\/wp-content\/uploads\/2026\/04\/US_Dominic-Stone_Stories_05.jpg?width=1024&#038;height=682\" alt=\"\" class=\"wp-image-354237\" srcset=\"https:\/\/fujifilm-x.b-cdn.net\/wp-content\/uploads\/2026\/04\/US_Dominic-Stone_Stories_05.jpg?width=1024&amp;height=682 1024w, https:\/\/fujifilm-x.b-cdn.net\/wp-content\/uploads\/2026\/04\/US_Dominic-Stone_Stories_05.jpg?width=300&amp;height=200 300w, https:\/\/fujifilm-x.b-cdn.net\/wp-content\/uploads\/2026\/04\/US_Dominic-Stone_Stories_05.jpg?width=768&amp;height=512 768w, https:\/\/fujifilm-x.b-cdn.net\/wp-content\/uploads\/2026\/04\/US_Dominic-Stone_Stories_05.jpg?width=400&amp;height=267 400w, https:\/\/fujifilm-x.b-cdn.net\/wp-content\/uploads\/2026\/04\/US_Dominic-Stone_Stories_05.jpg?width=365&amp;height=243 365w, https:\/\/fujifilm-x.b-cdn.net\/wp-content\/uploads\/2026\/04\/US_Dominic-Stone_Stories_05.jpg?width=600&amp;height=400 600w, https:\/\/fujifilm-x.b-cdn.net\/wp-content\/uploads\/2026\/04\/US_Dominic-Stone_Stories_05.jpg?width=717&amp;height=478 717w, https:\/\/fujifilm-x.b-cdn.net\/wp-content\/uploads\/2026\/04\/US_Dominic-Stone_Stories_05.jpg?width=936&amp;height=624 936w\" sizes=\"auto, (max-width: 1000px) 100vw, 1000px\" data-recalc-dims=\"1\" \/><figcaption class=\"wp-element-caption\">Photo 2025 \u00a9 Dominic Stone | FUJIFILM X-E5 and FUJINON XF56mmF1.2 R, 1\/800 sec at F5.6, ISO 320<\/figcaption><\/figure>\n\n\n\n<h2 class=\"wp-block-heading\"><strong>Straight-Out-of-Camera Freedom<\/strong><\/h2>\n\n\n\n<p>Creating a finished look in-camera was an engaging and freeing experience for Dominic. \u201cAs soon as I decided on my FS RECIPE, I made sure my camera was only making a single image at a time,\u201d he notes, compared to his usual burst mode preference.<\/p>\n\n\n\n<p>The entire process, the feel of the camera, the view through the EVF, and his custom FS RECIPE encouraged him to slow down and be intentional with his composition.<\/p>\n\n\n\n<p>This approach stands in contrast to his typical workflow of creating with RAW files and pulling details from the shadows in post-production. Dominic found the process of creating a straight-out-of-camera image he was happy with \u2018really liberating\u2019.<\/p>\n\n\n\n<p>\u201cI love editing, but it was nice just to transfer a photo to my phone wirelessly and have it ready to go,\u201d he says. It\u2019s a method Dominic sees lending itself to photojournalism, travel, and even providing real-time turnaround at competitions using X-E5.<\/p>\n\n\n\n<figure class=\"wp-block-image size-large\"><img loading=\"lazy\" decoding=\"async\" width=\"682\" height=\"1024\" src=\"https:\/\/fujifilm-x.b-cdn.net\/wp-content\/uploads\/2026\/04\/US_Dominic-Stone_Stories_06.jpg?width=682&#038;height=1024\" alt=\"\" class=\"wp-image-354240\" srcset=\"https:\/\/fujifilm-x.b-cdn.net\/wp-content\/uploads\/2026\/04\/US_Dominic-Stone_Stories_06.jpg?width=682&amp;height=1024 682w, https:\/\/fujifilm-x.b-cdn.net\/wp-content\/uploads\/2026\/04\/US_Dominic-Stone_Stories_06.jpg?width=200&amp;height=300 200w, https:\/\/fujifilm-x.b-cdn.net\/wp-content\/uploads\/2026\/04\/US_Dominic-Stone_Stories_06.jpg?width=365&amp;height=548 365w, https:\/\/fujifilm-x.b-cdn.net\/wp-content\/uploads\/2026\/04\/US_Dominic-Stone_Stories_06.jpg?width=600&amp;height=900 600w, https:\/\/fujifilm-x.b-cdn.net\/wp-content\/uploads\/2026\/04\/US_Dominic-Stone_Stories_06.jpg?width=390&amp;height=585 390w, https:\/\/fujifilm-x.b-cdn.net\/wp-content\/uploads\/2026\/04\/US_Dominic-Stone_Stories_06.jpg?width=480&amp;height=720 480w\" sizes=\"auto, (max-width: 682px) 100vw, 682px\" data-recalc-dims=\"1\" \/><figcaption class=\"wp-element-caption\">Photo 2025 \u00a9 Dominic Stone | FUJIFILM X-E5 and FUJINON XF56mmF1.2 R, 1\/1000 sec at F3.6, ISO 125<\/figcaption><\/figure>\n\n\n\n<h2 class=\"wp-block-heading\"><strong>Going Beyond the Image<\/strong><\/h2>\n\n\n\n<p>What keeps Dominic inspired is a perspective that life and art are a \u2018conversation with the unseen and unknowable\u2019. For him, every moment is an expression of something flowing through us.<\/p>\n\n\n\n<p>Dominic\u2019s goal is not just to make a picture, but \u2018to create imagery which will somehow translate the ineffable and transcend our concepts of self, to strike us deeply at our core\u2019. The only way to achieve that, he believes, is to continue the dialogue with nature.<\/p>\n\n\n\n<p>That\u2019s what keeps him going.<\/p>\n\n\n\n<p>By taking the legendary look of Velvia and carefully molding it to fit his vision, Dominic crafted a look uniquely his. Creating a finished image directly in-camera gave him the freedom to stay in the moment and focus on the story he wanted to tell, one frame at a time.<\/p>\n\n\n\n<figure class=\"wp-block-image size-large\"><img loading=\"lazy\" decoding=\"async\" width=\"1024\" height=\"682\" src=\"https:\/\/fujifilm-x.b-cdn.net\/wp-content\/uploads\/2026\/04\/US_Dominic-Stone_Stories_07.jpg?width=1024&#038;height=682\" alt=\"\" class=\"wp-image-354238\" srcset=\"https:\/\/fujifilm-x.b-cdn.net\/wp-content\/uploads\/2026\/04\/US_Dominic-Stone_Stories_07.jpg?width=1024&amp;height=682 1024w, https:\/\/fujifilm-x.b-cdn.net\/wp-content\/uploads\/2026\/04\/US_Dominic-Stone_Stories_07.jpg?width=300&amp;height=200 300w, https:\/\/fujifilm-x.b-cdn.net\/wp-content\/uploads\/2026\/04\/US_Dominic-Stone_Stories_07.jpg?width=768&amp;height=512 768w, https:\/\/fujifilm-x.b-cdn.net\/wp-content\/uploads\/2026\/04\/US_Dominic-Stone_Stories_07.jpg?width=400&amp;height=267 400w, https:\/\/fujifilm-x.b-cdn.net\/wp-content\/uploads\/2026\/04\/US_Dominic-Stone_Stories_07.jpg?width=365&amp;height=243 365w, https:\/\/fujifilm-x.b-cdn.net\/wp-content\/uploads\/2026\/04\/US_Dominic-Stone_Stories_07.jpg?width=600&amp;height=400 600w, https:\/\/fujifilm-x.b-cdn.net\/wp-content\/uploads\/2026\/04\/US_Dominic-Stone_Stories_07.jpg?width=717&amp;height=478 717w, https:\/\/fujifilm-x.b-cdn.net\/wp-content\/uploads\/2026\/04\/US_Dominic-Stone_Stories_07.jpg?width=936&amp;height=624 936w\" sizes=\"auto, (max-width: 1000px) 100vw, 1000px\" data-recalc-dims=\"1\" \/><figcaption class=\"wp-element-caption\">Photo 2025 \u00a9 Dominic Stone | FUJIFILM X-E5 and FUJINON XF8mmF3.5 R WR, 1\/320 sec at F6.4, ISO 200<\/figcaption><\/figure>\n\n\n\n<h2 class=\"wp-block-heading\"><strong>Dominic Stone\u2019s \u201cPacifica 100\u201d FS RECIPE<\/strong><\/h2>\n\n\n\n<p><strong>FILM SIMULAITON: <\/strong>Velvia<br><strong>MONOCHROMATIC COLOR: <\/strong>N\/A<br><strong>GRAIN EFFECT: <\/strong>STRONG, SMALL<br><strong>COLOR CHROME EFFECT: <\/strong>WEAK<br><strong>COLOR CHROME FX BLUE: <\/strong>STRONG<br><strong>SMOOTH SKIN EFFECT: <\/strong>OFF<br><strong>WHITE BALANCE: <\/strong>AUTO \/ R +2, B -2<br><strong>DYNAMIC RANGE: <\/strong>DR100<br><strong>D RANGE PRIORITY: <\/strong>OFF<br><strong>TONE CURVE: <\/strong>H 0, S +2.5<br><strong>COLOR: <\/strong>-1<br><strong>SHARPNESS: <\/strong>0<br><strong>HIGH ISO NR: <\/strong>+1<br><strong>CLARITY: <\/strong>-2<\/p>\n","protected":false},"excerpt":{"rendered":"<p>FS RECIPE for rich, impactful results in the outdoors For traveling outdoor photographer Dominic Stone, photography is a way to \u2018engage with the mystery of life\u2019 that surrounds him. Dominic\u2019s work, which puts him in the heart of the action at major surfing and running competitions, is a reflection of his own deepest passions. It\u2019s [&hellip;]<\/p>\n","protected":false},"author":135,"featured_media":354241,"template":"","category":[2084,1006,1202,13607,1055,3211,3309,320,13922,3162,1986,565,13898,13836],"post_tag":[],"class_list":["post-354231","story","type-story","status-publish","has-post-thumbnail","hentry","category-be-inspired","category-cameras","category-category","category-film-simulation","category-lenses","category-x-series-mirrorless","category-x-mount-prime","category-products","category-velvia","category-x-mount","category-x-series","category-stories","category-x-e5","category-xf500mmf5-6-r-lm-ois-wr"],"pp_statuses_selecting_workflow":false,"pp_workflow_action":"current","pp_status_selection":"publish","acf":[],"publishpress_future_action":{"enabled":false,"date":"2026-05-10 12:13:15","action":"change-status","newStatus":"draft","terms":[],"taxonomy":"category","extraData":[]},"publishpress_future_workflow_manual_trigger":{"enabledWorkflows":[]},"_links":{"self":[{"href":"https:\/\/www.fujifilm-x.com\/pl-pl\/wp-json\/wp\/v2\/story\/354231","targetHints":{"allow":["GET"]}}],"collection":[{"href":"https:\/\/www.fujifilm-x.com\/pl-pl\/wp-json\/wp\/v2\/story"}],"about":[{"href":"https:\/\/www.fujifilm-x.com\/pl-pl\/wp-json\/wp\/v2\/types\/story"}],"author":[{"embeddable":true,"href":"https:\/\/www.fujifilm-x.com\/pl-pl\/wp-json\/wp\/v2\/users\/135"}],"wp:featuredmedia":[{"embeddable":true,"href":"https:\/\/www.fujifilm-x.com\/pl-pl\/wp-json\/wp\/v2\/media\/354241"}],"wp:attachment":[{"href":"https:\/\/www.fujifilm-x.com\/pl-pl\/wp-json\/wp\/v2\/media?parent=354231"}],"wp:term":[{"taxonomy":"category","embeddable":true,"href":"https:\/\/www.fujifilm-x.com\/pl-pl\/wp-json\/wp\/v2\/category?post=354231"},{"taxonomy":"post_tag","embeddable":true,"href":"https:\/\/www.fujifilm-x.com\/pl-pl\/wp-json\/wp\/v2\/post_tag?post=354231"}],"curies":[{"name":"wp","href":"https:\/\/api.w.org\/{rel}","templated":true}]}},{"id":354218,"date":"2026-04-10T05:00:00","date_gmt":"2026-04-10T05:00:00","guid":{"rendered":"https:\/\/www.fujifilm-x.com\/?post_type=story&#038;p=354218"},"modified":"2026-04-07T08:33:19","modified_gmt":"2026-04-07T08:33:19","slug":"velvia-fs-recipe-x-rommelbundalian","status":"publish","type":"story","link":"https:\/\/www.fujifilm-x.com\/pl-pl\/stories\/velvia-fs-recipe-x-rommelbundalian\/","title":{"rendered":"Velvia FS RECIPE x Rommel Bundalian"},"content":{"rendered":"\n<h2 class=\"wp-block-heading\"><strong>\u201cKanto Khromatiks\u201d: My Velvia FS RECIPE<\/strong><\/h2>\n\n\n\n<p>I\u2019ve been shooting long enough to remember Velvia in its original form, a roll of film with colors so rich and saturated it could make a cloudy day look like a postcard. When Fujifilm brought it into the digital age, I was hooked all over again. The colors still had that punch, the contrast still had that drama.<\/p>\n\n\n\n<figure class=\"wp-block-image size-large\"><img loading=\"lazy\" decoding=\"async\" width=\"682\" height=\"1024\" src=\"https:\/\/fujifilm-x.b-cdn.net\/wp-content\/uploads\/2026\/04\/PH_Rommel-Bundalian_Stories_01.jpg?width=682&#038;height=1024\" alt=\"\" class=\"wp-image-354220\" srcset=\"https:\/\/fujifilm-x.b-cdn.net\/wp-content\/uploads\/2026\/04\/PH_Rommel-Bundalian_Stories_01.jpg?width=682&amp;height=1024 682w, https:\/\/fujifilm-x.b-cdn.net\/wp-content\/uploads\/2026\/04\/PH_Rommel-Bundalian_Stories_01.jpg?width=200&amp;height=300 200w, https:\/\/fujifilm-x.b-cdn.net\/wp-content\/uploads\/2026\/04\/PH_Rommel-Bundalian_Stories_01.jpg?width=365&amp;height=548 365w, https:\/\/fujifilm-x.b-cdn.net\/wp-content\/uploads\/2026\/04\/PH_Rommel-Bundalian_Stories_01.jpg?width=600&amp;height=900 600w, https:\/\/fujifilm-x.b-cdn.net\/wp-content\/uploads\/2026\/04\/PH_Rommel-Bundalian_Stories_01.jpg?width=390&amp;height=585 390w, https:\/\/fujifilm-x.b-cdn.net\/wp-content\/uploads\/2026\/04\/PH_Rommel-Bundalian_Stories_01.jpg?width=480&amp;height=720 480w\" sizes=\"auto, (max-width: 682px) 100vw, 682px\" data-recalc-dims=\"1\" \/><\/figure>\n\n\n\n<p>But Velvia is a strong character. Left untamed, it can run away with your highlights, sink your shadows, and push colors a little too far. I wanted to keep its soul but give it a touch of restraint, something I could trust in any light, from the quiet countryside to the vibrant streets of the Philippines. That is how \u201cKanto Khromatiks\u201d came to be.<\/p>\n\n\n\n<figure class=\"wp-block-image size-large\"><img loading=\"lazy\" decoding=\"async\" width=\"1024\" height=\"682\" src=\"https:\/\/fujifilm-x.b-cdn.net\/wp-content\/uploads\/2026\/04\/PH_Rommel-Bundalian_Stories_02.jpg?width=1024&#038;height=682\" alt=\"\" class=\"wp-image-354221\" srcset=\"https:\/\/fujifilm-x.b-cdn.net\/wp-content\/uploads\/2026\/04\/PH_Rommel-Bundalian_Stories_02.jpg?width=1024&amp;height=682 1024w, https:\/\/fujifilm-x.b-cdn.net\/wp-content\/uploads\/2026\/04\/PH_Rommel-Bundalian_Stories_02.jpg?width=300&amp;height=200 300w, https:\/\/fujifilm-x.b-cdn.net\/wp-content\/uploads\/2026\/04\/PH_Rommel-Bundalian_Stories_02.jpg?width=768&amp;height=512 768w, https:\/\/fujifilm-x.b-cdn.net\/wp-content\/uploads\/2026\/04\/PH_Rommel-Bundalian_Stories_02.jpg?width=400&amp;height=267 400w, https:\/\/fujifilm-x.b-cdn.net\/wp-content\/uploads\/2026\/04\/PH_Rommel-Bundalian_Stories_02.jpg?width=365&amp;height=243 365w, https:\/\/fujifilm-x.b-cdn.net\/wp-content\/uploads\/2026\/04\/PH_Rommel-Bundalian_Stories_02.jpg?width=600&amp;height=400 600w, https:\/\/fujifilm-x.b-cdn.net\/wp-content\/uploads\/2026\/04\/PH_Rommel-Bundalian_Stories_02.jpg?width=717&amp;height=478 717w, https:\/\/fujifilm-x.b-cdn.net\/wp-content\/uploads\/2026\/04\/PH_Rommel-Bundalian_Stories_02.jpg?width=936&amp;height=624 936w\" sizes=\"auto, (max-width: 1000px) 100vw, 1000px\" data-recalc-dims=\"1\" \/><\/figure>\n\n\n\n<p>The name comes from two words: <em>kanto<\/em>, the Filipino word for \u201cstreet corner,\u201d and <em>Khromatics<\/em>, meaning \u201ccolors.\u201d Together, it means \u201cstreet corner colors,\u201d a nod to the life, movement, and vibrance you find in everyday scenes, whether it is a busy market, a quiet alley, or the glow of streetlights at night.<\/p>\n\n\n\n<figure class=\"wp-block-image size-large\"><img loading=\"lazy\" decoding=\"async\" width=\"682\" height=\"1024\" src=\"https:\/\/fujifilm-x.b-cdn.net\/wp-content\/uploads\/2026\/04\/PH_Rommel-Bundalian_Stories_03.jpg?width=682&#038;height=1024\" alt=\"\" class=\"wp-image-354222\" srcset=\"https:\/\/fujifilm-x.b-cdn.net\/wp-content\/uploads\/2026\/04\/PH_Rommel-Bundalian_Stories_03.jpg?width=682&amp;height=1024 682w, https:\/\/fujifilm-x.b-cdn.net\/wp-content\/uploads\/2026\/04\/PH_Rommel-Bundalian_Stories_03.jpg?width=200&amp;height=300 200w, https:\/\/fujifilm-x.b-cdn.net\/wp-content\/uploads\/2026\/04\/PH_Rommel-Bundalian_Stories_03.jpg?width=365&amp;height=548 365w, https:\/\/fujifilm-x.b-cdn.net\/wp-content\/uploads\/2026\/04\/PH_Rommel-Bundalian_Stories_03.jpg?width=600&amp;height=900 600w, https:\/\/fujifilm-x.b-cdn.net\/wp-content\/uploads\/2026\/04\/PH_Rommel-Bundalian_Stories_03.jpg?width=390&amp;height=585 390w, https:\/\/fujifilm-x.b-cdn.net\/wp-content\/uploads\/2026\/04\/PH_Rommel-Bundalian_Stories_03.jpg?width=480&amp;height=720 480w\" sizes=\"auto, (max-width: 682px) 100vw, 682px\" data-recalc-dims=\"1\" \/><\/figure>\n\n\n\n<p>I keep the Film Simulation on Velvia with DYNAMIC RANGE on AUTO. Highlights are pulled<br>back just half a step to save the bright spots, shadows lifted a notch to keep depth without losing detail. Color sits at +2, lively but not exaggerated. Noise reduction stays at 0 so the fine textures stay intact. SHARPNESS is at +1, CLARITY at +2 for that crisp, tactile feel that makes an image come alive.<\/p>\n\n\n\n<figure class=\"wp-block-image size-large\"><img loading=\"lazy\" decoding=\"async\" width=\"682\" height=\"1024\" src=\"https:\/\/fujifilm-x.b-cdn.net\/wp-content\/uploads\/2026\/04\/PH_Rommel-Bundalian_Stories_04.jpg?width=682&#038;height=1024\" alt=\"\" class=\"wp-image-354223\" srcset=\"https:\/\/fujifilm-x.b-cdn.net\/wp-content\/uploads\/2026\/04\/PH_Rommel-Bundalian_Stories_04.jpg?width=682&amp;height=1024 682w, https:\/\/fujifilm-x.b-cdn.net\/wp-content\/uploads\/2026\/04\/PH_Rommel-Bundalian_Stories_04.jpg?width=200&amp;height=300 200w, https:\/\/fujifilm-x.b-cdn.net\/wp-content\/uploads\/2026\/04\/PH_Rommel-Bundalian_Stories_04.jpg?width=365&amp;height=548 365w, https:\/\/fujifilm-x.b-cdn.net\/wp-content\/uploads\/2026\/04\/PH_Rommel-Bundalian_Stories_04.jpg?width=600&amp;height=900 600w, https:\/\/fujifilm-x.b-cdn.net\/wp-content\/uploads\/2026\/04\/PH_Rommel-Bundalian_Stories_04.jpg?width=390&amp;height=585 390w, https:\/\/fujifilm-x.b-cdn.net\/wp-content\/uploads\/2026\/04\/PH_Rommel-Bundalian_Stories_04.jpg?width=480&amp;height=720 480w\" sizes=\"auto, (max-width: 682px) 100vw, 682px\" data-recalc-dims=\"1\" \/><\/figure>\n\n\n\n<p>GRAIN EFFECT is WEAK and SMALL, just enough to whisper back to my film days without getting in the way. COLOR CHROME EFFECT and COLOR CHROME FX BLUE are both on WEAK, keeping the colors full but not heavy-handed. WHITE BALANCE stays on AUTO, as Fujifilm gets it right more often than not, whether I am in midday sun, shade, or under warm caf\u00e9 lights.<\/p>\n\n\n\n<figure class=\"wp-block-image size-large\"><img loading=\"lazy\" decoding=\"async\" width=\"1024\" height=\"682\" src=\"https:\/\/fujifilm-x.b-cdn.net\/wp-content\/uploads\/2026\/04\/PH_Rommel-Bundalian_Stories_05.jpg?width=1024&#038;height=682\" alt=\"\" class=\"wp-image-354224\" srcset=\"https:\/\/fujifilm-x.b-cdn.net\/wp-content\/uploads\/2026\/04\/PH_Rommel-Bundalian_Stories_05.jpg?width=1024&amp;height=682 1024w, https:\/\/fujifilm-x.b-cdn.net\/wp-content\/uploads\/2026\/04\/PH_Rommel-Bundalian_Stories_05.jpg?width=300&amp;height=200 300w, https:\/\/fujifilm-x.b-cdn.net\/wp-content\/uploads\/2026\/04\/PH_Rommel-Bundalian_Stories_05.jpg?width=768&amp;height=512 768w, https:\/\/fujifilm-x.b-cdn.net\/wp-content\/uploads\/2026\/04\/PH_Rommel-Bundalian_Stories_05.jpg?width=400&amp;height=267 400w, https:\/\/fujifilm-x.b-cdn.net\/wp-content\/uploads\/2026\/04\/PH_Rommel-Bundalian_Stories_05.jpg?width=365&amp;height=243 365w, https:\/\/fujifilm-x.b-cdn.net\/wp-content\/uploads\/2026\/04\/PH_Rommel-Bundalian_Stories_05.jpg?width=600&amp;height=400 600w, https:\/\/fujifilm-x.b-cdn.net\/wp-content\/uploads\/2026\/04\/PH_Rommel-Bundalian_Stories_05.jpg?width=717&amp;height=478 717w, https:\/\/fujifilm-x.b-cdn.net\/wp-content\/uploads\/2026\/04\/PH_Rommel-Bundalian_Stories_05.jpg?width=936&amp;height=624 936w\" sizes=\"auto, (max-width: 1000px) 100vw, 1000px\" data-recalc-dims=\"1\" \/><\/figure>\n\n\n\n<p>Out in the field, this setup keeps Velvia\u2019s drama but reins it in just enough. Midday shots hold detail in the highlights. Golden hour turns the skies deep and painterly while the greens stay rich. At night, high ISO paired with that subtle grain gives me clean, cinematic frames without harsh noise.<\/p>\n\n\n\n<figure class=\"wp-block-image size-large\"><img loading=\"lazy\" decoding=\"async\" width=\"682\" height=\"1024\" src=\"https:\/\/fujifilm-x.b-cdn.net\/wp-content\/uploads\/2026\/04\/PH_Rommel-Bundalian_Stories_06.jpg?width=682&#038;height=1024\" alt=\"\" class=\"wp-image-354225\" srcset=\"https:\/\/fujifilm-x.b-cdn.net\/wp-content\/uploads\/2026\/04\/PH_Rommel-Bundalian_Stories_06.jpg?width=682&amp;height=1024 682w, https:\/\/fujifilm-x.b-cdn.net\/wp-content\/uploads\/2026\/04\/PH_Rommel-Bundalian_Stories_06.jpg?width=200&amp;height=300 200w, https:\/\/fujifilm-x.b-cdn.net\/wp-content\/uploads\/2026\/04\/PH_Rommel-Bundalian_Stories_06.jpg?width=365&amp;height=548 365w, https:\/\/fujifilm-x.b-cdn.net\/wp-content\/uploads\/2026\/04\/PH_Rommel-Bundalian_Stories_06.jpg?width=600&amp;height=900 600w, https:\/\/fujifilm-x.b-cdn.net\/wp-content\/uploads\/2026\/04\/PH_Rommel-Bundalian_Stories_06.jpg?width=390&amp;height=585 390w, https:\/\/fujifilm-x.b-cdn.net\/wp-content\/uploads\/2026\/04\/PH_Rommel-Bundalian_Stories_06.jpg?width=480&amp;height=720 480w\" sizes=\"auto, (max-width: 682px) 100vw, 682px\" data-recalc-dims=\"1\" \/><\/figure>\n\n\n\n<p>The result is still Velvia: bold, colorful, alive, but with a balance that makes it work anywhere. From bustling street markets to quiet coastal roads, \u201cKanto Khromatiks\u201d carries the same magic I fell in love with decades ago, now with the control I have learned to appreciate over the years<\/p>\n\n\n\n<figure class=\"wp-block-image size-large\"><img loading=\"lazy\" decoding=\"async\" width=\"682\" height=\"1024\" src=\"https:\/\/fujifilm-x.b-cdn.net\/wp-content\/uploads\/2026\/04\/PH_Rommel-Bundalian_Stories_07.jpg?width=682&#038;height=1024\" alt=\"\" class=\"wp-image-354226\" srcset=\"https:\/\/fujifilm-x.b-cdn.net\/wp-content\/uploads\/2026\/04\/PH_Rommel-Bundalian_Stories_07.jpg?width=682&amp;height=1024 682w, https:\/\/fujifilm-x.b-cdn.net\/wp-content\/uploads\/2026\/04\/PH_Rommel-Bundalian_Stories_07.jpg?width=200&amp;height=300 200w, https:\/\/fujifilm-x.b-cdn.net\/wp-content\/uploads\/2026\/04\/PH_Rommel-Bundalian_Stories_07.jpg?width=365&amp;height=548 365w, https:\/\/fujifilm-x.b-cdn.net\/wp-content\/uploads\/2026\/04\/PH_Rommel-Bundalian_Stories_07.jpg?width=600&amp;height=900 600w, https:\/\/fujifilm-x.b-cdn.net\/wp-content\/uploads\/2026\/04\/PH_Rommel-Bundalian_Stories_07.jpg?width=390&amp;height=585 390w, https:\/\/fujifilm-x.b-cdn.net\/wp-content\/uploads\/2026\/04\/PH_Rommel-Bundalian_Stories_07.jpg?width=480&amp;height=720 480w\" sizes=\"auto, (max-width: 682px) 100vw, 682px\" data-recalc-dims=\"1\" \/><\/figure>\n","protected":false},"excerpt":{"rendered":"<p>\u201cKanto Khromatiks\u201d: My Velvia FS RECIPE I\u2019ve been shooting long enough to remember Velvia in its original form, a roll of film with colors so rich and saturated it could make a cloudy day look like a postcard. When Fujifilm brought it into the digital age, I was hooked all over again. The colors still [&hellip;]<\/p>\n","protected":false},"author":135,"featured_media":354247,"template":"","category":[2084,1006,1202,13607,1055,3211,3309,320,13922,3162,1986,565,13898,7866],"post_tag":[],"class_list":["post-354218","story","type-story","status-publish","has-post-thumbnail","hentry","category-be-inspired","category-cameras","category-category","category-film-simulation","category-lenses","category-x-series-mirrorless","category-x-mount-prime","category-products","category-velvia","category-x-mount","category-x-series","category-stories","category-x-e5","category-xf50mmf2-r-wr"],"pp_statuses_selecting_workflow":false,"pp_workflow_action":"current","pp_status_selection":"publish","acf":[],"publishpress_future_action":{"enabled":false,"date":"2026-05-10 12:13:15","action":"change-status","newStatus":"draft","terms":[],"taxonomy":"category","extraData":[]},"publishpress_future_workflow_manual_trigger":{"enabledWorkflows":[]},"_links":{"self":[{"href":"https:\/\/www.fujifilm-x.com\/pl-pl\/wp-json\/wp\/v2\/story\/354218","targetHints":{"allow":["GET"]}}],"collection":[{"href":"https:\/\/www.fujifilm-x.com\/pl-pl\/wp-json\/wp\/v2\/story"}],"about":[{"href":"https:\/\/www.fujifilm-x.com\/pl-pl\/wp-json\/wp\/v2\/types\/story"}],"author":[{"embeddable":true,"href":"https:\/\/www.fujifilm-x.com\/pl-pl\/wp-json\/wp\/v2\/users\/135"}],"wp:featuredmedia":[{"embeddable":true,"href":"https:\/\/www.fujifilm-x.com\/pl-pl\/wp-json\/wp\/v2\/media\/354247"}],"wp:attachment":[{"href":"https:\/\/www.fujifilm-x.com\/pl-pl\/wp-json\/wp\/v2\/media?parent=354218"}],"wp:term":[{"taxonomy":"category","embeddable":true,"href":"https:\/\/www.fujifilm-x.com\/pl-pl\/wp-json\/wp\/v2\/category?post=354218"},{"taxonomy":"post_tag","embeddable":true,"href":"https:\/\/www.fujifilm-x.com\/pl-pl\/wp-json\/wp\/v2\/post_tag?post=354218"}],"curies":[{"name":"wp","href":"https:\/\/api.w.org\/{rel}","templated":true}]}},{"id":345905,"date":"2026-04-07T01:00:00","date_gmt":"2026-04-07T01:00:00","guid":{"rendered":"https:\/\/www.fujifilm-x.com\/?post_type=story&#038;p=345905"},"modified":"2026-04-13T02:40:26","modified_gmt":"2026-04-13T02:40:26","slug":"roundshot","status":"publish","type":"story","link":"https:\/\/www.fujifilm-x.com\/pl-pl\/stories\/roundshot\/","title":{"rendered":"When Japanese Precision Meets Swiss Engineering"},"content":{"rendered":"\n<p>There are places where technology reaches its limits \u2013 and others where it shows what it is truly capable of. Mount S\u00e4ntis undoubtedly belongs to the latter.<\/p>\n\n\n\n<p>At an altitude of 2,502 metres, where wind, ice, UV radiation and extreme temperature fluctuations are part of everyday life in the Alpstein region of Eastern Switzerland, a panorama is created that fascinates people all over the world today \u2013 transmitted by a ROUNDSHOT livecam.<\/p>\n\n\n\n<div class=\"wp-block-columns has-spacing-none has-no-design is-layout-flex wp-container-core-columns-is-layout-9d6595d7 wp-block-columns-is-layout-flex\">\n<div class=\"wp-block-column is-layout-flow wp-block-column-is-layout-flow\">\n<figure class=\"wp-block-image size-large is-resized\"><img loading=\"lazy\" decoding=\"async\" width=\"1024\" height=\"682\" src=\"https:\/\/fujifilm-x.b-cdn.net\/wp-content\/uploads\/2026\/01\/B2B_Case-Study-14_Roundshot_02.jpg?width=1024&#038;height=682\" alt=\"\" class=\"wp-image-345906\" style=\"width:auto;height:350px\" srcset=\"https:\/\/fujifilm-x.b-cdn.net\/wp-content\/uploads\/2026\/01\/B2B_Case-Study-14_Roundshot_02.jpg?width=1024&amp;height=682 1024w, https:\/\/fujifilm-x.b-cdn.net\/wp-content\/uploads\/2026\/01\/B2B_Case-Study-14_Roundshot_02.jpg?width=300&amp;height=200 300w, https:\/\/fujifilm-x.b-cdn.net\/wp-content\/uploads\/2026\/01\/B2B_Case-Study-14_Roundshot_02.jpg?width=768&amp;height=512 768w, https:\/\/fujifilm-x.b-cdn.net\/wp-content\/uploads\/2026\/01\/B2B_Case-Study-14_Roundshot_02.jpg?width=400&amp;height=267 400w, https:\/\/fujifilm-x.b-cdn.net\/wp-content\/uploads\/2026\/01\/B2B_Case-Study-14_Roundshot_02.jpg?width=365&amp;height=243 365w, https:\/\/fujifilm-x.b-cdn.net\/wp-content\/uploads\/2026\/01\/B2B_Case-Study-14_Roundshot_02.jpg?width=600&amp;height=400 600w, https:\/\/fujifilm-x.b-cdn.net\/wp-content\/uploads\/2026\/01\/B2B_Case-Study-14_Roundshot_02.jpg?width=717&amp;height=478 717w, https:\/\/fujifilm-x.b-cdn.net\/wp-content\/uploads\/2026\/01\/B2B_Case-Study-14_Roundshot_02.jpg?width=936&amp;height=624 936w\" sizes=\"auto, (max-width: 1000px) 100vw, 1000px\" data-recalc-dims=\"1\" \/><\/figure>\n<\/div>\n\n\n\n<div class=\"wp-block-column is-layout-flow wp-block-column-is-layout-flow\">\n<figure class=\"wp-block-image size-large is-resized\"><img loading=\"lazy\" decoding=\"async\" width=\"682\" height=\"1024\" src=\"https:\/\/fujifilm-x.b-cdn.net\/wp-content\/uploads\/2026\/01\/B2B_Case-Study-14_Roundshot_03.jpg?width=682&#038;height=1024\" alt=\"\" class=\"wp-image-345907\" style=\"width:auto;height:350px\" srcset=\"https:\/\/fujifilm-x.b-cdn.net\/wp-content\/uploads\/2026\/01\/B2B_Case-Study-14_Roundshot_03.jpg?width=682&amp;height=1024 682w, https:\/\/fujifilm-x.b-cdn.net\/wp-content\/uploads\/2026\/01\/B2B_Case-Study-14_Roundshot_03.jpg?width=200&amp;height=300 200w, https:\/\/fujifilm-x.b-cdn.net\/wp-content\/uploads\/2026\/01\/B2B_Case-Study-14_Roundshot_03.jpg?width=365&amp;height=548 365w, https:\/\/fujifilm-x.b-cdn.net\/wp-content\/uploads\/2026\/01\/B2B_Case-Study-14_Roundshot_03.jpg?width=600&amp;height=900 600w, https:\/\/fujifilm-x.b-cdn.net\/wp-content\/uploads\/2026\/01\/B2B_Case-Study-14_Roundshot_03.jpg?width=390&amp;height=585 390w, https:\/\/fujifilm-x.b-cdn.net\/wp-content\/uploads\/2026\/01\/B2B_Case-Study-14_Roundshot_03.jpg?width=480&amp;height=720 480w\" sizes=\"auto, (max-width: 682px) 100vw, 682px\" data-recalc-dims=\"1\" \/><\/figure>\n<\/div>\n\n\n\n<div class=\"wp-block-column is-layout-flow wp-block-column-is-layout-flow\">\n<figure class=\"wp-block-image size-large is-resized\"><img loading=\"lazy\" decoding=\"async\" width=\"1024\" height=\"682\" src=\"https:\/\/fujifilm-x.b-cdn.net\/wp-content\/uploads\/2026\/01\/B2B_Case-Study-14_Roundshot_04.jpg?width=1024&#038;height=682\" alt=\"\" class=\"wp-image-345908\" style=\"width:auto;height:350px\" srcset=\"https:\/\/fujifilm-x.b-cdn.net\/wp-content\/uploads\/2026\/01\/B2B_Case-Study-14_Roundshot_04.jpg?width=1024&amp;height=682 1024w, https:\/\/fujifilm-x.b-cdn.net\/wp-content\/uploads\/2026\/01\/B2B_Case-Study-14_Roundshot_04.jpg?width=300&amp;height=200 300w, https:\/\/fujifilm-x.b-cdn.net\/wp-content\/uploads\/2026\/01\/B2B_Case-Study-14_Roundshot_04.jpg?width=768&amp;height=512 768w, https:\/\/fujifilm-x.b-cdn.net\/wp-content\/uploads\/2026\/01\/B2B_Case-Study-14_Roundshot_04.jpg?width=400&amp;height=267 400w, https:\/\/fujifilm-x.b-cdn.net\/wp-content\/uploads\/2026\/01\/B2B_Case-Study-14_Roundshot_04.jpg?width=365&amp;height=243 365w, https:\/\/fujifilm-x.b-cdn.net\/wp-content\/uploads\/2026\/01\/B2B_Case-Study-14_Roundshot_04.jpg?width=600&amp;height=400 600w, https:\/\/fujifilm-x.b-cdn.net\/wp-content\/uploads\/2026\/01\/B2B_Case-Study-14_Roundshot_04.jpg?width=717&amp;height=478 717w, https:\/\/fujifilm-x.b-cdn.net\/wp-content\/uploads\/2026\/01\/B2B_Case-Study-14_Roundshot_04.jpg?width=936&amp;height=624 936w\" sizes=\"auto, (max-width: 1000px) 100vw, 1000px\" data-recalc-dims=\"1\" \/><\/figure>\n<\/div>\n<\/div>\n\n\n\n<p><strong>More than 1,000 livecams <\/strong>are now<strong> installed <\/strong><a href=\"https:\/\/www.roundshot.com\/en\/livecam-references.html\/102\" rel=\"nofollow noopener\" target=\"_blank\"><strong>worldwide<\/strong><\/a>. Many of them have been in <strong>continuous operation 24\/7<\/strong> for years. The livecams are not only used by weather services or mountain railways such as the <a href=\"https:\/\/saentisbahn.ch\/en\/\" rel=\"nofollow noopener\" target=\"_blank\">S\u00e4ntis Schwebebahn<\/a>.<br>They offer travellers, nature enthusiasts, adventurers and interested viewers an unobstructed view \u2013 no matter where in the world they are located.<\/p>\n\n\n\n<p>The case study on the ROUNDSHOT livecam on Mount S\u00e4ntis vividly demonstrates what becomes possible when four worlds come together:<br>Swiss precision, decades of alpine expertise, state-of-the-art Japanese FUJIFILM camera technology \u2013 and, above all, people who clearly love what they do.<\/p>\n\n\n\n<div class=\"wp-block-fujifilm-youtube-modal alignfull\"><div class=\"block-video-player\"><div class=\"max-w-[800px] m-auto w-full relative fade-up-parallax\"><div class=\"block-video-player__splash-img aspect-w-16 aspect-h-9 js-btn--modal-youtube\" data-id=\"bo3b3qMbmH8\"><img decoding=\"async\" src=\"https:\/\/fujifilm-x.b-cdn.net\/wp-content\/uploads\/2026\/01\/B2B_Case-Study-14_Roundshot_main_01.jpg\" alt=\"B2B_Case Study 14_Roundshot_main_01\" loading=\"lazy\" data-recalc-dims=\"1\"\/><span class=\"play-button \"><\/span><\/div><\/div><div class=\"modal modal--youtube hidden\" data-id=\"bo3b3qMbmH8\"><div class=\"modal__content relative\"><button class=\"btn-modal-close\" data-id=\"bo3b3qMbmH8\"><span><\/span><span><\/span><\/button><figure class=\"wp-block-embed is-type-video is-provider-youtube wp-block-embed-youtube wp-embed-aspect-16-9 wp-has-aspect-ratio\"><div class=\"wp-block-embed__wrapper\"><div id=\"player-bo3b3qMbmH8\" data-id=\"bo3b3qMbmH8\" class=\"youtube-iframe\"><\/div><\/div><\/figure><\/div><\/div><\/div><\/div>\n\n\n\n<h2 class=\"wp-block-heading\"><strong>A Passionate Swiss Family Business<\/strong><\/h2>\n\n\n\n<p>Behind the ROUNDSHOT livecams used worldwide \u2013 in which FUJIFILM cameras are deployed \u2013 stands the Swiss family-owned company Seitz Phototechnik AG, which has been developing highly precise camera systems and 360\u00b0 panorama technologies for decades.<\/p>\n\n\n\n<p>What many people do not know: every single ROUNDSHOT livecam is completely handcrafted in Lustdorf (Canton of Thurgau), in the original family home, and is among the leading camera solutions in the fields of tourism, weather visualisation and B2B live imaging systems.<\/p>\n\n\n\n<div class=\"wp-block-columns has-spacing-none has-no-design is-layout-flex wp-container-core-columns-is-layout-9d6595d7 wp-block-columns-is-layout-flex\">\n<div class=\"wp-block-column is-layout-flow wp-block-column-is-layout-flow\">\n<figure class=\"wp-block-image size-large\"><img loading=\"lazy\" decoding=\"async\" width=\"1024\" height=\"682\" src=\"https:\/\/fujifilm-x.b-cdn.net\/wp-content\/uploads\/2026\/01\/B2B_Case-Study-14_Roundshot_05.jpg?width=1024&#038;height=682\" alt=\"\" class=\"wp-image-345909\" srcset=\"https:\/\/fujifilm-x.b-cdn.net\/wp-content\/uploads\/2026\/01\/B2B_Case-Study-14_Roundshot_05.jpg?width=1024&amp;height=682 1024w, https:\/\/fujifilm-x.b-cdn.net\/wp-content\/uploads\/2026\/01\/B2B_Case-Study-14_Roundshot_05.jpg?width=300&amp;height=200 300w, https:\/\/fujifilm-x.b-cdn.net\/wp-content\/uploads\/2026\/01\/B2B_Case-Study-14_Roundshot_05.jpg?width=768&amp;height=512 768w, https:\/\/fujifilm-x.b-cdn.net\/wp-content\/uploads\/2026\/01\/B2B_Case-Study-14_Roundshot_05.jpg?width=400&amp;height=267 400w, https:\/\/fujifilm-x.b-cdn.net\/wp-content\/uploads\/2026\/01\/B2B_Case-Study-14_Roundshot_05.jpg?width=365&amp;height=243 365w, https:\/\/fujifilm-x.b-cdn.net\/wp-content\/uploads\/2026\/01\/B2B_Case-Study-14_Roundshot_05.jpg?width=600&amp;height=400 600w, https:\/\/fujifilm-x.b-cdn.net\/wp-content\/uploads\/2026\/01\/B2B_Case-Study-14_Roundshot_05.jpg?width=717&amp;height=478 717w, https:\/\/fujifilm-x.b-cdn.net\/wp-content\/uploads\/2026\/01\/B2B_Case-Study-14_Roundshot_05.jpg?width=936&amp;height=624 936w\" sizes=\"auto, (max-width: 1000px) 100vw, 1000px\" data-recalc-dims=\"1\" \/><\/figure>\n<\/div>\n\n\n\n<div class=\"wp-block-column is-layout-flow wp-block-column-is-layout-flow\">\n<figure class=\"wp-block-image size-large\"><img loading=\"lazy\" decoding=\"async\" width=\"1024\" height=\"682\" src=\"https:\/\/fujifilm-x.b-cdn.net\/wp-content\/uploads\/2026\/01\/B2B_Case-Study-14_Roundshot_06.jpg?width=1024&#038;height=682\" alt=\"\" class=\"wp-image-345910\" srcset=\"https:\/\/fujifilm-x.b-cdn.net\/wp-content\/uploads\/2026\/01\/B2B_Case-Study-14_Roundshot_06.jpg?width=1024&amp;height=682 1024w, https:\/\/fujifilm-x.b-cdn.net\/wp-content\/uploads\/2026\/01\/B2B_Case-Study-14_Roundshot_06.jpg?width=300&amp;height=200 300w, https:\/\/fujifilm-x.b-cdn.net\/wp-content\/uploads\/2026\/01\/B2B_Case-Study-14_Roundshot_06.jpg?width=768&amp;height=512 768w, https:\/\/fujifilm-x.b-cdn.net\/wp-content\/uploads\/2026\/01\/B2B_Case-Study-14_Roundshot_06.jpg?width=400&amp;height=267 400w, https:\/\/fujifilm-x.b-cdn.net\/wp-content\/uploads\/2026\/01\/B2B_Case-Study-14_Roundshot_06.jpg?width=365&amp;height=243 365w, https:\/\/fujifilm-x.b-cdn.net\/wp-content\/uploads\/2026\/01\/B2B_Case-Study-14_Roundshot_06.jpg?width=600&amp;height=400 600w, https:\/\/fujifilm-x.b-cdn.net\/wp-content\/uploads\/2026\/01\/B2B_Case-Study-14_Roundshot_06.jpg?width=717&amp;height=478 717w, https:\/\/fujifilm-x.b-cdn.net\/wp-content\/uploads\/2026\/01\/B2B_Case-Study-14_Roundshot_06.jpg?width=936&amp;height=624 936w\" sizes=\"auto, (max-width: 1000px) 100vw, 1000px\" data-recalc-dims=\"1\" \/><\/figure>\n<\/div>\n<\/div>\n\n\n\n<p>The three owners <strong>Peter Seitz, Werner Seitz and Urs Krebs<\/strong>, together with the entire ROUNDSHOT team, work with great dedication on the maintenance and continuous development of their products.<\/p>\n\n\n\n<figure class=\"wp-block-image size-large\"><img loading=\"lazy\" decoding=\"async\" width=\"682\" height=\"1024\" src=\"https:\/\/fujifilm-x.b-cdn.net\/wp-content\/uploads\/2026\/01\/B2B_Case-Study-14_Roundshot_07.jpg?width=682&#038;height=1024\" alt=\"\" class=\"wp-image-345911\" srcset=\"https:\/\/fujifilm-x.b-cdn.net\/wp-content\/uploads\/2026\/01\/B2B_Case-Study-14_Roundshot_07.jpg?width=682&amp;height=1024 682w, https:\/\/fujifilm-x.b-cdn.net\/wp-content\/uploads\/2026\/01\/B2B_Case-Study-14_Roundshot_07.jpg?width=200&amp;height=300 200w, https:\/\/fujifilm-x.b-cdn.net\/wp-content\/uploads\/2026\/01\/B2B_Case-Study-14_Roundshot_07.jpg?width=365&amp;height=548 365w, https:\/\/fujifilm-x.b-cdn.net\/wp-content\/uploads\/2026\/01\/B2B_Case-Study-14_Roundshot_07.jpg?width=600&amp;height=900 600w, https:\/\/fujifilm-x.b-cdn.net\/wp-content\/uploads\/2026\/01\/B2B_Case-Study-14_Roundshot_07.jpg?width=390&amp;height=585 390w, https:\/\/fujifilm-x.b-cdn.net\/wp-content\/uploads\/2026\/01\/B2B_Case-Study-14_Roundshot_07.jpg?width=480&amp;height=720 480w\" sizes=\"auto, (max-width: 682px) 100vw, 682px\" data-recalc-dims=\"1\" \/><figcaption class=\"wp-element-caption\">From left: the owners Peter Seitz, Werner Seitz and Urs Krebs<\/figcaption><\/figure>\n\n\n\n<h3 class=\"wp-block-heading\">Peter Seitz: The Man Behind the Housing<\/h3>\n\n\n\n<p>Peter machines the robust aluminium housings that are later installed on mountain peaks, in harbours or along coastlines. These high-performance housings form the foundation of the weather-resistant ROUNDSHOT livecams.<\/p>\n\n\n\n<p>\u201cOur cameras have to withstand extreme temperatures, intense UV radiation and massive wind loads,\u201d he explains. The choice of materials and precision in manufacturing determine whether a camera operates reliably for one year or for an entire decade \u2013 a key requirement for any weather camera.<\/p>\n\n\n\n<div class=\"wp-block-columns has-spacing-none has-no-design is-layout-flex wp-container-core-columns-is-layout-9d6595d7 wp-block-columns-is-layout-flex\">\n<div class=\"wp-block-column is-layout-flow wp-block-column-is-layout-flow\">\n<figure class=\"wp-block-image size-large\"><img loading=\"lazy\" decoding=\"async\" width=\"1024\" height=\"682\" src=\"https:\/\/fujifilm-x.b-cdn.net\/wp-content\/uploads\/2026\/01\/B2B_Case-Study-14_Roundshot_08.jpg?width=1024&#038;height=682\" alt=\"\" class=\"wp-image-345912\" srcset=\"https:\/\/fujifilm-x.b-cdn.net\/wp-content\/uploads\/2026\/01\/B2B_Case-Study-14_Roundshot_08.jpg?width=1024&amp;height=682 1024w, https:\/\/fujifilm-x.b-cdn.net\/wp-content\/uploads\/2026\/01\/B2B_Case-Study-14_Roundshot_08.jpg?width=300&amp;height=200 300w, https:\/\/fujifilm-x.b-cdn.net\/wp-content\/uploads\/2026\/01\/B2B_Case-Study-14_Roundshot_08.jpg?width=768&amp;height=512 768w, https:\/\/fujifilm-x.b-cdn.net\/wp-content\/uploads\/2026\/01\/B2B_Case-Study-14_Roundshot_08.jpg?width=400&amp;height=267 400w, https:\/\/fujifilm-x.b-cdn.net\/wp-content\/uploads\/2026\/01\/B2B_Case-Study-14_Roundshot_08.jpg?width=365&amp;height=243 365w, https:\/\/fujifilm-x.b-cdn.net\/wp-content\/uploads\/2026\/01\/B2B_Case-Study-14_Roundshot_08.jpg?width=600&amp;height=400 600w, https:\/\/fujifilm-x.b-cdn.net\/wp-content\/uploads\/2026\/01\/B2B_Case-Study-14_Roundshot_08.jpg?width=717&amp;height=478 717w, https:\/\/fujifilm-x.b-cdn.net\/wp-content\/uploads\/2026\/01\/B2B_Case-Study-14_Roundshot_08.jpg?width=936&amp;height=624 936w\" sizes=\"auto, (max-width: 1000px) 100vw, 1000px\" data-recalc-dims=\"1\" \/><\/figure>\n<\/div>\n\n\n\n<div class=\"wp-block-column is-layout-flow wp-block-column-is-layout-flow\">\n<figure class=\"wp-block-image size-large\"><img loading=\"lazy\" decoding=\"async\" width=\"1024\" height=\"682\" src=\"https:\/\/fujifilm-x.b-cdn.net\/wp-content\/uploads\/2026\/01\/B2B_Case-Study-14_Roundshot_09.jpg?width=1024&#038;height=682\" alt=\"\" class=\"wp-image-345913\" srcset=\"https:\/\/fujifilm-x.b-cdn.net\/wp-content\/uploads\/2026\/01\/B2B_Case-Study-14_Roundshot_09.jpg?width=1024&amp;height=682 1024w, https:\/\/fujifilm-x.b-cdn.net\/wp-content\/uploads\/2026\/01\/B2B_Case-Study-14_Roundshot_09.jpg?width=300&amp;height=200 300w, https:\/\/fujifilm-x.b-cdn.net\/wp-content\/uploads\/2026\/01\/B2B_Case-Study-14_Roundshot_09.jpg?width=768&amp;height=512 768w, https:\/\/fujifilm-x.b-cdn.net\/wp-content\/uploads\/2026\/01\/B2B_Case-Study-14_Roundshot_09.jpg?width=400&amp;height=267 400w, https:\/\/fujifilm-x.b-cdn.net\/wp-content\/uploads\/2026\/01\/B2B_Case-Study-14_Roundshot_09.jpg?width=365&amp;height=243 365w, https:\/\/fujifilm-x.b-cdn.net\/wp-content\/uploads\/2026\/01\/B2B_Case-Study-14_Roundshot_09.jpg?width=600&amp;height=400 600w, https:\/\/fujifilm-x.b-cdn.net\/wp-content\/uploads\/2026\/01\/B2B_Case-Study-14_Roundshot_09.jpg?width=717&amp;height=478 717w, https:\/\/fujifilm-x.b-cdn.net\/wp-content\/uploads\/2026\/01\/B2B_Case-Study-14_Roundshot_09.jpg?width=936&amp;height=624 936w\" sizes=\"auto, (max-width: 1000px) 100vw, 1000px\" data-recalc-dims=\"1\" \/><\/figure>\n<\/div>\n\n\n\n<div class=\"wp-block-column is-layout-flow wp-block-column-is-layout-flow\">\n<figure class=\"wp-block-image size-large\"><img loading=\"lazy\" decoding=\"async\" width=\"1024\" height=\"682\" src=\"https:\/\/fujifilm-x.b-cdn.net\/wp-content\/uploads\/2026\/01\/B2B_Case-Study-14_Roundshot_10.jpg?width=1024&#038;height=682\" alt=\"\" class=\"wp-image-345914\" srcset=\"https:\/\/fujifilm-x.b-cdn.net\/wp-content\/uploads\/2026\/01\/B2B_Case-Study-14_Roundshot_10.jpg?width=1024&amp;height=682 1024w, https:\/\/fujifilm-x.b-cdn.net\/wp-content\/uploads\/2026\/01\/B2B_Case-Study-14_Roundshot_10.jpg?width=300&amp;height=200 300w, https:\/\/fujifilm-x.b-cdn.net\/wp-content\/uploads\/2026\/01\/B2B_Case-Study-14_Roundshot_10.jpg?width=768&amp;height=512 768w, https:\/\/fujifilm-x.b-cdn.net\/wp-content\/uploads\/2026\/01\/B2B_Case-Study-14_Roundshot_10.jpg?width=400&amp;height=267 400w, https:\/\/fujifilm-x.b-cdn.net\/wp-content\/uploads\/2026\/01\/B2B_Case-Study-14_Roundshot_10.jpg?width=365&amp;height=243 365w, https:\/\/fujifilm-x.b-cdn.net\/wp-content\/uploads\/2026\/01\/B2B_Case-Study-14_Roundshot_10.jpg?width=600&amp;height=400 600w, https:\/\/fujifilm-x.b-cdn.net\/wp-content\/uploads\/2026\/01\/B2B_Case-Study-14_Roundshot_10.jpg?width=717&amp;height=478 717w, https:\/\/fujifilm-x.b-cdn.net\/wp-content\/uploads\/2026\/01\/B2B_Case-Study-14_Roundshot_10.jpg?width=936&amp;height=624 936w\" sizes=\"auto, (max-width: 1000px) 100vw, 1000px\" data-recalc-dims=\"1\" \/><\/figure>\n<\/div>\n<\/div>\n\n\n\n<h3 class=\"wp-block-heading\">Werner Seitz: Perfection Down to the Smallest Component<\/h3>\n\n\n\n<p>Once a housing is completed, Werner takes over: he installs the camera technology, calibrates and tests each individual system. Every ROUNDSHOT livecam is fully assembled by him, precisely adjusted and tested for 24 hours under real-world conditions to ensure flawless 360\u00b0 panoramic images.<\/p>\n\n\n\n<div class=\"wp-block-columns has-spacing-none has-no-design is-layout-flex wp-container-core-columns-is-layout-9d6595d7 wp-block-columns-is-layout-flex\">\n<div class=\"wp-block-column is-layout-flow wp-block-column-is-layout-flow\">\n<figure class=\"wp-block-image size-large is-resized\"><img loading=\"lazy\" decoding=\"async\" width=\"1024\" height=\"682\" src=\"https:\/\/fujifilm-x.b-cdn.net\/wp-content\/uploads\/2026\/01\/B2B_Case-Study-14_Roundshot_11.jpg?width=1024&#038;height=682\" alt=\"\" class=\"wp-image-345915\" style=\"width:auto;height:350px\" srcset=\"https:\/\/fujifilm-x.b-cdn.net\/wp-content\/uploads\/2026\/01\/B2B_Case-Study-14_Roundshot_11.jpg?width=1024&amp;height=682 1024w, https:\/\/fujifilm-x.b-cdn.net\/wp-content\/uploads\/2026\/01\/B2B_Case-Study-14_Roundshot_11.jpg?width=300&amp;height=200 300w, https:\/\/fujifilm-x.b-cdn.net\/wp-content\/uploads\/2026\/01\/B2B_Case-Study-14_Roundshot_11.jpg?width=768&amp;height=512 768w, https:\/\/fujifilm-x.b-cdn.net\/wp-content\/uploads\/2026\/01\/B2B_Case-Study-14_Roundshot_11.jpg?width=400&amp;height=267 400w, https:\/\/fujifilm-x.b-cdn.net\/wp-content\/uploads\/2026\/01\/B2B_Case-Study-14_Roundshot_11.jpg?width=365&amp;height=243 365w, https:\/\/fujifilm-x.b-cdn.net\/wp-content\/uploads\/2026\/01\/B2B_Case-Study-14_Roundshot_11.jpg?width=600&amp;height=400 600w, https:\/\/fujifilm-x.b-cdn.net\/wp-content\/uploads\/2026\/01\/B2B_Case-Study-14_Roundshot_11.jpg?width=717&amp;height=478 717w, https:\/\/fujifilm-x.b-cdn.net\/wp-content\/uploads\/2026\/01\/B2B_Case-Study-14_Roundshot_11.jpg?width=936&amp;height=624 936w\" sizes=\"auto, (max-width: 1000px) 100vw, 1000px\" data-recalc-dims=\"1\" \/><\/figure>\n<\/div>\n\n\n\n<div class=\"wp-block-column is-layout-flow wp-block-column-is-layout-flow\">\n<figure class=\"wp-block-image size-large is-resized\"><img loading=\"lazy\" decoding=\"async\" width=\"682\" height=\"1024\" src=\"https:\/\/fujifilm-x.b-cdn.net\/wp-content\/uploads\/2026\/01\/B2B_Case-Study-14_Roundshot_12.jpg?width=682&#038;height=1024\" alt=\"\" class=\"wp-image-345916\" style=\"width:auto;height:350px\" srcset=\"https:\/\/fujifilm-x.b-cdn.net\/wp-content\/uploads\/2026\/01\/B2B_Case-Study-14_Roundshot_12.jpg?width=682&amp;height=1024 682w, https:\/\/fujifilm-x.b-cdn.net\/wp-content\/uploads\/2026\/01\/B2B_Case-Study-14_Roundshot_12.jpg?width=200&amp;height=300 200w, https:\/\/fujifilm-x.b-cdn.net\/wp-content\/uploads\/2026\/01\/B2B_Case-Study-14_Roundshot_12.jpg?width=365&amp;height=548 365w, https:\/\/fujifilm-x.b-cdn.net\/wp-content\/uploads\/2026\/01\/B2B_Case-Study-14_Roundshot_12.jpg?width=600&amp;height=900 600w, https:\/\/fujifilm-x.b-cdn.net\/wp-content\/uploads\/2026\/01\/B2B_Case-Study-14_Roundshot_12.jpg?width=390&amp;height=585 390w, https:\/\/fujifilm-x.b-cdn.net\/wp-content\/uploads\/2026\/01\/B2B_Case-Study-14_Roundshot_12.jpg?width=480&amp;height=720 480w\" sizes=\"auto, (max-width: 682px) 100vw, 682px\" data-recalc-dims=\"1\" \/><\/figure>\n<\/div>\n\n\n\n<div class=\"wp-block-column is-layout-flow wp-block-column-is-layout-flow\">\n<figure class=\"wp-block-image size-large is-resized\"><img loading=\"lazy\" decoding=\"async\" width=\"682\" height=\"1024\" src=\"https:\/\/fujifilm-x.b-cdn.net\/wp-content\/uploads\/2026\/01\/B2B_Case-Study-14_Roundshot_13.jpg?width=682&#038;height=1024\" alt=\"\" class=\"wp-image-345917\" style=\"width:auto;height:350px\" srcset=\"https:\/\/fujifilm-x.b-cdn.net\/wp-content\/uploads\/2026\/01\/B2B_Case-Study-14_Roundshot_13.jpg?width=682&amp;height=1024 682w, https:\/\/fujifilm-x.b-cdn.net\/wp-content\/uploads\/2026\/01\/B2B_Case-Study-14_Roundshot_13.jpg?width=200&amp;height=300 200w, https:\/\/fujifilm-x.b-cdn.net\/wp-content\/uploads\/2026\/01\/B2B_Case-Study-14_Roundshot_13.jpg?width=365&amp;height=548 365w, https:\/\/fujifilm-x.b-cdn.net\/wp-content\/uploads\/2026\/01\/B2B_Case-Study-14_Roundshot_13.jpg?width=600&amp;height=900 600w, https:\/\/fujifilm-x.b-cdn.net\/wp-content\/uploads\/2026\/01\/B2B_Case-Study-14_Roundshot_13.jpg?width=390&amp;height=585 390w, https:\/\/fujifilm-x.b-cdn.net\/wp-content\/uploads\/2026\/01\/B2B_Case-Study-14_Roundshot_13.jpg?width=480&amp;height=720 480w\" sizes=\"auto, (max-width: 682px) 100vw, 682px\" data-recalc-dims=\"1\" \/><\/figure>\n<\/div>\n<\/div>\n\n\n\n<h3 class=\"wp-block-heading\">Urs Krebs \u2013 The All-Rounder<\/h3>\n\n\n\n<p>Urs is responsible for software, remote maintenance and connecting the cameras to the world. The challenge: a ROUNDSHOT livecam must function reliably \u2013 whether it is installed in Switzerland, North America or New Zealand.<\/p>\n\n\n\n<p>\u201cThe FUJIFILM SDK is a key component,\u201d he says. \u201cIt allows us to fully control the camera and operate it with long-term stability.\u201d<br>This is a clear advantage, especially for automated panorama recordings and integration into meteorological systems.<\/p>\n\n\n\n<div class=\"wp-block-columns has-spacing-none has-no-design is-layout-flex wp-container-core-columns-is-layout-9d6595d7 wp-block-columns-is-layout-flex\">\n<div class=\"wp-block-column is-layout-flow wp-block-column-is-layout-flow\">\n<figure class=\"wp-block-image size-large is-resized\"><img loading=\"lazy\" decoding=\"async\" width=\"682\" height=\"1024\" src=\"https:\/\/fujifilm-x.b-cdn.net\/wp-content\/uploads\/2026\/01\/B2B_Case-Study-14_Roundshot_14.jpg?width=682&#038;height=1024\" alt=\"\" class=\"wp-image-345918\" style=\"width:auto;height:350px\" srcset=\"https:\/\/fujifilm-x.b-cdn.net\/wp-content\/uploads\/2026\/01\/B2B_Case-Study-14_Roundshot_14.jpg?width=682&amp;height=1024 682w, https:\/\/fujifilm-x.b-cdn.net\/wp-content\/uploads\/2026\/01\/B2B_Case-Study-14_Roundshot_14.jpg?width=200&amp;height=300 200w, https:\/\/fujifilm-x.b-cdn.net\/wp-content\/uploads\/2026\/01\/B2B_Case-Study-14_Roundshot_14.jpg?width=365&amp;height=548 365w, https:\/\/fujifilm-x.b-cdn.net\/wp-content\/uploads\/2026\/01\/B2B_Case-Study-14_Roundshot_14.jpg?width=600&amp;height=900 600w, https:\/\/fujifilm-x.b-cdn.net\/wp-content\/uploads\/2026\/01\/B2B_Case-Study-14_Roundshot_14.jpg?width=390&amp;height=585 390w, https:\/\/fujifilm-x.b-cdn.net\/wp-content\/uploads\/2026\/01\/B2B_Case-Study-14_Roundshot_14.jpg?width=480&amp;height=720 480w\" sizes=\"auto, (max-width: 682px) 100vw, 682px\" data-recalc-dims=\"1\" \/><\/figure>\n<\/div>\n\n\n\n<div class=\"wp-block-column is-layout-flow wp-block-column-is-layout-flow\">\n<figure class=\"wp-block-image size-large is-resized\"><img loading=\"lazy\" decoding=\"async\" width=\"1024\" height=\"682\" src=\"https:\/\/fujifilm-x.b-cdn.net\/wp-content\/uploads\/2026\/01\/B2B_Case-Study-14_Roundshot_15.jpg?width=1024&#038;height=682\" alt=\"\" class=\"wp-image-345919\" style=\"width:auto;height:350px\" srcset=\"https:\/\/fujifilm-x.b-cdn.net\/wp-content\/uploads\/2026\/01\/B2B_Case-Study-14_Roundshot_15.jpg?width=1024&amp;height=682 1024w, https:\/\/fujifilm-x.b-cdn.net\/wp-content\/uploads\/2026\/01\/B2B_Case-Study-14_Roundshot_15.jpg?width=300&amp;height=200 300w, https:\/\/fujifilm-x.b-cdn.net\/wp-content\/uploads\/2026\/01\/B2B_Case-Study-14_Roundshot_15.jpg?width=768&amp;height=512 768w, https:\/\/fujifilm-x.b-cdn.net\/wp-content\/uploads\/2026\/01\/B2B_Case-Study-14_Roundshot_15.jpg?width=400&amp;height=267 400w, https:\/\/fujifilm-x.b-cdn.net\/wp-content\/uploads\/2026\/01\/B2B_Case-Study-14_Roundshot_15.jpg?width=365&amp;height=243 365w, https:\/\/fujifilm-x.b-cdn.net\/wp-content\/uploads\/2026\/01\/B2B_Case-Study-14_Roundshot_15.jpg?width=600&amp;height=400 600w, https:\/\/fujifilm-x.b-cdn.net\/wp-content\/uploads\/2026\/01\/B2B_Case-Study-14_Roundshot_15.jpg?width=717&amp;height=478 717w, https:\/\/fujifilm-x.b-cdn.net\/wp-content\/uploads\/2026\/01\/B2B_Case-Study-14_Roundshot_15.jpg?width=936&amp;height=624 936w\" sizes=\"auto, (max-width: 1000px) 100vw, 1000px\" data-recalc-dims=\"1\" \/><\/figure>\n<\/div>\n\n\n\n<div class=\"wp-block-column is-layout-flow wp-block-column-is-layout-flow\">\n<figure class=\"wp-block-image size-large is-resized\"><img loading=\"lazy\" decoding=\"async\" width=\"682\" height=\"1024\" src=\"https:\/\/fujifilm-x.b-cdn.net\/wp-content\/uploads\/2026\/01\/B2B_Case-Study-14_Roundshot_16.jpg?width=682&#038;height=1024\" alt=\"\" class=\"wp-image-345920\" style=\"width:auto;height:350px\" srcset=\"https:\/\/fujifilm-x.b-cdn.net\/wp-content\/uploads\/2026\/01\/B2B_Case-Study-14_Roundshot_16.jpg?width=682&amp;height=1024 682w, https:\/\/fujifilm-x.b-cdn.net\/wp-content\/uploads\/2026\/01\/B2B_Case-Study-14_Roundshot_16.jpg?width=200&amp;height=300 200w, https:\/\/fujifilm-x.b-cdn.net\/wp-content\/uploads\/2026\/01\/B2B_Case-Study-14_Roundshot_16.jpg?width=365&amp;height=548 365w, https:\/\/fujifilm-x.b-cdn.net\/wp-content\/uploads\/2026\/01\/B2B_Case-Study-14_Roundshot_16.jpg?width=600&amp;height=900 600w, https:\/\/fujifilm-x.b-cdn.net\/wp-content\/uploads\/2026\/01\/B2B_Case-Study-14_Roundshot_16.jpg?width=390&amp;height=585 390w, https:\/\/fujifilm-x.b-cdn.net\/wp-content\/uploads\/2026\/01\/B2B_Case-Study-14_Roundshot_16.jpg?width=480&amp;height=720 480w\" sizes=\"auto, (max-width: 682px) 100vw, 682px\" data-recalc-dims=\"1\" \/><\/figure>\n<\/div>\n<\/div>\n\n\n\n<h2 class=\"wp-block-heading\"><strong>What Sets ROUNDSHOT Apart from Conventional Webcams<\/strong><\/h2>\n\n\n\n<p>ROUNDSHOT deliberately operates in a segment that goes far beyond the capabilities of a conventional webcam. While standard webcams are typically designed for static surveillance or simple live image tasks, ROUNDSHOT targets customers who expect significantly more: high-resolution panoramas, long-term reliability and a system that operates around the clock in all weather conditions. With innovative camera technology, robust construction and well-thought-out software integration, ROUNDSHOT sets new standards in professional outdoor imaging.<\/p>\n\n\n\n<p>Many ROUNDSHOT customers come from tourism, mountain railways, weather services or international destinations. They are not looking for a simple camera. They require a system that performs under extreme conditions, delivers consistently high image quality and can be seamlessly integrated into existing hardware and software environments. This demand led directly to the need to use high-quality cameras and lenses that can guarantee this performance over the long term.<\/p>\n\n\n\n<h2 class=\"wp-block-heading\"><strong>Why FUJIFILM?<\/strong><\/h2>\n\n\n\n<p>The collaboration between ROUNDSHOT and FUJIFILM began in 2019. Initially, several brands were evaluated \u2013 with a focus on image quality, durability, compatibility and low-light performance. In the end, the decision was clear: FUJIFILM.<\/p>\n\n\n\n<h3 class=\"wp-block-heading\"><strong>Compact Design Thanks to the X-Trans Sensor<\/strong><\/h3>\n\n\n\n<p>The FUJIFILM X-Trans CMOS sensor delivers very high image quality while allowing for a compact lens design. For ROUNDSHOT, this meant smaller, more stable and longer-lasting camera systems for continuous outdoor use.<\/p>\n\n\n\n<div class=\"wp-block-columns has-spacing-none has-no-design is-layout-flex wp-container-core-columns-is-layout-9d6595d7 wp-block-columns-is-layout-flex\">\n<div class=\"wp-block-column is-layout-flow wp-block-column-is-layout-flow\">\n<figure class=\"wp-block-image size-large\"><img loading=\"lazy\" decoding=\"async\" width=\"1024\" height=\"682\" src=\"https:\/\/fujifilm-x.b-cdn.net\/wp-content\/uploads\/2026\/01\/B2B_Case-Study-14_Roundshot_17.jpg?width=1024&#038;height=682\" alt=\"\" class=\"wp-image-345921\" srcset=\"https:\/\/fujifilm-x.b-cdn.net\/wp-content\/uploads\/2026\/01\/B2B_Case-Study-14_Roundshot_17.jpg?width=1024&amp;height=682 1024w, https:\/\/fujifilm-x.b-cdn.net\/wp-content\/uploads\/2026\/01\/B2B_Case-Study-14_Roundshot_17.jpg?width=300&amp;height=200 300w, https:\/\/fujifilm-x.b-cdn.net\/wp-content\/uploads\/2026\/01\/B2B_Case-Study-14_Roundshot_17.jpg?width=768&amp;height=512 768w, https:\/\/fujifilm-x.b-cdn.net\/wp-content\/uploads\/2026\/01\/B2B_Case-Study-14_Roundshot_17.jpg?width=400&amp;height=267 400w, https:\/\/fujifilm-x.b-cdn.net\/wp-content\/uploads\/2026\/01\/B2B_Case-Study-14_Roundshot_17.jpg?width=365&amp;height=243 365w, https:\/\/fujifilm-x.b-cdn.net\/wp-content\/uploads\/2026\/01\/B2B_Case-Study-14_Roundshot_17.jpg?width=600&amp;height=400 600w, https:\/\/fujifilm-x.b-cdn.net\/wp-content\/uploads\/2026\/01\/B2B_Case-Study-14_Roundshot_17.jpg?width=717&amp;height=478 717w, https:\/\/fujifilm-x.b-cdn.net\/wp-content\/uploads\/2026\/01\/B2B_Case-Study-14_Roundshot_17.jpg?width=936&amp;height=624 936w\" sizes=\"auto, (max-width: 1000px) 100vw, 1000px\" data-recalc-dims=\"1\" \/><\/figure>\n<\/div>\n\n\n\n<div class=\"wp-block-column is-layout-flow wp-block-column-is-layout-flow\">\n<figure class=\"wp-block-image size-large\"><img loading=\"lazy\" decoding=\"async\" width=\"1024\" height=\"682\" src=\"https:\/\/fujifilm-x.b-cdn.net\/wp-content\/uploads\/2026\/01\/B2B_Case-Study-14_Roundshot_18.jpg?width=1024&#038;height=682\" alt=\"\" class=\"wp-image-345922\" srcset=\"https:\/\/fujifilm-x.b-cdn.net\/wp-content\/uploads\/2026\/01\/B2B_Case-Study-14_Roundshot_18.jpg?width=1024&amp;height=682 1024w, https:\/\/fujifilm-x.b-cdn.net\/wp-content\/uploads\/2026\/01\/B2B_Case-Study-14_Roundshot_18.jpg?width=300&amp;height=200 300w, https:\/\/fujifilm-x.b-cdn.net\/wp-content\/uploads\/2026\/01\/B2B_Case-Study-14_Roundshot_18.jpg?width=768&amp;height=512 768w, https:\/\/fujifilm-x.b-cdn.net\/wp-content\/uploads\/2026\/01\/B2B_Case-Study-14_Roundshot_18.jpg?width=400&amp;height=267 400w, https:\/\/fujifilm-x.b-cdn.net\/wp-content\/uploads\/2026\/01\/B2B_Case-Study-14_Roundshot_18.jpg?width=365&amp;height=243 365w, https:\/\/fujifilm-x.b-cdn.net\/wp-content\/uploads\/2026\/01\/B2B_Case-Study-14_Roundshot_18.jpg?width=600&amp;height=400 600w, https:\/\/fujifilm-x.b-cdn.net\/wp-content\/uploads\/2026\/01\/B2B_Case-Study-14_Roundshot_18.jpg?width=717&amp;height=478 717w, https:\/\/fujifilm-x.b-cdn.net\/wp-content\/uploads\/2026\/01\/B2B_Case-Study-14_Roundshot_18.jpg?width=936&amp;height=624 936w\" sizes=\"auto, (max-width: 1000px) 100vw, 1000px\" data-recalc-dims=\"1\" \/><\/figure>\n<\/div>\n<\/div>\n\n\n\n<p>&nbsp;The FUJIFILM X-T5 is used together with the XF10\u201324mm F4 R OIS WR for the <a href=\"https:\/\/www.roundshot.com\/en\/webcams.html\/12\" rel=\"nofollow noopener\" target=\"_blank\">ROUNDSHOT Livecam.<\/a><\/p>\n\n\n\n<h3 class=\"wp-block-heading\"><strong>Lenses That Maintain Focus While Zooming<\/strong><\/h3>\n\n\n\n<p>A distinctive feature of FUJIFILM lenses:<br>the lens remains perfectly stable while zooming \u2013 a prerequisite for a perfectly stitched panoramic image.<br><br>Mount S\u00e4ntis as a panoramic live image, accessible in the free ROUNDSHOT app &#8220;Livecam global&#8221;.<\/p>\n\n\n\n<iframe id=\"rs_cam_165\" src=\"https:\/\/saentis.roundshot.com\/\" style=\"width: 100%; height: 650px; border: none;\" webkitAllowFullScreen mozAllowFullScreen allowFullScreen><\/iframe>\n\n\n\n<h3 class=\"wp-block-heading\">Low-Light Performance That Convincingly Delivers<\/h3>\n\n\n\n<p>For ROUNDSHOT, night-time image quality was a key criterion. The FUJIFILM X-T series \u2013 especially the FUJIFILM X-T5 \u2013 delivers colour-stable, clear and low-noise images even in very low light conditions.<\/p>\n\n\n\n<h3 class=\"wp-block-heading\"><strong>Uncomplicated, Personal Support<\/strong><\/h3>\n\n\n\n<p>A decisive factor in the collaboration between ROUNDSHOT and FUJIFILM from the very beginning was open and direct communication. FUJIFILM made the required SDK readily available and supported the integration with technical assistance on software and firmware topics. Particularly valuable was the direct exchange between the teams in Switzerland and Japan, which made it possible to implement individual ROUNDSHOT requirements quickly and precisely. Since the 1960s, FUJIFILM has been represented in the Swiss market by the CHROMOS Group AG \u2013 this long-standing proximity further facilitates cooperation.<\/p>\n\n\n\n<p>This led to the development of customised firmware versions optimally tailored to the continuous operation of the ROUNDSHOT livecams. The collaboration was further strengthened through joint testing at FUJIFILM\u2019s European service centres in Bedford and Kleve. For ROUNDSHOT, this close cooperation was the key to developing a long-term, reliable B2B solution.<\/p>\n\n\n\n<h3 class=\"wp-block-heading\"><strong>From the FUJIFILM X-T3 to the X-T5: A Growing Partnership<\/strong><\/h3>\n\n\n\n<p>The technical collaboration between ROUNDSHOT and FUJIFILM evolved step by step. After initial tests and evaluations in 2019, the FUJIFILM X-T3 became the first camera system to be officially deployed in the livecams in 2020. In 2022, the next milestone followed: the introduction of the FUJIFILM X-T5, which today serves as the standard camera in the ROUNDSHOT Livecam.<\/p>\n\n\n\n<h3 class=\"wp-block-heading\"><strong>A Special Location: Mount S\u00e4ntis<\/strong><\/h3>\n\n\n\n<p>The installation on Mount S\u00e4ntis is an impressive example of how demanding yet valuable the deployment of a ROUNDSHOT livecam can be. For more than 150 years, the mountain station has served as a weather station \u2013 today complemented by high-resolution real-time images from the ROUNDSHOT livecam, which are also transmitted to MeteoSwiss.<\/p>\n\n\n\n<figure class=\"wp-block-image size-large\"><img loading=\"lazy\" decoding=\"async\" width=\"1024\" height=\"682\" src=\"https:\/\/fujifilm-x.b-cdn.net\/wp-content\/uploads\/2026\/01\/B2B_Case-Study-14_Roundshot_20.jpg?width=1024&#038;height=682\" alt=\"\" class=\"wp-image-345923\" srcset=\"https:\/\/fujifilm-x.b-cdn.net\/wp-content\/uploads\/2026\/01\/B2B_Case-Study-14_Roundshot_20.jpg?width=1024&amp;height=682 1024w, https:\/\/fujifilm-x.b-cdn.net\/wp-content\/uploads\/2026\/01\/B2B_Case-Study-14_Roundshot_20.jpg?width=300&amp;height=200 300w, https:\/\/fujifilm-x.b-cdn.net\/wp-content\/uploads\/2026\/01\/B2B_Case-Study-14_Roundshot_20.jpg?width=768&amp;height=512 768w, https:\/\/fujifilm-x.b-cdn.net\/wp-content\/uploads\/2026\/01\/B2B_Case-Study-14_Roundshot_20.jpg?width=400&amp;height=267 400w, https:\/\/fujifilm-x.b-cdn.net\/wp-content\/uploads\/2026\/01\/B2B_Case-Study-14_Roundshot_20.jpg?width=365&amp;height=243 365w, https:\/\/fujifilm-x.b-cdn.net\/wp-content\/uploads\/2026\/01\/B2B_Case-Study-14_Roundshot_20.jpg?width=600&amp;height=400 600w, https:\/\/fujifilm-x.b-cdn.net\/wp-content\/uploads\/2026\/01\/B2B_Case-Study-14_Roundshot_20.jpg?width=717&amp;height=478 717w, https:\/\/fujifilm-x.b-cdn.net\/wp-content\/uploads\/2026\/01\/B2B_Case-Study-14_Roundshot_20.jpg?width=936&amp;height=624 936w\" sizes=\"auto, (max-width: 1000px) 100vw, 1000px\" data-recalc-dims=\"1\" \/><figcaption class=\"wp-element-caption\">The \u00abWetterh\u00fcsli\u00bb on Mount S\u00e4ntis.<\/figcaption><\/figure>\n\n\n\n<p>For the S\u00e4ntis Cableway, the camera is a central tool for providing guests with up-to-date weather conditions, visibility information and operational updates. And for countless hikers, tourists, mountain enthusiasts, photographers and weather observers, the day often begins with a glance at this live image \u2013 a window into the impressive alpine world, used worldwide.<\/p>\n\n\n\n<h3 class=\"wp-block-heading\"><strong>More Than Technology: A Collaboration with Heart<\/strong><\/h3>\n\n\n\n<p>The connection between ROUNDSHOT and FUJIFILM goes far beyond shared technology. It is based on trust, openness and a willingness to listen to one another. Both companies share the conviction that reliable image quality and durable systems can only emerge when hardware and software work together perfectly \u2013 and when the people behind them are driven by passion.<\/p>\n\n\n\n<p>Looking ahead, further developments are already in sight: new camera generations, more precise lenses, software optimisations, global installations and specialised firmware adaptations for demanding locations. The collaboration is therefore not complete, but continues to evolve.<\/p>\n\n\n\n<h2 class=\"wp-block-heading\"><strong>Behind the Scenes<\/strong><\/h2>\n\n\n\n<p>Our thanks go to all individuals who made this project possible with their expertise and support. Special thanks go to Peter Seitz, Werner Seitz and Urs Krebs of ROUNDSHOT, as well as Michael Wehrli, Head of Technology and Infrastructure at S\u00e4ntis Cableway AG. We also thank the video production team of NEIGHBORHOOD PRODUCTION GmbH for the professional execution of the film production using the FUJIFILM X-H2S.<\/p>\n\n\n\n<p>The creation of this case study made it possible to precisely document the technology and interaction between ROUNDSHOT and FUJIFILM while also gaining valuable insights into the working processes behind the scenes \u2013 both at ROUNDSHOT in Lustdorf and at S\u00e4ntis Cableway AG on Mount S\u00e4ntis.<\/p>\n\n\n\n<p>The partnership between ROUNDSHOT and FUJIFILM demonstrates what becomes possible when technical expertise, reliability and a collaborative mindset come together. What began as an initial evaluation has developed into a long-standing partnership that is now visible at locations such as Mount S\u00e4ntis and many other sites around the world \u2013 connecting mountains, cities and countries to offer people new perspectives worldwide.<\/p>\n\n\n\n<div class=\"wp-block-columns has-spacing-none has-no-design is-layout-flex wp-container-core-columns-is-layout-9d6595d7 wp-block-columns-is-layout-flex\">\n<div class=\"wp-block-column is-layout-flow wp-block-column-is-layout-flow\">\n<figure class=\"wp-block-image size-large is-resized\"><img loading=\"lazy\" decoding=\"async\" width=\"1024\" height=\"682\" src=\"https:\/\/fujifilm-x.b-cdn.net\/wp-content\/uploads\/2026\/01\/B2B_Case-Study-14_Roundshot_21.jpg?width=1024&#038;height=682\" alt=\"\" class=\"wp-image-345924\" style=\"width:auto;height:350px\" srcset=\"https:\/\/fujifilm-x.b-cdn.net\/wp-content\/uploads\/2026\/01\/B2B_Case-Study-14_Roundshot_21.jpg?width=1024&amp;height=682 1024w, https:\/\/fujifilm-x.b-cdn.net\/wp-content\/uploads\/2026\/01\/B2B_Case-Study-14_Roundshot_21.jpg?width=300&amp;height=200 300w, https:\/\/fujifilm-x.b-cdn.net\/wp-content\/uploads\/2026\/01\/B2B_Case-Study-14_Roundshot_21.jpg?width=768&amp;height=512 768w, https:\/\/fujifilm-x.b-cdn.net\/wp-content\/uploads\/2026\/01\/B2B_Case-Study-14_Roundshot_21.jpg?width=400&amp;height=267 400w, https:\/\/fujifilm-x.b-cdn.net\/wp-content\/uploads\/2026\/01\/B2B_Case-Study-14_Roundshot_21.jpg?width=365&amp;height=243 365w, https:\/\/fujifilm-x.b-cdn.net\/wp-content\/uploads\/2026\/01\/B2B_Case-Study-14_Roundshot_21.jpg?width=600&amp;height=400 600w, https:\/\/fujifilm-x.b-cdn.net\/wp-content\/uploads\/2026\/01\/B2B_Case-Study-14_Roundshot_21.jpg?width=717&amp;height=478 717w, https:\/\/fujifilm-x.b-cdn.net\/wp-content\/uploads\/2026\/01\/B2B_Case-Study-14_Roundshot_21.jpg?width=936&amp;height=624 936w\" sizes=\"auto, (max-width: 1000px) 100vw, 1000px\" data-recalc-dims=\"1\" \/><\/figure>\n<\/div>\n\n\n\n<div class=\"wp-block-column is-layout-flow wp-block-column-is-layout-flow\">\n<figure class=\"wp-block-image size-large is-resized\"><img loading=\"lazy\" decoding=\"async\" width=\"1024\" height=\"682\" src=\"https:\/\/fujifilm-x.b-cdn.net\/wp-content\/uploads\/2026\/01\/B2B_Case-Study-14_Roundshot_22.jpg?width=1024&#038;height=682\" alt=\"\" class=\"wp-image-345925\" style=\"width:auto;height:350px\" srcset=\"https:\/\/fujifilm-x.b-cdn.net\/wp-content\/uploads\/2026\/01\/B2B_Case-Study-14_Roundshot_22.jpg?width=1024&amp;height=682 1024w, https:\/\/fujifilm-x.b-cdn.net\/wp-content\/uploads\/2026\/01\/B2B_Case-Study-14_Roundshot_22.jpg?width=300&amp;height=200 300w, https:\/\/fujifilm-x.b-cdn.net\/wp-content\/uploads\/2026\/01\/B2B_Case-Study-14_Roundshot_22.jpg?width=768&amp;height=512 768w, https:\/\/fujifilm-x.b-cdn.net\/wp-content\/uploads\/2026\/01\/B2B_Case-Study-14_Roundshot_22.jpg?width=400&amp;height=267 400w, https:\/\/fujifilm-x.b-cdn.net\/wp-content\/uploads\/2026\/01\/B2B_Case-Study-14_Roundshot_22.jpg?width=365&amp;height=243 365w, https:\/\/fujifilm-x.b-cdn.net\/wp-content\/uploads\/2026\/01\/B2B_Case-Study-14_Roundshot_22.jpg?width=600&amp;height=400 600w, https:\/\/fujifilm-x.b-cdn.net\/wp-content\/uploads\/2026\/01\/B2B_Case-Study-14_Roundshot_22.jpg?width=717&amp;height=478 717w, https:\/\/fujifilm-x.b-cdn.net\/wp-content\/uploads\/2026\/01\/B2B_Case-Study-14_Roundshot_22.jpg?width=936&amp;height=624 936w\" sizes=\"auto, (max-width: 1000px) 100vw, 1000px\" data-recalc-dims=\"1\" \/><\/figure>\n<\/div>\n\n\n\n<div class=\"wp-block-column is-layout-flow wp-block-column-is-layout-flow\">\n<figure class=\"wp-block-image size-large is-resized\"><img loading=\"lazy\" decoding=\"async\" width=\"682\" height=\"1024\" src=\"https:\/\/fujifilm-x.b-cdn.net\/wp-content\/uploads\/2026\/01\/B2B_Case-Study-14_Roundshot_23.jpg?width=682&#038;height=1024\" alt=\"\" class=\"wp-image-345926\" style=\"width:auto;height:350px\" srcset=\"https:\/\/fujifilm-x.b-cdn.net\/wp-content\/uploads\/2026\/01\/B2B_Case-Study-14_Roundshot_23.jpg?width=682&amp;height=1024 682w, https:\/\/fujifilm-x.b-cdn.net\/wp-content\/uploads\/2026\/01\/B2B_Case-Study-14_Roundshot_23.jpg?width=200&amp;height=300 200w, https:\/\/fujifilm-x.b-cdn.net\/wp-content\/uploads\/2026\/01\/B2B_Case-Study-14_Roundshot_23.jpg?width=365&amp;height=548 365w, https:\/\/fujifilm-x.b-cdn.net\/wp-content\/uploads\/2026\/01\/B2B_Case-Study-14_Roundshot_23.jpg?width=600&amp;height=900 600w, https:\/\/fujifilm-x.b-cdn.net\/wp-content\/uploads\/2026\/01\/B2B_Case-Study-14_Roundshot_23.jpg?width=390&amp;height=585 390w, https:\/\/fujifilm-x.b-cdn.net\/wp-content\/uploads\/2026\/01\/B2B_Case-Study-14_Roundshot_23.jpg?width=480&amp;height=720 480w\" sizes=\"auto, (max-width: 682px) 100vw, 682px\" data-recalc-dims=\"1\" \/><\/figure>\n<\/div>\n<\/div>\n\n\n\n<div class=\"wp-block-columns has-spacing-none has-no-design is-layout-flex wp-container-core-columns-is-layout-9d6595d7 wp-block-columns-is-layout-flex\">\n<div class=\"wp-block-column is-layout-flow wp-block-column-is-layout-flow\">\n<figure class=\"wp-block-image size-large is-resized\"><img loading=\"lazy\" decoding=\"async\" width=\"682\" height=\"1024\" src=\"https:\/\/fujifilm-x.b-cdn.net\/wp-content\/uploads\/2026\/01\/B2B_Case-Study-14_Roundshot_24.jpg?width=682&#038;height=1024\" alt=\"\" class=\"wp-image-345927\" style=\"width:auto;height:350px\" srcset=\"https:\/\/fujifilm-x.b-cdn.net\/wp-content\/uploads\/2026\/01\/B2B_Case-Study-14_Roundshot_24.jpg?width=682&amp;height=1024 682w, https:\/\/fujifilm-x.b-cdn.net\/wp-content\/uploads\/2026\/01\/B2B_Case-Study-14_Roundshot_24.jpg?width=200&amp;height=300 200w, https:\/\/fujifilm-x.b-cdn.net\/wp-content\/uploads\/2026\/01\/B2B_Case-Study-14_Roundshot_24.jpg?width=365&amp;height=548 365w, https:\/\/fujifilm-x.b-cdn.net\/wp-content\/uploads\/2026\/01\/B2B_Case-Study-14_Roundshot_24.jpg?width=600&amp;height=900 600w, https:\/\/fujifilm-x.b-cdn.net\/wp-content\/uploads\/2026\/01\/B2B_Case-Study-14_Roundshot_24.jpg?width=390&amp;height=585 390w, https:\/\/fujifilm-x.b-cdn.net\/wp-content\/uploads\/2026\/01\/B2B_Case-Study-14_Roundshot_24.jpg?width=480&amp;height=720 480w\" sizes=\"auto, (max-width: 682px) 100vw, 682px\" data-recalc-dims=\"1\" \/><\/figure>\n<\/div>\n\n\n\n<div class=\"wp-block-column is-layout-flow wp-block-column-is-layout-flow\">\n<figure class=\"wp-block-image size-large is-resized\"><img loading=\"lazy\" decoding=\"async\" width=\"682\" height=\"1024\" src=\"https:\/\/fujifilm-x.b-cdn.net\/wp-content\/uploads\/2026\/01\/B2B_Case-Study-14_Roundshot_25.jpg?width=682&#038;height=1024\" alt=\"\" class=\"wp-image-345928\" style=\"width:auto;height:350px\" srcset=\"https:\/\/fujifilm-x.b-cdn.net\/wp-content\/uploads\/2026\/01\/B2B_Case-Study-14_Roundshot_25.jpg?width=682&amp;height=1024 682w, https:\/\/fujifilm-x.b-cdn.net\/wp-content\/uploads\/2026\/01\/B2B_Case-Study-14_Roundshot_25.jpg?width=200&amp;height=300 200w, https:\/\/fujifilm-x.b-cdn.net\/wp-content\/uploads\/2026\/01\/B2B_Case-Study-14_Roundshot_25.jpg?width=365&amp;height=548 365w, https:\/\/fujifilm-x.b-cdn.net\/wp-content\/uploads\/2026\/01\/B2B_Case-Study-14_Roundshot_25.jpg?width=600&amp;height=900 600w, https:\/\/fujifilm-x.b-cdn.net\/wp-content\/uploads\/2026\/01\/B2B_Case-Study-14_Roundshot_25.jpg?width=390&amp;height=585 390w, https:\/\/fujifilm-x.b-cdn.net\/wp-content\/uploads\/2026\/01\/B2B_Case-Study-14_Roundshot_25.jpg?width=480&amp;height=720 480w\" sizes=\"auto, (max-width: 682px) 100vw, 682px\" data-recalc-dims=\"1\" \/><\/figure>\n<\/div>\n\n\n\n<div class=\"wp-block-column is-layout-flow wp-block-column-is-layout-flow\">\n<figure class=\"wp-block-image size-large is-resized\"><img loading=\"lazy\" decoding=\"async\" width=\"1024\" height=\"682\" src=\"https:\/\/fujifilm-x.b-cdn.net\/wp-content\/uploads\/2026\/01\/B2B_Case-Study-14_Roundshot_26.jpg?width=1024&#038;height=682\" alt=\"\" class=\"wp-image-345929\" style=\"width:auto;height:350px\" srcset=\"https:\/\/fujifilm-x.b-cdn.net\/wp-content\/uploads\/2026\/01\/B2B_Case-Study-14_Roundshot_26.jpg?width=1024&amp;height=682 1024w, https:\/\/fujifilm-x.b-cdn.net\/wp-content\/uploads\/2026\/01\/B2B_Case-Study-14_Roundshot_26.jpg?width=300&amp;height=200 300w, https:\/\/fujifilm-x.b-cdn.net\/wp-content\/uploads\/2026\/01\/B2B_Case-Study-14_Roundshot_26.jpg?width=768&amp;height=512 768w, https:\/\/fujifilm-x.b-cdn.net\/wp-content\/uploads\/2026\/01\/B2B_Case-Study-14_Roundshot_26.jpg?width=400&amp;height=267 400w, https:\/\/fujifilm-x.b-cdn.net\/wp-content\/uploads\/2026\/01\/B2B_Case-Study-14_Roundshot_26.jpg?width=365&amp;height=243 365w, https:\/\/fujifilm-x.b-cdn.net\/wp-content\/uploads\/2026\/01\/B2B_Case-Study-14_Roundshot_26.jpg?width=600&amp;height=400 600w, https:\/\/fujifilm-x.b-cdn.net\/wp-content\/uploads\/2026\/01\/B2B_Case-Study-14_Roundshot_26.jpg?width=717&amp;height=478 717w, https:\/\/fujifilm-x.b-cdn.net\/wp-content\/uploads\/2026\/01\/B2B_Case-Study-14_Roundshot_26.jpg?width=936&amp;height=624 936w\" sizes=\"auto, (max-width: 1000px) 100vw, 1000px\" data-recalc-dims=\"1\" \/><\/figure>\n<\/div>\n<\/div>\n\n\n\n<div class=\"wp-block-columns has-spacing-none has-no-design is-layout-flex wp-container-core-columns-is-layout-9d6595d7 wp-block-columns-is-layout-flex\">\n<div class=\"wp-block-column is-layout-flow wp-block-column-is-layout-flow\">\n<figure class=\"wp-block-image size-large\"><img loading=\"lazy\" decoding=\"async\" width=\"1024\" height=\"682\" src=\"https:\/\/fujifilm-x.b-cdn.net\/wp-content\/uploads\/2026\/01\/B2B_Case-Study-14_Roundshot_27.jpg?width=1024&#038;height=682\" alt=\"\" class=\"wp-image-345930\" srcset=\"https:\/\/fujifilm-x.b-cdn.net\/wp-content\/uploads\/2026\/01\/B2B_Case-Study-14_Roundshot_27.jpg?width=1024&amp;height=682 1024w, https:\/\/fujifilm-x.b-cdn.net\/wp-content\/uploads\/2026\/01\/B2B_Case-Study-14_Roundshot_27.jpg?width=300&amp;height=200 300w, https:\/\/fujifilm-x.b-cdn.net\/wp-content\/uploads\/2026\/01\/B2B_Case-Study-14_Roundshot_27.jpg?width=768&amp;height=512 768w, https:\/\/fujifilm-x.b-cdn.net\/wp-content\/uploads\/2026\/01\/B2B_Case-Study-14_Roundshot_27.jpg?width=400&amp;height=267 400w, https:\/\/fujifilm-x.b-cdn.net\/wp-content\/uploads\/2026\/01\/B2B_Case-Study-14_Roundshot_27.jpg?width=365&amp;height=243 365w, https:\/\/fujifilm-x.b-cdn.net\/wp-content\/uploads\/2026\/01\/B2B_Case-Study-14_Roundshot_27.jpg?width=600&amp;height=400 600w, https:\/\/fujifilm-x.b-cdn.net\/wp-content\/uploads\/2026\/01\/B2B_Case-Study-14_Roundshot_27.jpg?width=717&amp;height=478 717w, https:\/\/fujifilm-x.b-cdn.net\/wp-content\/uploads\/2026\/01\/B2B_Case-Study-14_Roundshot_27.jpg?width=936&amp;height=624 936w\" sizes=\"auto, (max-width: 1000px) 100vw, 1000px\" data-recalc-dims=\"1\" \/><\/figure>\n<\/div>\n\n\n\n<div class=\"wp-block-column is-layout-flow wp-block-column-is-layout-flow\">\n<figure class=\"wp-block-image size-large\"><img loading=\"lazy\" decoding=\"async\" width=\"1024\" height=\"682\" src=\"https:\/\/fujifilm-x.b-cdn.net\/wp-content\/uploads\/2026\/01\/B2B_Case-Study-14_Roundshot_28.jpg?width=1024&#038;height=682\" alt=\"\" class=\"wp-image-345931\" srcset=\"https:\/\/fujifilm-x.b-cdn.net\/wp-content\/uploads\/2026\/01\/B2B_Case-Study-14_Roundshot_28.jpg?width=1024&amp;height=682 1024w, https:\/\/fujifilm-x.b-cdn.net\/wp-content\/uploads\/2026\/01\/B2B_Case-Study-14_Roundshot_28.jpg?width=300&amp;height=200 300w, https:\/\/fujifilm-x.b-cdn.net\/wp-content\/uploads\/2026\/01\/B2B_Case-Study-14_Roundshot_28.jpg?width=768&amp;height=512 768w, https:\/\/fujifilm-x.b-cdn.net\/wp-content\/uploads\/2026\/01\/B2B_Case-Study-14_Roundshot_28.jpg?width=400&amp;height=267 400w, https:\/\/fujifilm-x.b-cdn.net\/wp-content\/uploads\/2026\/01\/B2B_Case-Study-14_Roundshot_28.jpg?width=365&amp;height=243 365w, https:\/\/fujifilm-x.b-cdn.net\/wp-content\/uploads\/2026\/01\/B2B_Case-Study-14_Roundshot_28.jpg?width=600&amp;height=400 600w, https:\/\/fujifilm-x.b-cdn.net\/wp-content\/uploads\/2026\/01\/B2B_Case-Study-14_Roundshot_28.jpg?width=717&amp;height=478 717w, https:\/\/fujifilm-x.b-cdn.net\/wp-content\/uploads\/2026\/01\/B2B_Case-Study-14_Roundshot_28.jpg?width=936&amp;height=624 936w\" sizes=\"auto, (max-width: 1000px) 100vw, 1000px\" data-recalc-dims=\"1\" \/><\/figure>\n<\/div>\n<\/div>\n\n\n\n<div class=\"wp-block-columns has-spacing-none has-no-design is-layout-flex wp-container-core-columns-is-layout-9d6595d7 wp-block-columns-is-layout-flex\">\n<div class=\"wp-block-column is-layout-flow wp-block-column-is-layout-flow\">\n<figure class=\"wp-block-image size-large is-resized\"><img loading=\"lazy\" decoding=\"async\" width=\"1024\" height=\"682\" src=\"https:\/\/fujifilm-x.b-cdn.net\/wp-content\/uploads\/2026\/01\/B2B_Case-Study-14_Roundshot_29.jpg?width=1024&#038;height=682\" alt=\"\" class=\"wp-image-345932\" style=\"width:auto;height:350px\" srcset=\"https:\/\/fujifilm-x.b-cdn.net\/wp-content\/uploads\/2026\/01\/B2B_Case-Study-14_Roundshot_29.jpg?width=1024&amp;height=682 1024w, https:\/\/fujifilm-x.b-cdn.net\/wp-content\/uploads\/2026\/01\/B2B_Case-Study-14_Roundshot_29.jpg?width=300&amp;height=200 300w, https:\/\/fujifilm-x.b-cdn.net\/wp-content\/uploads\/2026\/01\/B2B_Case-Study-14_Roundshot_29.jpg?width=768&amp;height=512 768w, https:\/\/fujifilm-x.b-cdn.net\/wp-content\/uploads\/2026\/01\/B2B_Case-Study-14_Roundshot_29.jpg?width=400&amp;height=267 400w, https:\/\/fujifilm-x.b-cdn.net\/wp-content\/uploads\/2026\/01\/B2B_Case-Study-14_Roundshot_29.jpg?width=365&amp;height=243 365w, https:\/\/fujifilm-x.b-cdn.net\/wp-content\/uploads\/2026\/01\/B2B_Case-Study-14_Roundshot_29.jpg?width=600&amp;height=400 600w, https:\/\/fujifilm-x.b-cdn.net\/wp-content\/uploads\/2026\/01\/B2B_Case-Study-14_Roundshot_29.jpg?width=717&amp;height=478 717w, https:\/\/fujifilm-x.b-cdn.net\/wp-content\/uploads\/2026\/01\/B2B_Case-Study-14_Roundshot_29.jpg?width=936&amp;height=624 936w\" sizes=\"auto, (max-width: 1000px) 100vw, 1000px\" data-recalc-dims=\"1\" \/><\/figure>\n<\/div>\n\n\n\n<div class=\"wp-block-column is-layout-flow wp-block-column-is-layout-flow\">\n<figure class=\"wp-block-image size-large is-resized\"><img loading=\"lazy\" decoding=\"async\" width=\"683\" height=\"1024\" src=\"https:\/\/fujifilm-x.b-cdn.net\/wp-content\/uploads\/2026\/01\/B2B_Case-Study-14_Roundshot_30.jpg?width=683&#038;height=1024\" alt=\"\" class=\"wp-image-345933\" style=\"width:auto;height:350px\" srcset=\"https:\/\/fujifilm-x.b-cdn.net\/wp-content\/uploads\/2026\/01\/B2B_Case-Study-14_Roundshot_30.jpg?width=683&amp;height=1024 683w, https:\/\/fujifilm-x.b-cdn.net\/wp-content\/uploads\/2026\/01\/B2B_Case-Study-14_Roundshot_30.jpg?width=200&amp;height=300 200w, https:\/\/fujifilm-x.b-cdn.net\/wp-content\/uploads\/2026\/01\/B2B_Case-Study-14_Roundshot_30.jpg?width=365&amp;height=547 365w, https:\/\/fujifilm-x.b-cdn.net\/wp-content\/uploads\/2026\/01\/B2B_Case-Study-14_Roundshot_30.jpg?width=600&amp;height=900 600w, https:\/\/fujifilm-x.b-cdn.net\/wp-content\/uploads\/2026\/01\/B2B_Case-Study-14_Roundshot_30.jpg?width=390&amp;height=585 390w, https:\/\/fujifilm-x.b-cdn.net\/wp-content\/uploads\/2026\/01\/B2B_Case-Study-14_Roundshot_30.jpg?width=480&amp;height=720 480w\" sizes=\"auto, (max-width: 683px) 100vw, 683px\" data-recalc-dims=\"1\" \/><\/figure>\n<\/div>\n\n\n\n<div class=\"wp-block-column is-layout-flow wp-block-column-is-layout-flow\">\n<figure class=\"wp-block-image size-large is-resized\"><img loading=\"lazy\" decoding=\"async\" width=\"682\" height=\"1024\" src=\"https:\/\/fujifilm-x.b-cdn.net\/wp-content\/uploads\/2026\/01\/B2B_Case-Study-14_Roundshot_31.jpg?width=682&#038;height=1024\" alt=\"\" class=\"wp-image-345934\" style=\"width:auto;height:350px\" srcset=\"https:\/\/fujifilm-x.b-cdn.net\/wp-content\/uploads\/2026\/01\/B2B_Case-Study-14_Roundshot_31.jpg?width=682&amp;height=1024 682w, https:\/\/fujifilm-x.b-cdn.net\/wp-content\/uploads\/2026\/01\/B2B_Case-Study-14_Roundshot_31.jpg?width=200&amp;height=300 200w, https:\/\/fujifilm-x.b-cdn.net\/wp-content\/uploads\/2026\/01\/B2B_Case-Study-14_Roundshot_31.jpg?width=365&amp;height=548 365w, https:\/\/fujifilm-x.b-cdn.net\/wp-content\/uploads\/2026\/01\/B2B_Case-Study-14_Roundshot_31.jpg?width=600&amp;height=900 600w, https:\/\/fujifilm-x.b-cdn.net\/wp-content\/uploads\/2026\/01\/B2B_Case-Study-14_Roundshot_31.jpg?width=390&amp;height=585 390w, https:\/\/fujifilm-x.b-cdn.net\/wp-content\/uploads\/2026\/01\/B2B_Case-Study-14_Roundshot_31.jpg?width=480&amp;height=720 480w\" sizes=\"auto, (max-width: 682px) 100vw, 682px\" data-recalc-dims=\"1\" \/><\/figure>\n<\/div>\n<\/div>\n\n\n\n<div class=\"wp-block-columns has-spacing-none has-no-design is-layout-flex wp-container-core-columns-is-layout-9d6595d7 wp-block-columns-is-layout-flex\">\n<div class=\"wp-block-column is-layout-flow wp-block-column-is-layout-flow\">\n<figure class=\"wp-block-image size-large\"><img loading=\"lazy\" decoding=\"async\" width=\"1024\" height=\"682\" src=\"https:\/\/fujifilm-x.b-cdn.net\/wp-content\/uploads\/2026\/01\/B2B_Case-Study-14_Roundshot_32.jpg?width=1024&#038;height=682\" alt=\"\" class=\"wp-image-345935\" srcset=\"https:\/\/fujifilm-x.b-cdn.net\/wp-content\/uploads\/2026\/01\/B2B_Case-Study-14_Roundshot_32.jpg?width=1024&amp;height=682 1024w, https:\/\/fujifilm-x.b-cdn.net\/wp-content\/uploads\/2026\/01\/B2B_Case-Study-14_Roundshot_32.jpg?width=300&amp;height=200 300w, https:\/\/fujifilm-x.b-cdn.net\/wp-content\/uploads\/2026\/01\/B2B_Case-Study-14_Roundshot_32.jpg?width=768&amp;height=512 768w, https:\/\/fujifilm-x.b-cdn.net\/wp-content\/uploads\/2026\/01\/B2B_Case-Study-14_Roundshot_32.jpg?width=400&amp;height=267 400w, https:\/\/fujifilm-x.b-cdn.net\/wp-content\/uploads\/2026\/01\/B2B_Case-Study-14_Roundshot_32.jpg?width=365&amp;height=243 365w, https:\/\/fujifilm-x.b-cdn.net\/wp-content\/uploads\/2026\/01\/B2B_Case-Study-14_Roundshot_32.jpg?width=600&amp;height=400 600w, https:\/\/fujifilm-x.b-cdn.net\/wp-content\/uploads\/2026\/01\/B2B_Case-Study-14_Roundshot_32.jpg?width=717&amp;height=478 717w, https:\/\/fujifilm-x.b-cdn.net\/wp-content\/uploads\/2026\/01\/B2B_Case-Study-14_Roundshot_32.jpg?width=936&amp;height=624 936w\" sizes=\"auto, (max-width: 1000px) 100vw, 1000px\" data-recalc-dims=\"1\" \/><\/figure>\n<\/div>\n\n\n\n<div class=\"wp-block-column is-layout-flow wp-block-column-is-layout-flow\">\n<figure class=\"wp-block-image size-large\"><img loading=\"lazy\" decoding=\"async\" width=\"1024\" height=\"682\" src=\"https:\/\/fujifilm-x.b-cdn.net\/wp-content\/uploads\/2026\/01\/B2B_Case-Study-14_Roundshot_33.jpg?width=1024&#038;height=682\" alt=\"\" class=\"wp-image-345936\" srcset=\"https:\/\/fujifilm-x.b-cdn.net\/wp-content\/uploads\/2026\/01\/B2B_Case-Study-14_Roundshot_33.jpg?width=1024&amp;height=682 1024w, https:\/\/fujifilm-x.b-cdn.net\/wp-content\/uploads\/2026\/01\/B2B_Case-Study-14_Roundshot_33.jpg?width=300&amp;height=200 300w, https:\/\/fujifilm-x.b-cdn.net\/wp-content\/uploads\/2026\/01\/B2B_Case-Study-14_Roundshot_33.jpg?width=768&amp;height=512 768w, https:\/\/fujifilm-x.b-cdn.net\/wp-content\/uploads\/2026\/01\/B2B_Case-Study-14_Roundshot_33.jpg?width=400&amp;height=267 400w, https:\/\/fujifilm-x.b-cdn.net\/wp-content\/uploads\/2026\/01\/B2B_Case-Study-14_Roundshot_33.jpg?width=365&amp;height=243 365w, https:\/\/fujifilm-x.b-cdn.net\/wp-content\/uploads\/2026\/01\/B2B_Case-Study-14_Roundshot_33.jpg?width=600&amp;height=400 600w, https:\/\/fujifilm-x.b-cdn.net\/wp-content\/uploads\/2026\/01\/B2B_Case-Study-14_Roundshot_33.jpg?width=717&amp;height=478 717w, https:\/\/fujifilm-x.b-cdn.net\/wp-content\/uploads\/2026\/01\/B2B_Case-Study-14_Roundshot_33.jpg?width=936&amp;height=624 936w\" sizes=\"auto, (max-width: 1000px) 100vw, 1000px\" data-recalc-dims=\"1\" \/><\/figure>\n<\/div>\n<\/div>\n\n\n\n<p>All images were captured by <a href=\"https:\/\/linktr.ee\/fujifilm_ch\" data-type=\"link\" data-id=\"https:\/\/linktr.ee\/fujifilm_ch\" rel=\"nofollow noopener\" target=\"_blank\">FUJIFILM Switzerland<\/a> (CHROMOS Group AG) using the FUJIFILM X-T5 in combination with the XF16\u201355mm F2.8 R LM WR II.<\/p>\n","protected":false},"excerpt":{"rendered":"<p>There are places where technology reaches its limits \u2013 and others where it shows what it is truly capable of. Mount S\u00e4ntis undoubtedly belongs to the latter. At an altitude of 2,502 metres, where wind, ice, UV radiation and extreme temperature fluctuations are part of everyday life in the Alpstein region of Eastern Switzerland, a [&hellip;]<\/p>\n","protected":false},"author":135,"featured_media":345915,"template":"","category":[2084,1006,13907,1202,1055,3211,320,3162,1986,565,7180,9140,3358],"post_tag":[],"class_list":["post-345905","story","type-story","status-publish","has-post-thumbnail","hentry","category-be-inspired","category-cameras","category-case-studies","category-category","category-lenses","category-x-series-mirrorless","category-products","category-x-mount","category-x-series","category-stories","category-x-t5","category-xf10-24mmf4-r-ois-wr","category-zoom"],"pp_statuses_selecting_workflow":false,"pp_workflow_action":"current","pp_status_selection":"publish","acf":[],"publishpress_future_action":{"enabled":false,"date":"2026-05-10 12:13:16","action":"change-status","newStatus":"draft","terms":[],"taxonomy":"category","extraData":[]},"publishpress_future_workflow_manual_trigger":{"enabledWorkflows":[]},"_links":{"self":[{"href":"https:\/\/www.fujifilm-x.com\/pl-pl\/wp-json\/wp\/v2\/story\/345905","targetHints":{"allow":["GET"]}}],"collection":[{"href":"https:\/\/www.fujifilm-x.com\/pl-pl\/wp-json\/wp\/v2\/story"}],"about":[{"href":"https:\/\/www.fujifilm-x.com\/pl-pl\/wp-json\/wp\/v2\/types\/story"}],"author":[{"embeddable":true,"href":"https:\/\/www.fujifilm-x.com\/pl-pl\/wp-json\/wp\/v2\/users\/135"}],"wp:featuredmedia":[{"embeddable":true,"href":"https:\/\/www.fujifilm-x.com\/pl-pl\/wp-json\/wp\/v2\/media\/345915"}],"wp:attachment":[{"href":"https:\/\/www.fujifilm-x.com\/pl-pl\/wp-json\/wp\/v2\/media?parent=345905"}],"wp:term":[{"taxonomy":"category","embeddable":true,"href":"https:\/\/www.fujifilm-x.com\/pl-pl\/wp-json\/wp\/v2\/category?post=345905"},{"taxonomy":"post_tag","embeddable":true,"href":"https:\/\/www.fujifilm-x.com\/pl-pl\/wp-json\/wp\/v2\/post_tag?post=345905"}],"curies":[{"name":"wp","href":"https:\/\/api.w.org\/{rel}","templated":true}]}},{"id":353521,"date":"2026-04-03T05:00:00","date_gmt":"2026-04-03T05:00:00","guid":{"rendered":"https:\/\/www.fujifilm-x.com\/?post_type=story&#038;p=353521"},"modified":"2026-04-10T06:58:40","modified_gmt":"2026-04-10T06:58:40","slug":"velvia-fs-recipe-x-rodrigo-roher","status":"publish","type":"story","link":"https:\/\/www.fujifilm-x.com\/pl-pl\/stories\/velvia-fs-recipe-x-rodrigo-roher\/","title":{"rendered":"Velvia FS RECIPE x Rodrigo Roher"},"content":{"rendered":"\n<p>I went to the desert with a foolish idea\u2015to look for a ghost. One that smells of celluloid, gunpowder, and frozen time.<br>Since I was a child, Sergio Leone\u2019s cinema taught me how to look. His wide shots, his tense silences, his characters made of dust and scars. Especially \u201cThe Good, the Bad and the Ugly\u201d, with its stylized violence, its dry humor\u2014almost castellano, like myself\u2014and that final duel as a liturgy of the frame.<br>I returned to the place where that film\u2014and many others\u2014were shot : Tabernas, Almer\u00eda. To see if anything still lingered. Even just the echo. In the middle of July, in the desert, with no concessions. I brought only the new FUJIFILM X-E5 and the FUJINON XF23mmF2.8 R WR. A light, discreet, straightforward combo\u2014like a well-oiled Colt Peacemaker.<\/p>\n\n\n\n<figure class=\"wp-block-image size-large\"><img loading=\"lazy\" decoding=\"async\" width=\"1024\" height=\"682\" src=\"https:\/\/fujifilm-x.b-cdn.net\/wp-content\/uploads\/2026\/03\/ES_Rodrigo-Rocher_Velvia_02.jpg?width=1024&#038;height=682\" alt=\"\" class=\"wp-image-353522\" srcset=\"https:\/\/fujifilm-x.b-cdn.net\/wp-content\/uploads\/2026\/03\/ES_Rodrigo-Rocher_Velvia_02.jpg?width=1024&amp;height=682 1024w, https:\/\/fujifilm-x.b-cdn.net\/wp-content\/uploads\/2026\/03\/ES_Rodrigo-Rocher_Velvia_02.jpg?width=300&amp;height=200 300w, https:\/\/fujifilm-x.b-cdn.net\/wp-content\/uploads\/2026\/03\/ES_Rodrigo-Rocher_Velvia_02.jpg?width=768&amp;height=512 768w, https:\/\/fujifilm-x.b-cdn.net\/wp-content\/uploads\/2026\/03\/ES_Rodrigo-Rocher_Velvia_02.jpg?width=400&amp;height=267 400w, https:\/\/fujifilm-x.b-cdn.net\/wp-content\/uploads\/2026\/03\/ES_Rodrigo-Rocher_Velvia_02.jpg?width=365&amp;height=243 365w, https:\/\/fujifilm-x.b-cdn.net\/wp-content\/uploads\/2026\/03\/ES_Rodrigo-Rocher_Velvia_02.jpg?width=600&amp;height=400 600w, https:\/\/fujifilm-x.b-cdn.net\/wp-content\/uploads\/2026\/03\/ES_Rodrigo-Rocher_Velvia_02.jpg?width=717&amp;height=478 717w, https:\/\/fujifilm-x.b-cdn.net\/wp-content\/uploads\/2026\/03\/ES_Rodrigo-Rocher_Velvia_02.jpg?width=936&amp;height=624 936w\" sizes=\"auto, (max-width: 1000px) 100vw, 1000px\" data-recalc-dims=\"1\" \/><\/figure>\n\n\n\n<figure class=\"wp-block-image size-large\"><img loading=\"lazy\" decoding=\"async\" width=\"1024\" height=\"682\" src=\"https:\/\/fujifilm-x.b-cdn.net\/wp-content\/uploads\/2026\/03\/ES_Rodrigo-Rocher_Velvia_03.jpg?width=1024&#038;height=682\" alt=\"\" class=\"wp-image-353523\" srcset=\"https:\/\/fujifilm-x.b-cdn.net\/wp-content\/uploads\/2026\/03\/ES_Rodrigo-Rocher_Velvia_03.jpg?width=1024&amp;height=682 1024w, https:\/\/fujifilm-x.b-cdn.net\/wp-content\/uploads\/2026\/03\/ES_Rodrigo-Rocher_Velvia_03.jpg?width=300&amp;height=200 300w, https:\/\/fujifilm-x.b-cdn.net\/wp-content\/uploads\/2026\/03\/ES_Rodrigo-Rocher_Velvia_03.jpg?width=768&amp;height=512 768w, https:\/\/fujifilm-x.b-cdn.net\/wp-content\/uploads\/2026\/03\/ES_Rodrigo-Rocher_Velvia_03.jpg?width=400&amp;height=267 400w, https:\/\/fujifilm-x.b-cdn.net\/wp-content\/uploads\/2026\/03\/ES_Rodrigo-Rocher_Velvia_03.jpg?width=365&amp;height=243 365w, https:\/\/fujifilm-x.b-cdn.net\/wp-content\/uploads\/2026\/03\/ES_Rodrigo-Rocher_Velvia_03.jpg?width=600&amp;height=400 600w, https:\/\/fujifilm-x.b-cdn.net\/wp-content\/uploads\/2026\/03\/ES_Rodrigo-Rocher_Velvia_03.jpg?width=717&amp;height=478 717w, https:\/\/fujifilm-x.b-cdn.net\/wp-content\/uploads\/2026\/03\/ES_Rodrigo-Rocher_Velvia_03.jpg?width=936&amp;height=624 936w\" sizes=\"auto, (max-width: 1000px) 100vw, 1000px\" data-recalc-dims=\"1\" \/><\/figure>\n\n\n\n<p>The entire work is done SOOC (straight out of the camera), with no editing or cropping afterwards\u2014almost as an act of rebellion: a defense of mistakes, poorly measured color, and crooked framing. A way of reclaiming the human in a world of artificial intelligence that smooths and perfects everything. Because beauty also lies in what doesn\u2019t quite fit.<\/p>\n\n\n\n<figure class=\"wp-block-image size-large\"><img loading=\"lazy\" decoding=\"async\" width=\"1024\" height=\"682\" src=\"https:\/\/fujifilm-x.b-cdn.net\/wp-content\/uploads\/2026\/03\/ES_Rodrigo-Rocher_Velvia_04.jpg?width=1024&#038;height=682\" alt=\"\" class=\"wp-image-353524\" srcset=\"https:\/\/fujifilm-x.b-cdn.net\/wp-content\/uploads\/2026\/03\/ES_Rodrigo-Rocher_Velvia_04.jpg?width=1024&amp;height=682 1024w, https:\/\/fujifilm-x.b-cdn.net\/wp-content\/uploads\/2026\/03\/ES_Rodrigo-Rocher_Velvia_04.jpg?width=300&amp;height=200 300w, https:\/\/fujifilm-x.b-cdn.net\/wp-content\/uploads\/2026\/03\/ES_Rodrigo-Rocher_Velvia_04.jpg?width=768&amp;height=512 768w, https:\/\/fujifilm-x.b-cdn.net\/wp-content\/uploads\/2026\/03\/ES_Rodrigo-Rocher_Velvia_04.jpg?width=400&amp;height=267 400w, https:\/\/fujifilm-x.b-cdn.net\/wp-content\/uploads\/2026\/03\/ES_Rodrigo-Rocher_Velvia_04.jpg?width=365&amp;height=243 365w, https:\/\/fujifilm-x.b-cdn.net\/wp-content\/uploads\/2026\/03\/ES_Rodrigo-Rocher_Velvia_04.jpg?width=600&amp;height=400 600w, https:\/\/fujifilm-x.b-cdn.net\/wp-content\/uploads\/2026\/03\/ES_Rodrigo-Rocher_Velvia_04.jpg?width=717&amp;height=478 717w, https:\/\/fujifilm-x.b-cdn.net\/wp-content\/uploads\/2026\/03\/ES_Rodrigo-Rocher_Velvia_04.jpg?width=936&amp;height=624 936w\" sizes=\"auto, (max-width: 1000px) 100vw, 1000px\" data-recalc-dims=\"1\" \/><\/figure>\n\n\n\n<figure class=\"wp-block-image size-large\"><img loading=\"lazy\" decoding=\"async\" width=\"1024\" height=\"682\" src=\"https:\/\/fujifilm-x.b-cdn.net\/wp-content\/uploads\/2026\/03\/ES_Rodrigo-Rocher_Velvia_05.jpg?width=1024&#038;height=682\" alt=\"\" class=\"wp-image-353525\" srcset=\"https:\/\/fujifilm-x.b-cdn.net\/wp-content\/uploads\/2026\/03\/ES_Rodrigo-Rocher_Velvia_05.jpg?width=1024&amp;height=682 1024w, https:\/\/fujifilm-x.b-cdn.net\/wp-content\/uploads\/2026\/03\/ES_Rodrigo-Rocher_Velvia_05.jpg?width=300&amp;height=200 300w, https:\/\/fujifilm-x.b-cdn.net\/wp-content\/uploads\/2026\/03\/ES_Rodrigo-Rocher_Velvia_05.jpg?width=768&amp;height=512 768w, https:\/\/fujifilm-x.b-cdn.net\/wp-content\/uploads\/2026\/03\/ES_Rodrigo-Rocher_Velvia_05.jpg?width=400&amp;height=267 400w, https:\/\/fujifilm-x.b-cdn.net\/wp-content\/uploads\/2026\/03\/ES_Rodrigo-Rocher_Velvia_05.jpg?width=365&amp;height=243 365w, https:\/\/fujifilm-x.b-cdn.net\/wp-content\/uploads\/2026\/03\/ES_Rodrigo-Rocher_Velvia_05.jpg?width=600&amp;height=400 600w, https:\/\/fujifilm-x.b-cdn.net\/wp-content\/uploads\/2026\/03\/ES_Rodrigo-Rocher_Velvia_05.jpg?width=717&amp;height=478 717w, https:\/\/fujifilm-x.b-cdn.net\/wp-content\/uploads\/2026\/03\/ES_Rodrigo-Rocher_Velvia_05.jpg?width=936&amp;height=624 936w\" sizes=\"auto, (max-width: 1000px) 100vw, 1000px\" data-recalc-dims=\"1\" \/><\/figure>\n\n\n\n<p>I shot like you would in a duel: without thinking too much, just feeling. As if the camera were an extension of the body. I used Velvia like someone playing an old song to remember.<br>Saturated colors, harsh contrasts, unapologetic intensity. With Velvia, I\u2019m not seeking truth, but its most exaggerated, wounded version. The world in Velvia looks like a movie set\u2026 but one that still breathes.<br>I walked the badlands and the false towns. The theme parks and the remnants of legendary shoots. And there it all was: the dust, the heat, the wind, the silence with a knife in it. The sets, half-defeated by the sun, still standing like old actors waiting for one last take. And me, behind the camera, I could almost see Leone crouched behind a corner, composing his final frame.<\/p>\n\n\n\n<figure class=\"wp-block-image size-large\"><img loading=\"lazy\" decoding=\"async\" width=\"1024\" height=\"682\" src=\"https:\/\/fujifilm-x.b-cdn.net\/wp-content\/uploads\/2026\/03\/ES_Rodrigo-Rocher_Velvia_06.jpg?width=1024&#038;height=682\" alt=\"\" class=\"wp-image-353526\" srcset=\"https:\/\/fujifilm-x.b-cdn.net\/wp-content\/uploads\/2026\/03\/ES_Rodrigo-Rocher_Velvia_06.jpg?width=1024&amp;height=682 1024w, https:\/\/fujifilm-x.b-cdn.net\/wp-content\/uploads\/2026\/03\/ES_Rodrigo-Rocher_Velvia_06.jpg?width=300&amp;height=200 300w, https:\/\/fujifilm-x.b-cdn.net\/wp-content\/uploads\/2026\/03\/ES_Rodrigo-Rocher_Velvia_06.jpg?width=768&amp;height=512 768w, https:\/\/fujifilm-x.b-cdn.net\/wp-content\/uploads\/2026\/03\/ES_Rodrigo-Rocher_Velvia_06.jpg?width=400&amp;height=267 400w, https:\/\/fujifilm-x.b-cdn.net\/wp-content\/uploads\/2026\/03\/ES_Rodrigo-Rocher_Velvia_06.jpg?width=365&amp;height=243 365w, https:\/\/fujifilm-x.b-cdn.net\/wp-content\/uploads\/2026\/03\/ES_Rodrigo-Rocher_Velvia_06.jpg?width=600&amp;height=400 600w, https:\/\/fujifilm-x.b-cdn.net\/wp-content\/uploads\/2026\/03\/ES_Rodrigo-Rocher_Velvia_06.jpg?width=717&amp;height=478 717w, https:\/\/fujifilm-x.b-cdn.net\/wp-content\/uploads\/2026\/03\/ES_Rodrigo-Rocher_Velvia_06.jpg?width=936&amp;height=624 936w\" sizes=\"auto, (max-width: 1000px) 100vw, 1000px\" data-recalc-dims=\"1\" \/><\/figure>\n\n\n\n<figure class=\"wp-block-image size-large\"><img loading=\"lazy\" decoding=\"async\" width=\"1024\" height=\"682\" src=\"https:\/\/fujifilm-x.b-cdn.net\/wp-content\/uploads\/2026\/03\/ES_Rodrigo-Rocher_Velvia_07.jpg?width=1024&#038;height=682\" alt=\"\" class=\"wp-image-353527\" srcset=\"https:\/\/fujifilm-x.b-cdn.net\/wp-content\/uploads\/2026\/03\/ES_Rodrigo-Rocher_Velvia_07.jpg?width=1024&amp;height=682 1024w, https:\/\/fujifilm-x.b-cdn.net\/wp-content\/uploads\/2026\/03\/ES_Rodrigo-Rocher_Velvia_07.jpg?width=300&amp;height=200 300w, https:\/\/fujifilm-x.b-cdn.net\/wp-content\/uploads\/2026\/03\/ES_Rodrigo-Rocher_Velvia_07.jpg?width=768&amp;height=512 768w, https:\/\/fujifilm-x.b-cdn.net\/wp-content\/uploads\/2026\/03\/ES_Rodrigo-Rocher_Velvia_07.jpg?width=400&amp;height=267 400w, https:\/\/fujifilm-x.b-cdn.net\/wp-content\/uploads\/2026\/03\/ES_Rodrigo-Rocher_Velvia_07.jpg?width=365&amp;height=243 365w, https:\/\/fujifilm-x.b-cdn.net\/wp-content\/uploads\/2026\/03\/ES_Rodrigo-Rocher_Velvia_07.jpg?width=600&amp;height=400 600w, https:\/\/fujifilm-x.b-cdn.net\/wp-content\/uploads\/2026\/03\/ES_Rodrigo-Rocher_Velvia_07.jpg?width=717&amp;height=478 717w, https:\/\/fujifilm-x.b-cdn.net\/wp-content\/uploads\/2026\/03\/ES_Rodrigo-Rocher_Velvia_07.jpg?width=936&amp;height=624 936w\" sizes=\"auto, (max-width: 1000px) 100vw, 1000px\" data-recalc-dims=\"1\" \/><\/figure>\n\n\n\n<p>This is a story told with light, sweat, dust, and color. It doesn\u2019t aim to be truth. Nor does it need to.<br>I didn\u2019t photograph the desert: I daydreamed it with my eyes open.<br>Because there are places that only exist when someone remembers them.<br>And if you look closely, you might still see, in the distance, Sergio Leone riding toward the last shot.<br>Thank you, maestro, for teaching us that silence can be framed, that epic fits in a glance, and that sometimes all you need is dust, light, and patience to tell a story that won\u2019t be forgotten.<br>This work, though imperfect, is for you.<\/p>\n\n\n\n<figure class=\"wp-block-image size-large\"><img loading=\"lazy\" decoding=\"async\" width=\"1024\" height=\"682\" src=\"https:\/\/fujifilm-x.b-cdn.net\/wp-content\/uploads\/2026\/03\/ES_Rodrigo-Rocher_Velvia_08.jpg?width=1024&#038;height=682\" alt=\"\" class=\"wp-image-353528\" srcset=\"https:\/\/fujifilm-x.b-cdn.net\/wp-content\/uploads\/2026\/03\/ES_Rodrigo-Rocher_Velvia_08.jpg?width=1024&amp;height=682 1024w, https:\/\/fujifilm-x.b-cdn.net\/wp-content\/uploads\/2026\/03\/ES_Rodrigo-Rocher_Velvia_08.jpg?width=300&amp;height=200 300w, https:\/\/fujifilm-x.b-cdn.net\/wp-content\/uploads\/2026\/03\/ES_Rodrigo-Rocher_Velvia_08.jpg?width=768&amp;height=512 768w, https:\/\/fujifilm-x.b-cdn.net\/wp-content\/uploads\/2026\/03\/ES_Rodrigo-Rocher_Velvia_08.jpg?width=400&amp;height=267 400w, https:\/\/fujifilm-x.b-cdn.net\/wp-content\/uploads\/2026\/03\/ES_Rodrigo-Rocher_Velvia_08.jpg?width=365&amp;height=243 365w, https:\/\/fujifilm-x.b-cdn.net\/wp-content\/uploads\/2026\/03\/ES_Rodrigo-Rocher_Velvia_08.jpg?width=600&amp;height=400 600w, https:\/\/fujifilm-x.b-cdn.net\/wp-content\/uploads\/2026\/03\/ES_Rodrigo-Rocher_Velvia_08.jpg?width=717&amp;height=478 717w, https:\/\/fujifilm-x.b-cdn.net\/wp-content\/uploads\/2026\/03\/ES_Rodrigo-Rocher_Velvia_08.jpg?width=936&amp;height=624 936w\" sizes=\"auto, (max-width: 1000px) 100vw, 1000px\" data-recalc-dims=\"1\" \/><\/figure>\n\n\n\n<figure class=\"wp-block-image size-large\"><img loading=\"lazy\" decoding=\"async\" width=\"1024\" height=\"682\" src=\"https:\/\/fujifilm-x.b-cdn.net\/wp-content\/uploads\/2026\/03\/ES_Rodrigo-Rocher_Velvia_09.jpg?width=1024&#038;height=682\" alt=\"\" class=\"wp-image-353529\" srcset=\"https:\/\/fujifilm-x.b-cdn.net\/wp-content\/uploads\/2026\/03\/ES_Rodrigo-Rocher_Velvia_09.jpg?width=1024&amp;height=682 1024w, https:\/\/fujifilm-x.b-cdn.net\/wp-content\/uploads\/2026\/03\/ES_Rodrigo-Rocher_Velvia_09.jpg?width=300&amp;height=200 300w, https:\/\/fujifilm-x.b-cdn.net\/wp-content\/uploads\/2026\/03\/ES_Rodrigo-Rocher_Velvia_09.jpg?width=768&amp;height=512 768w, https:\/\/fujifilm-x.b-cdn.net\/wp-content\/uploads\/2026\/03\/ES_Rodrigo-Rocher_Velvia_09.jpg?width=400&amp;height=267 400w, https:\/\/fujifilm-x.b-cdn.net\/wp-content\/uploads\/2026\/03\/ES_Rodrigo-Rocher_Velvia_09.jpg?width=365&amp;height=243 365w, https:\/\/fujifilm-x.b-cdn.net\/wp-content\/uploads\/2026\/03\/ES_Rodrigo-Rocher_Velvia_09.jpg?width=600&amp;height=400 600w, https:\/\/fujifilm-x.b-cdn.net\/wp-content\/uploads\/2026\/03\/ES_Rodrigo-Rocher_Velvia_09.jpg?width=717&amp;height=478 717w, https:\/\/fujifilm-x.b-cdn.net\/wp-content\/uploads\/2026\/03\/ES_Rodrigo-Rocher_Velvia_09.jpg?width=936&amp;height=624 936w\" sizes=\"auto, (max-width: 1000px) 100vw, 1000px\" data-recalc-dims=\"1\" \/><\/figure>\n\n\n\n<figure class=\"wp-block-image size-large\"><img loading=\"lazy\" decoding=\"async\" width=\"1024\" height=\"682\" src=\"https:\/\/fujifilm-x.b-cdn.net\/wp-content\/uploads\/2026\/03\/ES_Rodrigo-Rocher_Velvia_10.jpg?width=1024&#038;height=682\" alt=\"\" class=\"wp-image-353530\" srcset=\"https:\/\/fujifilm-x.b-cdn.net\/wp-content\/uploads\/2026\/03\/ES_Rodrigo-Rocher_Velvia_10.jpg?width=1024&amp;height=682 1024w, https:\/\/fujifilm-x.b-cdn.net\/wp-content\/uploads\/2026\/03\/ES_Rodrigo-Rocher_Velvia_10.jpg?width=300&amp;height=200 300w, https:\/\/fujifilm-x.b-cdn.net\/wp-content\/uploads\/2026\/03\/ES_Rodrigo-Rocher_Velvia_10.jpg?width=768&amp;height=512 768w, https:\/\/fujifilm-x.b-cdn.net\/wp-content\/uploads\/2026\/03\/ES_Rodrigo-Rocher_Velvia_10.jpg?width=400&amp;height=267 400w, https:\/\/fujifilm-x.b-cdn.net\/wp-content\/uploads\/2026\/03\/ES_Rodrigo-Rocher_Velvia_10.jpg?width=365&amp;height=243 365w, https:\/\/fujifilm-x.b-cdn.net\/wp-content\/uploads\/2026\/03\/ES_Rodrigo-Rocher_Velvia_10.jpg?width=600&amp;height=400 600w, https:\/\/fujifilm-x.b-cdn.net\/wp-content\/uploads\/2026\/03\/ES_Rodrigo-Rocher_Velvia_10.jpg?width=717&amp;height=478 717w, https:\/\/fujifilm-x.b-cdn.net\/wp-content\/uploads\/2026\/03\/ES_Rodrigo-Rocher_Velvia_10.jpg?width=936&amp;height=624 936w\" sizes=\"auto, (max-width: 1000px) 100vw, 1000px\" data-recalc-dims=\"1\" \/><\/figure>\n\n\n\n<p class=\"has-text-align-center\">&#8220;When you have to shoot, shoot. Don\u2019t talk.&#8221;<br>\u2014Tuco (Eli Wallach), The Good, the Bad and the Ugly, Sergio Leone, 1966.<br>\u00a9Rodrigo Roher, 2025<\/p>\n\n\n\n<p class=\"has-text-align-center\">*Ackknowledgements to MiniHollywood Oasys, Fort Bravo Texas Hollywood, Western Leone and the City of Tabernas (Almer\u00eda, Spain)<\/p>\n\n\n\n<h2 class=\"wp-block-heading\">FS RECIPE<\/h2>\n\n\n\n<p><strong>FILM SIMULATION :<\/strong> Velvia<br><strong>MONOCHROMATIC COLOR :<\/strong>N\/A<br><strong>GRAIN EFFECT : <\/strong>WEAK, SMALL<br><strong>COLOR CHROME EFFECT: <\/strong>WEAK<br><strong>COLOR CHROME FX BLUE: <\/strong>WEAK<br><strong>SMOOTH SKIN EFFECT :<\/strong> OFF<br><strong>WHITE BALANCE: <\/strong>DAYLIGHT\/ R +2, B -5<br><strong>DYNAMIC RANGE: <\/strong>DR100<br><strong>D RANGE PRIORITY: <\/strong>OFF<br><strong>TONE CURVE: <\/strong>H -2, S +3<br><strong>COLOR: <\/strong>+3<br><strong>SHARPNESS: <\/strong>0<br><strong>HIGH ISO NR: <\/strong>-3<br><strong>CLARITY: <\/strong>-4<\/p>\n","protected":false},"excerpt":{"rendered":"<p>I went to the desert with a foolish idea\u2015to look for a ghost. One that smells of celluloid, gunpowder, and frozen time.Since I was a child, Sergio Leone\u2019s cinema taught me how to look. His wide shots, his tense silences, his characters made of dust and scars. Especially \u201cThe Good, the Bad and the Ugly\u201d, [&hellip;]<\/p>\n","protected":false},"author":135,"featured_media":353531,"template":"","category":[2084,1006,1202,13607,1055,3211,3309,320,13922,3162,1986,565,13898,13899],"post_tag":[],"class_list":["post-353521","story","type-story","status-publish","has-post-thumbnail","hentry","category-be-inspired","category-cameras","category-category","category-film-simulation","category-lenses","category-x-series-mirrorless","category-x-mount-prime","category-products","category-velvia","category-x-mount","category-x-series","category-stories","category-x-e5","category-xf23mmf28-r-wr"],"pp_statuses_selecting_workflow":false,"pp_workflow_action":"current","pp_status_selection":"publish","acf":[],"publishpress_future_action":{"enabled":false,"date":"2026-05-10 12:13:16","action":"change-status","newStatus":"draft","terms":[],"taxonomy":"category","extraData":[]},"publishpress_future_workflow_manual_trigger":{"enabledWorkflows":[]},"_links":{"self":[{"href":"https:\/\/www.fujifilm-x.com\/pl-pl\/wp-json\/wp\/v2\/story\/353521","targetHints":{"allow":["GET"]}}],"collection":[{"href":"https:\/\/www.fujifilm-x.com\/pl-pl\/wp-json\/wp\/v2\/story"}],"about":[{"href":"https:\/\/www.fujifilm-x.com\/pl-pl\/wp-json\/wp\/v2\/types\/story"}],"author":[{"embeddable":true,"href":"https:\/\/www.fujifilm-x.com\/pl-pl\/wp-json\/wp\/v2\/users\/135"}],"wp:featuredmedia":[{"embeddable":true,"href":"https:\/\/www.fujifilm-x.com\/pl-pl\/wp-json\/wp\/v2\/media\/353531"}],"wp:attachment":[{"href":"https:\/\/www.fujifilm-x.com\/pl-pl\/wp-json\/wp\/v2\/media?parent=353521"}],"wp:term":[{"taxonomy":"category","embeddable":true,"href":"https:\/\/www.fujifilm-x.com\/pl-pl\/wp-json\/wp\/v2\/category?post=353521"},{"taxonomy":"post_tag","embeddable":true,"href":"https:\/\/www.fujifilm-x.com\/pl-pl\/wp-json\/wp\/v2\/post_tag?post=353521"}],"curies":[{"name":"wp","href":"https:\/\/api.w.org\/{rel}","templated":true}]}},{"id":353948,"date":"2026-03-31T05:00:00","date_gmt":"2026-03-31T05:00:00","guid":{"rendered":"https:\/\/www.fujifilm-x.com\/?post_type=story&#038;p=353948"},"modified":"2026-03-31T02:42:41","modified_gmt":"2026-03-31T02:42:41","slug":"behind-the-scenes-of-the-voice-france-using-gfx-eterna-55","status":"publish","type":"story","link":"https:\/\/www.fujifilm-x.com\/pl-pl\/stories\/behind-the-scenes-of-the-voice-france-using-gfx-eterna-55\/","title":{"rendered":"Behind the scenes of The Voice France using GFX ETERNA 55"},"content":{"rendered":"\n<div><div class=\"block-video-player\"><div class=\"max-w-[800px] m-auto w-full relative fade-up-parallax\"><div class=\"block-video-player__splash-img aspect-w-16 aspect-h-9 js-btn--modal-youtube\" data-id=\"IPLPRp1TL-k\"><img decoding=\"async\" src=\"https:\/\/fujifilm-x.b-cdn.net\/wp-content\/uploads\/2026\/03\/france-voice-youtube-thumb.jpg\" alt=\"france-voice-youtube-thumb\" loading=\"lazy\" data-recalc-dims=\"1\"\/><span class=\"play-button \"><\/span><\/div><\/div><div class=\"modal modal--youtube hidden\" data-id=\"IPLPRp1TL-k\"><div class=\"modal__content relative\"><button class=\"btn-modal-close\" data-id=\"IPLPRp1TL-k\"><span><\/span><span><\/span><\/button><figure class=\"wp-block-embed is-type-video is-provider-youtube wp-block-embed-youtube wp-embed-aspect-16-9 wp-has-aspect-ratio\"><div class=\"wp-block-embed__wrapper\"><div id=\"player-IPLPRp1TL-k\" data-id=\"IPLPRp1TL-k\" class=\"youtube-iframe\"><\/div><\/div><\/figure><\/div><\/div><\/div><\/div>\n","protected":false},"excerpt":{"rendered":"","protected":false},"author":8,"featured_media":353949,"template":"","category":[1006,1202,13909,13910,1937,320,2378,565],"post_tag":[],"class_list":["post-353948","story","type-story","status-publish","has-post-thumbnail","hentry","category-cameras","category-category","category-gfx-series-filmmaking-camera","category-gfx-eterna-55","category-gfx-series","category-products","category-shot-on-x","category-stories"],"pp_statuses_selecting_workflow":false,"pp_workflow_action":"current","pp_status_selection":"publish","acf":[],"publishpress_future_action":{"enabled":false,"date":"2026-05-10 12:13:16","action":"change-status","newStatus":"draft","terms":[],"taxonomy":"category","extraData":[]},"publishpress_future_workflow_manual_trigger":{"enabledWorkflows":[]},"_links":{"self":[{"href":"https:\/\/www.fujifilm-x.com\/pl-pl\/wp-json\/wp\/v2\/story\/353948","targetHints":{"allow":["GET"]}}],"collection":[{"href":"https:\/\/www.fujifilm-x.com\/pl-pl\/wp-json\/wp\/v2\/story"}],"about":[{"href":"https:\/\/www.fujifilm-x.com\/pl-pl\/wp-json\/wp\/v2\/types\/story"}],"author":[{"embeddable":true,"href":"https:\/\/www.fujifilm-x.com\/pl-pl\/wp-json\/wp\/v2\/users\/8"}],"wp:featuredmedia":[{"embeddable":true,"href":"https:\/\/www.fujifilm-x.com\/pl-pl\/wp-json\/wp\/v2\/media\/353949"}],"wp:attachment":[{"href":"https:\/\/www.fujifilm-x.com\/pl-pl\/wp-json\/wp\/v2\/media?parent=353948"}],"wp:term":[{"taxonomy":"category","embeddable":true,"href":"https:\/\/www.fujifilm-x.com\/pl-pl\/wp-json\/wp\/v2\/category?post=353948"},{"taxonomy":"post_tag","embeddable":true,"href":"https:\/\/www.fujifilm-x.com\/pl-pl\/wp-json\/wp\/v2\/post_tag?post=353948"}],"curies":[{"name":"wp","href":"https:\/\/api.w.org\/{rel}","templated":true}]}},{"id":353667,"date":"2026-03-27T06:00:00","date_gmt":"2026-03-27T06:00:00","guid":{"rendered":"https:\/\/www.fujifilm-x.com\/?post_type=story&#038;p=353667"},"modified":"2026-03-31T02:35:13","modified_gmt":"2026-03-31T02:35:13","slug":"bts-gfx-eterna-55-richard-gotze-x-visual-showcase-magna-eternal","status":"publish","type":"story","link":"https:\/\/www.fujifilm-x.com\/pl-pl\/stories\/bts-gfx-eterna-55-richard-gotze-x-visual-showcase-magna-eternal\/","title":{"rendered":"[BTS] GFX ETERNA 55: Richard G\u00f6tze x Visual showcase &#8220;MAGNA ETERNAL&#8221;"},"content":{"rendered":"\n<div><div class=\"block-video-player\"><div class=\"max-w-[800px] m-auto w-full relative fade-up-parallax\"><div class=\"block-video-player__splash-img aspect-w-16 aspect-h-9 js-btn--modal-youtube\" data-id=\"3URSSS6wW1w\"><img decoding=\"async\" src=\"https:\/\/fujifilm-x.b-cdn.net\/wp-content\/uploads\/2026\/03\/MAGNA-BTS-THUMNAIL-1-Richard-Goetze-scaled.png\" alt=\"MAGNA-BTS-THUMNAIL-1 Richard Goetze\" loading=\"lazy\" data-recalc-dims=\"1\"\/><span class=\"play-button \"><\/span><\/div><\/div><div class=\"modal modal--youtube hidden\" data-id=\"3URSSS6wW1w\"><div class=\"modal__content relative\"><button class=\"btn-modal-close\" data-id=\"3URSSS6wW1w\"><span><\/span><span><\/span><\/button><figure class=\"wp-block-embed is-type-video is-provider-youtube wp-block-embed-youtube wp-embed-aspect-16-9 wp-has-aspect-ratio\"><div class=\"wp-block-embed__wrapper\"><div id=\"player-3URSSS6wW1w\" data-id=\"3URSSS6wW1w\" class=\"youtube-iframe\"><\/div><\/div><\/figure><\/div><\/div><\/div><\/div>\n","protected":false},"excerpt":{"rendered":"","protected":false},"author":8,"featured_media":353668,"template":"","category":[1006,1202,13909,13910,1937,320,2378,565],"post_tag":[],"class_list":["post-353667","story","type-story","status-publish","has-post-thumbnail","hentry","category-cameras","category-category","category-gfx-series-filmmaking-camera","category-gfx-eterna-55","category-gfx-series","category-products","category-shot-on-x","category-stories"],"pp_statuses_selecting_workflow":false,"pp_workflow_action":"current","pp_status_selection":"publish","acf":[],"publishpress_future_action":{"enabled":false,"date":"2026-05-10 12:13:16","action":"change-status","newStatus":"draft","terms":[],"taxonomy":"category","extraData":[]},"publishpress_future_workflow_manual_trigger":{"enabledWorkflows":[]},"_links":{"self":[{"href":"https:\/\/www.fujifilm-x.com\/pl-pl\/wp-json\/wp\/v2\/story\/353667","targetHints":{"allow":["GET"]}}],"collection":[{"href":"https:\/\/www.fujifilm-x.com\/pl-pl\/wp-json\/wp\/v2\/story"}],"about":[{"href":"https:\/\/www.fujifilm-x.com\/pl-pl\/wp-json\/wp\/v2\/types\/story"}],"author":[{"embeddable":true,"href":"https:\/\/www.fujifilm-x.com\/pl-pl\/wp-json\/wp\/v2\/users\/8"}],"wp:featuredmedia":[{"embeddable":true,"href":"https:\/\/www.fujifilm-x.com\/pl-pl\/wp-json\/wp\/v2\/media\/353668"}],"wp:attachment":[{"href":"https:\/\/www.fujifilm-x.com\/pl-pl\/wp-json\/wp\/v2\/media?parent=353667"}],"wp:term":[{"taxonomy":"category","embeddable":true,"href":"https:\/\/www.fujifilm-x.com\/pl-pl\/wp-json\/wp\/v2\/category?post=353667"},{"taxonomy":"post_tag","embeddable":true,"href":"https:\/\/www.fujifilm-x.com\/pl-pl\/wp-json\/wp\/v2\/post_tag?post=353667"}],"curies":[{"name":"wp","href":"https:\/\/api.w.org\/{rel}","templated":true}]}},{"id":353665,"date":"2026-03-27T06:00:00","date_gmt":"2026-03-27T06:00:00","guid":{"rendered":"https:\/\/www.fujifilm-x.com\/?post_type=story&#038;p=353665"},"modified":"2026-03-27T02:22:55","modified_gmt":"2026-03-27T02:22:55","slug":"gfx-eterna-55-richard-gotze-x-visual-showcase-magna-eternal","status":"publish","type":"story","link":"https:\/\/www.fujifilm-x.com\/pl-pl\/stories\/gfx-eterna-55-richard-gotze-x-visual-showcase-magna-eternal\/","title":{"rendered":"GFX ETERNA 55: Richard G\u00f6tze x Visual showcase &#8220;MAGNA ETERNAL&#8221;"},"content":{"rendered":"\n<div><div class=\"block-video-player\"><div class=\"max-w-[800px] m-auto w-full relative fade-up-parallax\"><div class=\"block-video-player__splash-img aspect-w-16 aspect-h-9 js-btn--modal-youtube\" data-id=\"VfzrAON7ExU\"><img decoding=\"async\" src=\"https:\/\/fujifilm-x.b-cdn.net\/wp-content\/uploads\/2026\/03\/MAGNA-ETERNAL-THUMBNAIL-1-Richard-Goetze-scaled.png\" alt=\"MAGNA-ETERNAL-THUMBNAIL-1 Richard Goetze\" loading=\"lazy\" data-recalc-dims=\"1\"\/><span class=\"play-button \"><\/span><\/div><\/div><div class=\"modal modal--youtube hidden\" data-id=\"VfzrAON7ExU\"><div class=\"modal__content relative\"><button class=\"btn-modal-close\" data-id=\"VfzrAON7ExU\"><span><\/span><span><\/span><\/button><figure class=\"wp-block-embed is-type-video is-provider-youtube wp-block-embed-youtube wp-embed-aspect-16-9 wp-has-aspect-ratio\"><div class=\"wp-block-embed__wrapper\"><div id=\"player-VfzrAON7ExU\" data-id=\"VfzrAON7ExU\" class=\"youtube-iframe\"><\/div><\/div><\/figure><\/div><\/div><\/div><\/div>\n","protected":false},"excerpt":{"rendered":"","protected":false},"author":8,"featured_media":353666,"template":"","category":[1006,1202,13909,13910,1937,320,2378,565],"post_tag":[],"class_list":["post-353665","story","type-story","status-publish","has-post-thumbnail","hentry","category-cameras","category-category","category-gfx-series-filmmaking-camera","category-gfx-eterna-55","category-gfx-series","category-products","category-shot-on-x","category-stories"],"pp_statuses_selecting_workflow":false,"pp_workflow_action":"current","pp_status_selection":"publish","acf":[],"publishpress_future_action":{"enabled":false,"date":"2026-05-10 12:13:16","action":"change-status","newStatus":"draft","terms":[],"taxonomy":"category","extraData":[]},"publishpress_future_workflow_manual_trigger":{"enabledWorkflows":[]},"_links":{"self":[{"href":"https:\/\/www.fujifilm-x.com\/pl-pl\/wp-json\/wp\/v2\/story\/353665","targetHints":{"allow":["GET"]}}],"collection":[{"href":"https:\/\/www.fujifilm-x.com\/pl-pl\/wp-json\/wp\/v2\/story"}],"about":[{"href":"https:\/\/www.fujifilm-x.com\/pl-pl\/wp-json\/wp\/v2\/types\/story"}],"author":[{"embeddable":true,"href":"https:\/\/www.fujifilm-x.com\/pl-pl\/wp-json\/wp\/v2\/users\/8"}],"wp:featuredmedia":[{"embeddable":true,"href":"https:\/\/www.fujifilm-x.com\/pl-pl\/wp-json\/wp\/v2\/media\/353666"}],"wp:attachment":[{"href":"https:\/\/www.fujifilm-x.com\/pl-pl\/wp-json\/wp\/v2\/media?parent=353665"}],"wp:term":[{"taxonomy":"category","embeddable":true,"href":"https:\/\/www.fujifilm-x.com\/pl-pl\/wp-json\/wp\/v2\/category?post=353665"},{"taxonomy":"post_tag","embeddable":true,"href":"https:\/\/www.fujifilm-x.com\/pl-pl\/wp-json\/wp\/v2\/post_tag?post=353665"}],"curies":[{"name":"wp","href":"https:\/\/api.w.org\/{rel}","templated":true}]}},{"id":353386,"date":"2026-03-27T05:00:00","date_gmt":"2026-03-27T05:00:00","guid":{"rendered":"https:\/\/www.fujifilm-x.com\/?post_type=story&#038;p=353386"},"modified":"2026-03-27T05:33:49","modified_gmt":"2026-03-27T05:33:49","slug":"velvia-fs-recipe-x-keigo-suzuki","status":"publish","type":"story","link":"https:\/\/www.fujifilm-x.com\/pl-pl\/stories\/velvia-fs-recipe-x-keigo-suzuki\/","title":{"rendered":"Velvia FS RECIPE x Keigo Suzuki"},"content":{"rendered":"\n<p>When photographing Mount Fuji, I shoot about 80% of the time with Velvia.<br>Velvia&#8217;s color reproduction captures the hues of spring, summer, autumn, and winter, conveying the atmosphere of the moment\u2014be it freshness, crispness, or chill.<br>By selecting the appropriate FS RECIPE, Velvia can produce a wide range of expressions, from vivid yet gentle tones to dramatic impressions with a sense of three-dimensionality. The most frequently used FS RECIPE (Pattern \u2460) is a versatile FS RECIPE suitable for any situation when photographing Mount Fuji, from daytime to nighttime shooting.<\/p>\n\n\n\n<h2 class=\"wp-block-heading\">Photo\u2460<\/h2>\n\n\n\n<figure class=\"wp-block-image size-large\"><img loading=\"lazy\" decoding=\"async\" width=\"1024\" height=\"682\" src=\"https:\/\/fujifilm-x.b-cdn.net\/wp-content\/uploads\/2026\/03\/JP_Keigo-Suzuki_Stories_01.jpg?width=1024&#038;height=682\" alt=\"\" class=\"wp-image-353387\" srcset=\"https:\/\/fujifilm-x.b-cdn.net\/wp-content\/uploads\/2026\/03\/JP_Keigo-Suzuki_Stories_01.jpg?width=1024&amp;height=682 1024w, https:\/\/fujifilm-x.b-cdn.net\/wp-content\/uploads\/2026\/03\/JP_Keigo-Suzuki_Stories_01.jpg?width=300&amp;height=200 300w, https:\/\/fujifilm-x.b-cdn.net\/wp-content\/uploads\/2026\/03\/JP_Keigo-Suzuki_Stories_01.jpg?width=768&amp;height=512 768w, https:\/\/fujifilm-x.b-cdn.net\/wp-content\/uploads\/2026\/03\/JP_Keigo-Suzuki_Stories_01.jpg?width=400&amp;height=267 400w, https:\/\/fujifilm-x.b-cdn.net\/wp-content\/uploads\/2026\/03\/JP_Keigo-Suzuki_Stories_01.jpg?width=365&amp;height=243 365w, https:\/\/fujifilm-x.b-cdn.net\/wp-content\/uploads\/2026\/03\/JP_Keigo-Suzuki_Stories_01.jpg?width=600&amp;height=400 600w, https:\/\/fujifilm-x.b-cdn.net\/wp-content\/uploads\/2026\/03\/JP_Keigo-Suzuki_Stories_01.jpg?width=717&amp;height=478 717w, https:\/\/fujifilm-x.b-cdn.net\/wp-content\/uploads\/2026\/03\/JP_Keigo-Suzuki_Stories_01.jpg?width=936&amp;height=624 936w\" sizes=\"auto, (max-width: 1000px) 100vw, 1000px\" data-recalc-dims=\"1\" \/><\/figure>\n\n\n\n<h2 class=\"wp-block-heading\">Photo\u2461<\/h2>\n\n\n\n<figure class=\"wp-block-image size-large\"><img loading=\"lazy\" decoding=\"async\" width=\"682\" height=\"1024\" src=\"https:\/\/fujifilm-x.b-cdn.net\/wp-content\/uploads\/2026\/03\/JP_Keigo-Suzuki_Stories_02.jpg?width=682&#038;height=1024\" alt=\"\" class=\"wp-image-353388\" srcset=\"https:\/\/fujifilm-x.b-cdn.net\/wp-content\/uploads\/2026\/03\/JP_Keigo-Suzuki_Stories_02.jpg?width=682&amp;height=1024 682w, https:\/\/fujifilm-x.b-cdn.net\/wp-content\/uploads\/2026\/03\/JP_Keigo-Suzuki_Stories_02.jpg?width=200&amp;height=300 200w, https:\/\/fujifilm-x.b-cdn.net\/wp-content\/uploads\/2026\/03\/JP_Keigo-Suzuki_Stories_02.jpg?width=365&amp;height=548 365w, https:\/\/fujifilm-x.b-cdn.net\/wp-content\/uploads\/2026\/03\/JP_Keigo-Suzuki_Stories_02.jpg?width=600&amp;height=900 600w, https:\/\/fujifilm-x.b-cdn.net\/wp-content\/uploads\/2026\/03\/JP_Keigo-Suzuki_Stories_02.jpg?width=390&amp;height=585 390w, https:\/\/fujifilm-x.b-cdn.net\/wp-content\/uploads\/2026\/03\/JP_Keigo-Suzuki_Stories_02.jpg?width=480&amp;height=720 480w\" sizes=\"auto, (max-width: 682px) 100vw, 682px\" data-recalc-dims=\"1\" \/><\/figure>\n\n\n\n<p>Personally, I find that adjusting the SHADOWS and HIGHLIGHTS on the TONE CURVE to negative values and softening the black density helps convey the atmosphere of the scene more effectively. Additionally, increasing SHARPNESS (+1) and decreasing CLARITY (-1) makes the lines in the rendering feel more delicate.<\/p>\n\n\n\n<h2 class=\"wp-block-heading\">Photo\u2462<\/h2>\n\n\n\n<figure class=\"wp-block-image size-large\"><img loading=\"lazy\" decoding=\"async\" width=\"1024\" height=\"682\" src=\"https:\/\/fujifilm-x.b-cdn.net\/wp-content\/uploads\/2026\/03\/JP_Keigo-Suzuki_Stories_03.jpg?width=1024&#038;height=682\" alt=\"\" class=\"wp-image-353389\" srcset=\"https:\/\/fujifilm-x.b-cdn.net\/wp-content\/uploads\/2026\/03\/JP_Keigo-Suzuki_Stories_03.jpg?width=1024&amp;height=682 1024w, https:\/\/fujifilm-x.b-cdn.net\/wp-content\/uploads\/2026\/03\/JP_Keigo-Suzuki_Stories_03.jpg?width=300&amp;height=200 300w, https:\/\/fujifilm-x.b-cdn.net\/wp-content\/uploads\/2026\/03\/JP_Keigo-Suzuki_Stories_03.jpg?width=768&amp;height=512 768w, https:\/\/fujifilm-x.b-cdn.net\/wp-content\/uploads\/2026\/03\/JP_Keigo-Suzuki_Stories_03.jpg?width=400&amp;height=267 400w, https:\/\/fujifilm-x.b-cdn.net\/wp-content\/uploads\/2026\/03\/JP_Keigo-Suzuki_Stories_03.jpg?width=365&amp;height=243 365w, https:\/\/fujifilm-x.b-cdn.net\/wp-content\/uploads\/2026\/03\/JP_Keigo-Suzuki_Stories_03.jpg?width=600&amp;height=400 600w, https:\/\/fujifilm-x.b-cdn.net\/wp-content\/uploads\/2026\/03\/JP_Keigo-Suzuki_Stories_03.jpg?width=717&amp;height=478 717w, https:\/\/fujifilm-x.b-cdn.net\/wp-content\/uploads\/2026\/03\/JP_Keigo-Suzuki_Stories_03.jpg?width=936&amp;height=624 936w\" sizes=\"auto, (max-width: 1000px) 100vw, 1000px\" data-recalc-dims=\"1\" \/><\/figure>\n\n\n\n<h2 class=\"wp-block-heading\">Photo\u2463<\/h2>\n\n\n\n<figure class=\"wp-block-image size-large\"><img loading=\"lazy\" decoding=\"async\" width=\"682\" height=\"1024\" src=\"https:\/\/fujifilm-x.b-cdn.net\/wp-content\/uploads\/2026\/03\/JP_Keigo-Suzuki_Stories_04.jpg?width=682&#038;height=1024\" alt=\"\" class=\"wp-image-353390\" srcset=\"https:\/\/fujifilm-x.b-cdn.net\/wp-content\/uploads\/2026\/03\/JP_Keigo-Suzuki_Stories_04.jpg?width=682&amp;height=1024 682w, https:\/\/fujifilm-x.b-cdn.net\/wp-content\/uploads\/2026\/03\/JP_Keigo-Suzuki_Stories_04.jpg?width=200&amp;height=300 200w, https:\/\/fujifilm-x.b-cdn.net\/wp-content\/uploads\/2026\/03\/JP_Keigo-Suzuki_Stories_04.jpg?width=365&amp;height=548 365w, https:\/\/fujifilm-x.b-cdn.net\/wp-content\/uploads\/2026\/03\/JP_Keigo-Suzuki_Stories_04.jpg?width=600&amp;height=900 600w, https:\/\/fujifilm-x.b-cdn.net\/wp-content\/uploads\/2026\/03\/JP_Keigo-Suzuki_Stories_04.jpg?width=390&amp;height=585 390w, https:\/\/fujifilm-x.b-cdn.net\/wp-content\/uploads\/2026\/03\/JP_Keigo-Suzuki_Stories_04.jpg?width=480&amp;height=720 480w\" sizes=\"auto, (max-width: 682px) 100vw, 682px\" data-recalc-dims=\"1\" \/><\/figure>\n\n\n\n<h2 class=\"wp-block-heading\">Photo\u2464<\/h2>\n\n\n\n<figure class=\"wp-block-image size-large\"><img loading=\"lazy\" decoding=\"async\" width=\"682\" height=\"1024\" src=\"https:\/\/fujifilm-x.b-cdn.net\/wp-content\/uploads\/2026\/03\/JP_Keigo-Suzuki_Stories_05.jpg?width=682&#038;height=1024\" alt=\"\" class=\"wp-image-353391\" srcset=\"https:\/\/fujifilm-x.b-cdn.net\/wp-content\/uploads\/2026\/03\/JP_Keigo-Suzuki_Stories_05.jpg?width=682&amp;height=1024 682w, https:\/\/fujifilm-x.b-cdn.net\/wp-content\/uploads\/2026\/03\/JP_Keigo-Suzuki_Stories_05.jpg?width=200&amp;height=300 200w, https:\/\/fujifilm-x.b-cdn.net\/wp-content\/uploads\/2026\/03\/JP_Keigo-Suzuki_Stories_05.jpg?width=365&amp;height=548 365w, https:\/\/fujifilm-x.b-cdn.net\/wp-content\/uploads\/2026\/03\/JP_Keigo-Suzuki_Stories_05.jpg?width=600&amp;height=900 600w, https:\/\/fujifilm-x.b-cdn.net\/wp-content\/uploads\/2026\/03\/JP_Keigo-Suzuki_Stories_05.jpg?width=390&amp;height=585 390w, https:\/\/fujifilm-x.b-cdn.net\/wp-content\/uploads\/2026\/03\/JP_Keigo-Suzuki_Stories_05.jpg?width=480&amp;height=720 480w\" sizes=\"auto, (max-width: 682px) 100vw, 682px\" data-recalc-dims=\"1\" \/><\/figure>\n\n\n\n<p>COLOR CHROME FX BLUE is also frequently used. The reason is that the PL filters often employed for Mount Fuji photography exhibit uneven effects depending on the sun&#8217;s position, and when applied too strongly, they can look unpleasant. However, using COLOR CHROME FX BLUE allows for the expression of a smooth blue sky.<\/p>\n\n\n\n<h2 class=\"wp-block-heading\">Photo\u2465<\/h2>\n\n\n\n<figure class=\"wp-block-image size-large\"><img loading=\"lazy\" decoding=\"async\" width=\"1024\" height=\"682\" src=\"https:\/\/fujifilm-x.b-cdn.net\/wp-content\/uploads\/2026\/03\/JP_Keigo-Suzuki_Stories_06.jpg?width=1024&#038;height=682\" alt=\"\" class=\"wp-image-353394\" srcset=\"https:\/\/fujifilm-x.b-cdn.net\/wp-content\/uploads\/2026\/03\/JP_Keigo-Suzuki_Stories_06.jpg?width=1024&amp;height=682 1024w, https:\/\/fujifilm-x.b-cdn.net\/wp-content\/uploads\/2026\/03\/JP_Keigo-Suzuki_Stories_06.jpg?width=300&amp;height=200 300w, https:\/\/fujifilm-x.b-cdn.net\/wp-content\/uploads\/2026\/03\/JP_Keigo-Suzuki_Stories_06.jpg?width=768&amp;height=512 768w, https:\/\/fujifilm-x.b-cdn.net\/wp-content\/uploads\/2026\/03\/JP_Keigo-Suzuki_Stories_06.jpg?width=400&amp;height=267 400w, https:\/\/fujifilm-x.b-cdn.net\/wp-content\/uploads\/2026\/03\/JP_Keigo-Suzuki_Stories_06.jpg?width=365&amp;height=243 365w, https:\/\/fujifilm-x.b-cdn.net\/wp-content\/uploads\/2026\/03\/JP_Keigo-Suzuki_Stories_06.jpg?width=600&amp;height=400 600w, https:\/\/fujifilm-x.b-cdn.net\/wp-content\/uploads\/2026\/03\/JP_Keigo-Suzuki_Stories_06.jpg?width=717&amp;height=478 717w, https:\/\/fujifilm-x.b-cdn.net\/wp-content\/uploads\/2026\/03\/JP_Keigo-Suzuki_Stories_06.jpg?width=936&amp;height=624 936w\" sizes=\"auto, (max-width: 1000px) 100vw, 1000px\" data-recalc-dims=\"1\" \/><\/figure>\n\n\n\n<p>Photo\u2460~\u2465 FS RECIPE\u2460(Pattern\u2460)<br><strong>FILM SIMULATION:<\/strong>Velvia<br><strong>MONOCHROMATIC COLOR:<\/strong>N\/A<br><strong>GRAIN EFFECT:<\/strong>OFF<br><strong>COLOR CHROME EFFECT:<\/strong>WEAK<br><strong>COLOR CHROME FX BLUE:<\/strong>WEAK<br><strong>SMOOTH SKIN EFFECT:<\/strong>OFF<br><strong>WHITE BALANCE:<\/strong>DAYLIGHT<br><strong>DYNAMIC RANGE:<\/strong>DR100<br><strong>D RANGE PRIORITY:<\/strong>OFF<br><strong>TONE CURVE:<\/strong>S \u20132, H \u20131<br><strong>COLOR:<\/strong>+1<br><strong>SHARPNESS:<\/strong>+1<br><strong>HIGH ISO NR:<\/strong>OFF<br><strong>CLARITY:<\/strong>-1<\/p>\n\n\n\n<p>In contrast to the most frequently used FS RECIPE, the FS RECIPE for dramatic situations (Pattern \u2462) involves significantly boosting the SHADOWS on the TONE CURVE (+4) and reducing the COLOR (-1), which brings out the three-dimensionality of the clouds and the mountain surface, allowing for a more dramatic impression.<\/p>\n\n\n\n<h2 class=\"wp-block-heading\">Photo\u2466<\/h2>\n\n\n\n<figure class=\"wp-block-image size-large\"><img loading=\"lazy\" decoding=\"async\" width=\"1024\" height=\"682\" src=\"https:\/\/fujifilm-x.b-cdn.net\/wp-content\/uploads\/2026\/03\/JP_Keigo-Suzuki_Stories_08-1.jpg?width=1024&#038;height=682\" alt=\"\" class=\"wp-image-353398\" srcset=\"https:\/\/fujifilm-x.b-cdn.net\/wp-content\/uploads\/2026\/03\/JP_Keigo-Suzuki_Stories_08-1.jpg?width=1024&amp;height=682 1024w, https:\/\/fujifilm-x.b-cdn.net\/wp-content\/uploads\/2026\/03\/JP_Keigo-Suzuki_Stories_08-1.jpg?width=300&amp;height=200 300w, https:\/\/fujifilm-x.b-cdn.net\/wp-content\/uploads\/2026\/03\/JP_Keigo-Suzuki_Stories_08-1.jpg?width=768&amp;height=512 768w, https:\/\/fujifilm-x.b-cdn.net\/wp-content\/uploads\/2026\/03\/JP_Keigo-Suzuki_Stories_08-1.jpg?width=400&amp;height=267 400w, https:\/\/fujifilm-x.b-cdn.net\/wp-content\/uploads\/2026\/03\/JP_Keigo-Suzuki_Stories_08-1.jpg?width=365&amp;height=243 365w, https:\/\/fujifilm-x.b-cdn.net\/wp-content\/uploads\/2026\/03\/JP_Keigo-Suzuki_Stories_08-1.jpg?width=600&amp;height=400 600w, https:\/\/fujifilm-x.b-cdn.net\/wp-content\/uploads\/2026\/03\/JP_Keigo-Suzuki_Stories_08-1.jpg?width=717&amp;height=478 717w, https:\/\/fujifilm-x.b-cdn.net\/wp-content\/uploads\/2026\/03\/JP_Keigo-Suzuki_Stories_08-1.jpg?width=936&amp;height=624 936w\" sizes=\"auto, (max-width: 1000px) 100vw, 1000px\" data-recalc-dims=\"1\" \/><\/figure>\n\n\n\n<h2 class=\"wp-block-heading\">Photo\u2467<\/h2>\n\n\n\n<figure class=\"wp-block-image size-large\"><img loading=\"lazy\" decoding=\"async\" width=\"1024\" height=\"682\" src=\"https:\/\/fujifilm-x.b-cdn.net\/wp-content\/uploads\/2026\/03\/JP_Keigo-Suzuki_Stories_09.jpg?width=1024&#038;height=682\" alt=\"\" class=\"wp-image-353399\" srcset=\"https:\/\/fujifilm-x.b-cdn.net\/wp-content\/uploads\/2026\/03\/JP_Keigo-Suzuki_Stories_09.jpg?width=1024&amp;height=682 1024w, https:\/\/fujifilm-x.b-cdn.net\/wp-content\/uploads\/2026\/03\/JP_Keigo-Suzuki_Stories_09.jpg?width=300&amp;height=200 300w, https:\/\/fujifilm-x.b-cdn.net\/wp-content\/uploads\/2026\/03\/JP_Keigo-Suzuki_Stories_09.jpg?width=768&amp;height=512 768w, https:\/\/fujifilm-x.b-cdn.net\/wp-content\/uploads\/2026\/03\/JP_Keigo-Suzuki_Stories_09.jpg?width=400&amp;height=267 400w, https:\/\/fujifilm-x.b-cdn.net\/wp-content\/uploads\/2026\/03\/JP_Keigo-Suzuki_Stories_09.jpg?width=365&amp;height=243 365w, https:\/\/fujifilm-x.b-cdn.net\/wp-content\/uploads\/2026\/03\/JP_Keigo-Suzuki_Stories_09.jpg?width=600&amp;height=400 600w, https:\/\/fujifilm-x.b-cdn.net\/wp-content\/uploads\/2026\/03\/JP_Keigo-Suzuki_Stories_09.jpg?width=717&amp;height=478 717w, https:\/\/fujifilm-x.b-cdn.net\/wp-content\/uploads\/2026\/03\/JP_Keigo-Suzuki_Stories_09.jpg?width=936&amp;height=624 936w\" sizes=\"auto, (max-width: 1000px) 100vw, 1000px\" data-recalc-dims=\"1\" \/><\/figure>\n\n\n\n<p>Photo\u2466~\u2467FS RECIPE\u2461(Pattern\u2461)<br><strong>FILM SIMULATION:<\/strong>Velvia<br><strong>MONOCHROMATIC COLOR:<\/strong>N\/A<br><strong>GRAIN EFFECT:<\/strong>OFF<br><strong>COLOR CHROME EFFECT:<\/strong>OFF<br><strong>COLOR CHROME FX BLUE:<\/strong>OFF<br><strong>SMOOTH SKIN EFFECT:<\/strong>OFF<br><strong>WHITE BALANCE:<\/strong>DAYLIGHT<br><strong>DYNAMIC RANGE:<\/strong>DR100<br><strong>D RANGE PRIORITY:<\/strong>OFF<br><strong>TONE CURVE:<\/strong>S +4, H \u20131<br><strong>COLOR:<\/strong>1<br><strong>SHARPNESS:<\/strong>+2<br><strong>HIGH ISO NR:<\/strong>OFF<br><strong>CLARITY:<\/strong>+1<\/p>\n\n\n\n<p>When shooting dawn landscapes or sunrise skies, FS RECIPE (Pattern \u2461) often emphasizes the COLOR CHROME EFFECT. Using the COLOR CHROME EFFECT helps suppress color bleeding and beautifully express the gradation of colors in the stunning sky at dawn or sunrise. Adjusting the TONE CURVE by slightly boosting SHADOWS and HIGHLIGHTS creates a deep, rich sky and sunrise with excellent definition.<\/p>\n\n\n\n<h2 class=\"wp-block-heading\">Photo\u2468<\/h2>\n\n\n\n<figure class=\"wp-block-image size-large\"><img loading=\"lazy\" decoding=\"async\" width=\"1024\" height=\"682\" src=\"https:\/\/fujifilm-x.b-cdn.net\/wp-content\/uploads\/2026\/03\/JP_Keigo-Suzuki_Stories_11.jpg?width=1024&#038;height=682\" alt=\"\" class=\"wp-image-353400\" srcset=\"https:\/\/fujifilm-x.b-cdn.net\/wp-content\/uploads\/2026\/03\/JP_Keigo-Suzuki_Stories_11.jpg?width=1024&amp;height=682 1024w, https:\/\/fujifilm-x.b-cdn.net\/wp-content\/uploads\/2026\/03\/JP_Keigo-Suzuki_Stories_11.jpg?width=300&amp;height=200 300w, https:\/\/fujifilm-x.b-cdn.net\/wp-content\/uploads\/2026\/03\/JP_Keigo-Suzuki_Stories_11.jpg?width=768&amp;height=512 768w, https:\/\/fujifilm-x.b-cdn.net\/wp-content\/uploads\/2026\/03\/JP_Keigo-Suzuki_Stories_11.jpg?width=400&amp;height=267 400w, https:\/\/fujifilm-x.b-cdn.net\/wp-content\/uploads\/2026\/03\/JP_Keigo-Suzuki_Stories_11.jpg?width=365&amp;height=243 365w, https:\/\/fujifilm-x.b-cdn.net\/wp-content\/uploads\/2026\/03\/JP_Keigo-Suzuki_Stories_11.jpg?width=600&amp;height=400 600w, https:\/\/fujifilm-x.b-cdn.net\/wp-content\/uploads\/2026\/03\/JP_Keigo-Suzuki_Stories_11.jpg?width=717&amp;height=478 717w, https:\/\/fujifilm-x.b-cdn.net\/wp-content\/uploads\/2026\/03\/JP_Keigo-Suzuki_Stories_11.jpg?width=936&amp;height=624 936w\" sizes=\"auto, (max-width: 1000px) 100vw, 1000px\" data-recalc-dims=\"1\" \/><\/figure>\n\n\n\n<p>FS RECIPE\u2462(Pattern\u2462)<br><strong>FILM SIMULATION:<\/strong>Velvia<br><strong>MONOCHROMATIC COLOR:<\/strong>N\/A<br><strong>GRAIN EFFECT:<\/strong>OFF<br><strong>COLOR CHROME EFFECT:<\/strong>STRONG<br><strong>COLOR CHROME FX BLUE:<\/strong>WEAK<br><strong>SMOOTH SKIN EFFECT:<\/strong>OFF<br><strong>WHITE BALANCE:<\/strong>DAYLIGHT<br><strong>DYNAMIC RANGE:<\/strong>DR100<br><strong>D RANGE PRIORITY:<\/strong>OFF<br><strong>TONE CURVE:<\/strong>S +1, H +2<br><strong>COLOR:<\/strong>0<br><strong>SHARPNESS:<\/strong>-1<br><strong>HIGH ISO NR:<\/strong>OFF<br><strong>CLARITY:<\/strong>-1<\/p>\n\n\n\n<p>Since starting my career as a freelance photographer, I&#8217;ve begun capturing not only the form of Mount Fuji itself, but also the people living at its base and the culture and festivals associated with the mountain. I hope to continue photographing Mount Fuji from various perspectives going forward.<\/p>\n","protected":false},"excerpt":{"rendered":"<p>When photographing Mount Fuji, I shoot about 80% of the time with Velvia.Velvia&#8217;s color reproduction captures the hues of spring, summer, autumn, and winter, conveying the atmosphere of the moment\u2014be it freshness, crispness, or chill.By selecting the appropriate FS RECIPE, Velvia can produce a wide range of expressions, from vivid yet gentle tones to dramatic [&hellip;]<\/p>\n","protected":false},"author":135,"featured_media":353412,"template":"","category":[2084,1006,1202,13607,1055,3211,320,13922,3162,1986,565,13393,9238,13835,8993,3358],"post_tag":[],"class_list":["post-353386","story","type-story","status-publish","has-post-thumbnail","hentry","category-be-inspired","category-cameras","category-category","category-film-simulation","category-lenses","category-x-series-mirrorless","category-products","category-velvia","category-x-mount","category-x-series","category-stories","category-x-t50","category-xf150-600mmf5-6-8-r-lm-ois-wr","category-xf16-55mmf2-8-r-lm-wr-ii","category-xf8-16mmf28-r-lm-wr","category-zoom"],"pp_statuses_selecting_workflow":false,"pp_workflow_action":"current","pp_status_selection":"publish","acf":[],"publishpress_future_action":{"enabled":false,"date":"2026-05-10 12:13:16","action":"change-status","newStatus":"draft","terms":[],"taxonomy":"category","extraData":[]},"publishpress_future_workflow_manual_trigger":{"enabledWorkflows":[]},"_links":{"self":[{"href":"https:\/\/www.fujifilm-x.com\/pl-pl\/wp-json\/wp\/v2\/story\/353386","targetHints":{"allow":["GET"]}}],"collection":[{"href":"https:\/\/www.fujifilm-x.com\/pl-pl\/wp-json\/wp\/v2\/story"}],"about":[{"href":"https:\/\/www.fujifilm-x.com\/pl-pl\/wp-json\/wp\/v2\/types\/story"}],"author":[{"embeddable":true,"href":"https:\/\/www.fujifilm-x.com\/pl-pl\/wp-json\/wp\/v2\/users\/135"}],"wp:featuredmedia":[{"embeddable":true,"href":"https:\/\/www.fujifilm-x.com\/pl-pl\/wp-json\/wp\/v2\/media\/353412"}],"wp:attachment":[{"href":"https:\/\/www.fujifilm-x.com\/pl-pl\/wp-json\/wp\/v2\/media?parent=353386"}],"wp:term":[{"taxonomy":"category","embeddable":true,"href":"https:\/\/www.fujifilm-x.com\/pl-pl\/wp-json\/wp\/v2\/category?post=353386"},{"taxonomy":"post_tag","embeddable":true,"href":"https:\/\/www.fujifilm-x.com\/pl-pl\/wp-json\/wp\/v2\/post_tag?post=353386"}],"curies":[{"name":"wp","href":"https:\/\/api.w.org\/{rel}","templated":true}]}}]